{"id":204263,"date":"2019-10-23T18:30:39","date_gmt":"2019-10-23T21:30:39","guid":{"rendered":"http:\/\/www.agrund.com\/?p=204263"},"modified":"2019-10-23T18:53:44","modified_gmt":"2019-10-23T21:53:44","slug":"minas-trend-inverno-2020-a-feminilidade-de-lethicia-bronstein","status":"publish","type":"post","link":"https:\/\/agrund.com\/index.php\/minas-trend-inverno-2020-a-feminilidade-de-lethicia-bronstein\/","title":{"rendered":"Minas Trend Inverno 2020 :: A feminilidade de Lethicia Bronstein"},"content":{"rendered":"\n<p>Por Thay Sanqueta\u00a0<\/p>\n\n\n\n<p>Lethicia Bronstein foi a primeira a desfilar na 25\u00aa edi\u00e7\u00e3o da semana de moda mineira. A marca, que \u00e9 veterana no segmento de festa e noivas, fez sua estreia por aqui apresentando uma cole\u00e7\u00e3o feminina e sensual, com muitas transpar\u00eancias, corselet, barbatanas e micro-comprimentos. Isso sem esquecer alguns modelos mais casuais e looks de festa com direito a cauda e volume. <\/p>\n\n\n\n<p>A marca, que possui as rendas no DNA, trouxe outros tecidos para a passarela, como a seda e at\u00e9 mesmo o jeans, trabalhados em uma extensa cartela de cores, que na sua maioria trazia tons a\u00e7ucarados. <\/p>\n\n\n\n<p>A fluidez e o volume foram vistos durante todo o desfile, nos babados, mangas bufantes, drapeados, aplica\u00e7\u00f5es de flores e o famoso tule utilizado na moda festa. Al\u00e9m do brilho dos bordados, vimos muita luz nos tecidos acetinados e nas pe\u00e7as de micro lantejoulas.<\/p>\n\n\n\n<div class=\"wp-block-image\"><figure class=\"aligncenter\"><img data-attachment-id=\"204264\" data-permalink=\"https:\/\/agrund.com\/index.php\/minas-trend-inverno-2020-a-feminilidade-de-lethicia-bronstein\/lethicia-bronstein-minas-trend-inverno-2020foto-marcelo-soubhia-fotosite\/\" data-orig-file=\"https:\/\/i0.wp.com\/agrund.com\/wp-content\/uploads\/sites\/6\/2019\/10\/agrund-minas-trend-Lethicia-Bronstein.jpg?fit=600%2C900&amp;ssl=1\" data-orig-size=\"600,900\" data-comments-opened=\"1\" data-image-meta=\"{&quot;aperture&quot;:&quot;0&quot;,&quot;credit&quot;:&quot;Marcelo Soubhia\\\/Fotosite&quot;,&quot;camera&quot;:&quot;&quot;,&quot;caption&quot;:&quot;Lethicia Bronstein- Minas Trend Inverno 2020\\r\\rFoto: Marcelo Soubhia\\\/Fotosite&quot;,&quot;created_timestamp&quot;:&quot;1571793433&quot;,&quot;copyright&quot;:&quot;Agencia Fotosite&quot;,&quot;focal_length&quot;:&quot;0&quot;,&quot;iso&quot;:&quot;0&quot;,&quot;shutter_speed&quot;:&quot;0&quot;,&quot;title&quot;:&quot;Lethicia Bronstein- Minas Trend Inverno 2020\\r\\rFoto: Marcelo Soubhia\\\/Fotosite&quot;,&quot;orientation&quot;:&quot;1&quot;}\" data-image-title=\"Lethicia Bronstein- Minas Trend Inverno 2020\r\rFoto: Marcelo Soubhia\/Fotosite\" data-image-description=\"\" data-image-caption=\"&lt;p&gt;Lethicia Bronstein- Minas Trend Inverno 2020&lt;\/p&gt;\n&lt;p&gt;Foto: Marcelo Soubhia\/Fotosite&lt;\/p&gt;\n\" data-medium-file=\"https:\/\/i0.wp.com\/agrund.com\/wp-content\/uploads\/sites\/6\/2019\/10\/agrund-minas-trend-Lethicia-Bronstein.jpg?fit=200%2C300&amp;ssl=1\" data-large-file=\"https:\/\/i0.wp.com\/agrund.com\/wp-content\/uploads\/sites\/6\/2019\/10\/agrund-minas-trend-Lethicia-Bronstein.jpg?fit=600%2C900&amp;ssl=1\" decoding=\"async\" loading=\"lazy\" width=\"600\" height=\"900\" src=\"https:\/\/i0.wp.com\/www.agrund.com\/wp-content\/uploads\/sites\/6\/2019\/10\/agrund-minas-trend-Lethicia-Bronstein.jpg?resize=600%2C900&#038;ssl=1\" alt=\"\" class=\"wp-image-204264\" srcset=\"https:\/\/i0.wp.com\/agrund.com\/wp-content\/uploads\/sites\/6\/2019\/10\/agrund-minas-trend-Lethicia-Bronstein.jpg?w=600&amp;ssl=1 600w, https:\/\/i0.wp.com\/agrund.com\/wp-content\/uploads\/sites\/6\/2019\/10\/agrund-minas-trend-Lethicia-Bronstein.jpg?resize=200%2C300&amp;ssl=1 200w\" sizes=\"(max-width: 600px) 100vw, 600px\" data-recalc-dims=\"1\" \/><figcaption>Minas Trend Inverno 2020 :: A feminilidade de Lethicia Bronstein <\/figcaption><\/figure><\/div>\n\n\n\n<div class=\"wp-block-image\"><figure class=\"aligncenter\"><img data-attachment-id=\"204265\" data-permalink=\"https:\/\/agrund.com\/index.php\/minas-trend-inverno-2020-a-feminilidade-de-lethicia-bronstein\/lethicia-bronstein-minas-trend-inverno-2020foto-marcelo-soubhia-fotosite-2\/\" data-orig-file=\"https:\/\/i0.wp.com\/agrund.com\/wp-content\/uploads\/sites\/6\/2019\/10\/agrund-minas-trend-Lethicia-Bronstein-2.jpg?fit=600%2C900&amp;ssl=1\" data-orig-size=\"600,900\" data-comments-opened=\"1\" data-image-meta=\"{&quot;aperture&quot;:&quot;0&quot;,&quot;credit&quot;:&quot;Marcelo Soubhia\\\/Fotosite&quot;,&quot;camera&quot;:&quot;&quot;,&quot;caption&quot;:&quot;Lethicia Bronstein- Minas Trend Inverno 2020\\r\\rFoto: Marcelo Soubhia\\\/Fotosite&quot;,&quot;created_timestamp&quot;:&quot;1571793444&quot;,&quot;copyright&quot;:&quot;Agencia Fotosite&quot;,&quot;focal_length&quot;:&quot;0&quot;,&quot;iso&quot;:&quot;0&quot;,&quot;shutter_speed&quot;:&quot;0&quot;,&quot;title&quot;:&quot;Lethicia Bronstein- Minas Trend Inverno 2020\\r\\rFoto: Marcelo Soubhia\\\/Fotosite&quot;,&quot;orientation&quot;:&quot;1&quot;}\" data-image-title=\"Lethicia Bronstein- Minas Trend Inverno 2020\r\rFoto: Marcelo Soubhia\/Fotosite\" data-image-description=\"\" data-image-caption=\"&lt;p&gt;Lethicia Bronstein- Minas Trend Inverno 2020&lt;\/p&gt;\n&lt;p&gt;Foto: Marcelo Soubhia\/Fotosite&lt;\/p&gt;\n\" data-medium-file=\"https:\/\/i0.wp.com\/agrund.com\/wp-content\/uploads\/sites\/6\/2019\/10\/agrund-minas-trend-Lethicia-Bronstein-2.jpg?fit=200%2C300&amp;ssl=1\" data-large-file=\"https:\/\/i0.wp.com\/agrund.com\/wp-content\/uploads\/sites\/6\/2019\/10\/agrund-minas-trend-Lethicia-Bronstein-2.jpg?fit=600%2C900&amp;ssl=1\" decoding=\"async\" loading=\"lazy\" width=\"600\" height=\"900\" src=\"https:\/\/i0.wp.com\/www.agrund.com\/wp-content\/uploads\/sites\/6\/2019\/10\/agrund-minas-trend-Lethicia-Bronstein-2.jpg?resize=600%2C900&#038;ssl=1\" alt=\"\" class=\"wp-image-204265\" srcset=\"https:\/\/i0.wp.com\/agrund.com\/wp-content\/uploads\/sites\/6\/2019\/10\/agrund-minas-trend-Lethicia-Bronstein-2.jpg?w=600&amp;ssl=1 600w, https:\/\/i0.wp.com\/agrund.com\/wp-content\/uploads\/sites\/6\/2019\/10\/agrund-minas-trend-Lethicia-Bronstein-2.jpg?resize=200%2C300&amp;ssl=1 200w\" sizes=\"(max-width: 600px) 100vw, 600px\" data-recalc-dims=\"1\" \/><figcaption>Minas Trend Inverno 2020 :: A feminilidade de Lethicia Bronstein <\/figcaption><\/figure><\/div>\n\n\n\n<div class=\"wp-block-image\"><figure class=\"aligncenter\"><img data-attachment-id=\"204266\" data-permalink=\"https:\/\/agrund.com\/index.php\/minas-trend-inverno-2020-a-feminilidade-de-lethicia-bronstein\/lethicia-bronstein-minas-trend-inverno-2020foto-marcelo-soubhia-fotosite-3\/\" data-orig-file=\"https:\/\/i0.wp.com\/agrund.com\/wp-content\/uploads\/sites\/6\/2019\/10\/agrund-minas-trend-Lethicia-Bronstein-3.jpg?fit=600%2C900&amp;ssl=1\" data-orig-size=\"600,900\" data-comments-opened=\"1\" data-image-meta=\"{&quot;aperture&quot;:&quot;0&quot;,&quot;credit&quot;:&quot;Marcelo Soubhia\\\/Fotosite&quot;,&quot;camera&quot;:&quot;&quot;,&quot;caption&quot;:&quot;Lethicia Bronstein- Minas Trend Inverno 2020\\r\\rFoto: Marcelo Soubhia\\\/Fotosite&quot;,&quot;created_timestamp&quot;:&quot;1571793476&quot;,&quot;copyright&quot;:&quot;Agencia Fotosite&quot;,&quot;focal_length&quot;:&quot;0&quot;,&quot;iso&quot;:&quot;0&quot;,&quot;shutter_speed&quot;:&quot;0&quot;,&quot;title&quot;:&quot;Lethicia Bronstein- Minas Trend Inverno 2020\\r\\rFoto: Marcelo Soubhia\\\/Fotosite&quot;,&quot;orientation&quot;:&quot;1&quot;}\" data-image-title=\"Lethicia Bronstein- Minas Trend Inverno 2020\r\rFoto: Marcelo Soubhia\/Fotosite\" data-image-description=\"\" data-image-caption=\"&lt;p&gt;Lethicia Bronstein- Minas Trend Inverno 2020&lt;\/p&gt;\n&lt;p&gt;Foto: Marcelo Soubhia\/Fotosite&lt;\/p&gt;\n\" data-medium-file=\"https:\/\/i0.wp.com\/agrund.com\/wp-content\/uploads\/sites\/6\/2019\/10\/agrund-minas-trend-Lethicia-Bronstein-3.jpg?fit=200%2C300&amp;ssl=1\" data-large-file=\"https:\/\/i0.wp.com\/agrund.com\/wp-content\/uploads\/sites\/6\/2019\/10\/agrund-minas-trend-Lethicia-Bronstein-3.jpg?fit=600%2C900&amp;ssl=1\" decoding=\"async\" loading=\"lazy\" width=\"600\" height=\"900\" src=\"https:\/\/i0.wp.com\/www.agrund.com\/wp-content\/uploads\/sites\/6\/2019\/10\/agrund-minas-trend-Lethicia-Bronstein-3.jpg?resize=600%2C900&#038;ssl=1\" alt=\"\" class=\"wp-image-204266\" srcset=\"https:\/\/i0.wp.com\/agrund.com\/wp-content\/uploads\/sites\/6\/2019\/10\/agrund-minas-trend-Lethicia-Bronstein-3.jpg?w=600&amp;ssl=1 600w, https:\/\/i0.wp.com\/agrund.com\/wp-content\/uploads\/sites\/6\/2019\/10\/agrund-minas-trend-Lethicia-Bronstein-3.jpg?resize=200%2C300&amp;ssl=1 200w\" sizes=\"(max-width: 600px) 100vw, 600px\" data-recalc-dims=\"1\" \/><figcaption>Minas Trend Inverno 2020 :: A feminilidade de Lethicia Bronstein <\/figcaption><\/figure><\/div>\n\n\n\n<div class=\"wp-block-image\"><figure class=\"aligncenter\"><img data-attachment-id=\"204267\" data-permalink=\"https:\/\/agrund.com\/index.php\/minas-trend-inverno-2020-a-feminilidade-de-lethicia-bronstein\/lethicia-bronstein-minas-trend-inverno-2020foto-marcelo-soubhia-fotosite-4\/\" data-orig-file=\"https:\/\/i0.wp.com\/agrund.com\/wp-content\/uploads\/sites\/6\/2019\/10\/agrund-minas-trend-Lethicia-Bronstein-4.jpg?fit=600%2C900&amp;ssl=1\" data-orig-size=\"600,900\" data-comments-opened=\"1\" data-image-meta=\"{&quot;aperture&quot;:&quot;0&quot;,&quot;credit&quot;:&quot;Marcelo Soubhia\\\/Fotosite&quot;,&quot;camera&quot;:&quot;&quot;,&quot;caption&quot;:&quot;Lethicia Bronstein- Minas Trend Inverno 2020\\r\\rFoto: Marcelo Soubhia\\\/Fotosite&quot;,&quot;created_timestamp&quot;:&quot;1571793498&quot;,&quot;copyright&quot;:&quot;Agencia Fotosite&quot;,&quot;focal_length&quot;:&quot;0&quot;,&quot;iso&quot;:&quot;0&quot;,&quot;shutter_speed&quot;:&quot;0&quot;,&quot;title&quot;:&quot;Lethicia Bronstein- Minas Trend Inverno 2020\\r\\rFoto: Marcelo Soubhia\\\/Fotosite&quot;,&quot;orientation&quot;:&quot;1&quot;}\" data-image-title=\"Lethicia Bronstein- Minas Trend Inverno 2020\r\rFoto: Marcelo Soubhia\/Fotosite\" data-image-description=\"\" data-image-caption=\"&lt;p&gt;Lethicia Bronstein- Minas Trend Inverno 2020&lt;\/p&gt;\n&lt;p&gt;Foto: Marcelo Soubhia\/Fotosite&lt;\/p&gt;\n\" data-medium-file=\"https:\/\/i0.wp.com\/agrund.com\/wp-content\/uploads\/sites\/6\/2019\/10\/agrund-minas-trend-Lethicia-Bronstein-4.jpg?fit=200%2C300&amp;ssl=1\" data-large-file=\"https:\/\/i0.wp.com\/agrund.com\/wp-content\/uploads\/sites\/6\/2019\/10\/agrund-minas-trend-Lethicia-Bronstein-4.jpg?fit=600%2C900&amp;ssl=1\" decoding=\"async\" loading=\"lazy\" width=\"600\" height=\"900\" src=\"https:\/\/i0.wp.com\/www.agrund.com\/wp-content\/uploads\/sites\/6\/2019\/10\/agrund-minas-trend-Lethicia-Bronstein-4.jpg?resize=600%2C900&#038;ssl=1\" alt=\"\" class=\"wp-image-204267\" srcset=\"https:\/\/i0.wp.com\/agrund.com\/wp-content\/uploads\/sites\/6\/2019\/10\/agrund-minas-trend-Lethicia-Bronstein-4.jpg?w=600&amp;ssl=1 600w, https:\/\/i0.wp.com\/agrund.com\/wp-content\/uploads\/sites\/6\/2019\/10\/agrund-minas-trend-Lethicia-Bronstein-4.jpg?resize=200%2C300&amp;ssl=1 200w\" sizes=\"(max-width: 600px) 100vw, 600px\" data-recalc-dims=\"1\" \/><figcaption>Minas Trend Inverno 2020 :: A feminilidade de Lethicia Bronstein <\/figcaption><\/figure><\/div>\n\n\n\n<div class=\"wp-block-image\"><figure class=\"aligncenter\"><img data-attachment-id=\"204268\" data-permalink=\"https:\/\/agrund.com\/index.php\/minas-trend-inverno-2020-a-feminilidade-de-lethicia-bronstein\/lethicia-bronstein-minas-trend-inverno-2020foto-marcelo-soubhia-fotosite-5\/\" data-orig-file=\"https:\/\/i0.wp.com\/agrund.com\/wp-content\/uploads\/sites\/6\/2019\/10\/agrund-minas-trend-Lethicia-Bronstein-5.jpg?fit=600%2C900&amp;ssl=1\" data-orig-size=\"600,900\" data-comments-opened=\"1\" data-image-meta=\"{&quot;aperture&quot;:&quot;0&quot;,&quot;credit&quot;:&quot;Marcelo Soubhia\\\/Fotosite&quot;,&quot;camera&quot;:&quot;&quot;,&quot;caption&quot;:&quot;Lethicia Bronstein- Minas Trend Inverno 2020\\r\\rFoto: Marcelo Soubhia\\\/Fotosite&quot;,&quot;created_timestamp&quot;:&quot;1571793520&quot;,&quot;copyright&quot;:&quot;Agencia Fotosite&quot;,&quot;focal_length&quot;:&quot;0&quot;,&quot;iso&quot;:&quot;0&quot;,&quot;shutter_speed&quot;:&quot;0&quot;,&quot;title&quot;:&quot;Lethicia Bronstein- Minas Trend Inverno 2020\\r\\rFoto: Marcelo Soubhia\\\/Fotosite&quot;,&quot;orientation&quot;:&quot;1&quot;}\" data-image-title=\"Lethicia Bronstein- Minas Trend Inverno 2020\r\rFoto: Marcelo Soubhia\/Fotosite\" data-image-description=\"\" data-image-caption=\"&lt;p&gt;Lethicia Bronstein- Minas Trend Inverno 2020&lt;\/p&gt;\n&lt;p&gt;Foto: Marcelo Soubhia\/Fotosite&lt;\/p&gt;\n\" data-medium-file=\"https:\/\/i0.wp.com\/agrund.com\/wp-content\/uploads\/sites\/6\/2019\/10\/agrund-minas-trend-Lethicia-Bronstein-5.jpg?fit=200%2C300&amp;ssl=1\" data-large-file=\"https:\/\/i0.wp.com\/agrund.com\/wp-content\/uploads\/sites\/6\/2019\/10\/agrund-minas-trend-Lethicia-Bronstein-5.jpg?fit=600%2C900&amp;ssl=1\" decoding=\"async\" loading=\"lazy\" width=\"600\" height=\"900\" src=\"https:\/\/i0.wp.com\/www.agrund.com\/wp-content\/uploads\/sites\/6\/2019\/10\/agrund-minas-trend-Lethicia-Bronstein-5.jpg?resize=600%2C900&#038;ssl=1\" alt=\"\" class=\"wp-image-204268\" srcset=\"https:\/\/i0.wp.com\/agrund.com\/wp-content\/uploads\/sites\/6\/2019\/10\/agrund-minas-trend-Lethicia-Bronstein-5.jpg?w=600&amp;ssl=1 600w, https:\/\/i0.wp.com\/agrund.com\/wp-content\/uploads\/sites\/6\/2019\/10\/agrund-minas-trend-Lethicia-Bronstein-5.jpg?resize=200%2C300&amp;ssl=1 200w\" sizes=\"(max-width: 600px) 100vw, 600px\" data-recalc-dims=\"1\" \/><figcaption>Minas Trend Inverno 2020 :: A feminilidade de Lethicia Bronstein <\/figcaption><\/figure><\/div>\n\n\n\n<div class=\"wp-block-image\"><figure class=\"aligncenter\"><img data-attachment-id=\"204269\" data-permalink=\"https:\/\/agrund.com\/index.php\/minas-trend-inverno-2020-a-feminilidade-de-lethicia-bronstein\/lethicia-bronstein-minas-trend-inverno-2020foto-marcelo-soubhia-fotosite-6\/\" data-orig-file=\"https:\/\/i0.wp.com\/agrund.com\/wp-content\/uploads\/sites\/6\/2019\/10\/agrund-minas-trend-Lethicia-Bronstein-6.jpg?fit=600%2C900&amp;ssl=1\" data-orig-size=\"600,900\" data-comments-opened=\"1\" data-image-meta=\"{&quot;aperture&quot;:&quot;0&quot;,&quot;credit&quot;:&quot;Marcelo Soubhia\\\/Fotosite&quot;,&quot;camera&quot;:&quot;&quot;,&quot;caption&quot;:&quot;Lethicia Bronstein- Minas Trend Inverno 2020\\r\\rFoto: Marcelo Soubhia\\\/Fotosite&quot;,&quot;created_timestamp&quot;:&quot;1571793585&quot;,&quot;copyright&quot;:&quot;Agencia Fotosite&quot;,&quot;focal_length&quot;:&quot;0&quot;,&quot;iso&quot;:&quot;0&quot;,&quot;shutter_speed&quot;:&quot;0&quot;,&quot;title&quot;:&quot;Lethicia Bronstein- Minas Trend Inverno 2020\\r\\rFoto: Marcelo Soubhia\\\/Fotosite&quot;,&quot;orientation&quot;:&quot;1&quot;}\" data-image-title=\"Lethicia Bronstein- Minas Trend Inverno 2020\r\rFoto: Marcelo Soubhia\/Fotosite\" data-image-description=\"\" data-image-caption=\"&lt;p&gt;Lethicia Bronstein- Minas Trend Inverno 2020&lt;\/p&gt;\n&lt;p&gt;Foto: Marcelo Soubhia\/Fotosite&lt;\/p&gt;\n\" data-medium-file=\"https:\/\/i0.wp.com\/agrund.com\/wp-content\/uploads\/sites\/6\/2019\/10\/agrund-minas-trend-Lethicia-Bronstein-6.jpg?fit=200%2C300&amp;ssl=1\" data-large-file=\"https:\/\/i0.wp.com\/agrund.com\/wp-content\/uploads\/sites\/6\/2019\/10\/agrund-minas-trend-Lethicia-Bronstein-6.jpg?fit=600%2C900&amp;ssl=1\" decoding=\"async\" loading=\"lazy\" width=\"600\" height=\"900\" src=\"https:\/\/i0.wp.com\/www.agrund.com\/wp-content\/uploads\/sites\/6\/2019\/10\/agrund-minas-trend-Lethicia-Bronstein-6.jpg?resize=600%2C900&#038;ssl=1\" alt=\"\" class=\"wp-image-204269\" srcset=\"https:\/\/i0.wp.com\/agrund.com\/wp-content\/uploads\/sites\/6\/2019\/10\/agrund-minas-trend-Lethicia-Bronstein-6.jpg?w=600&amp;ssl=1 600w, https:\/\/i0.wp.com\/agrund.com\/wp-content\/uploads\/sites\/6\/2019\/10\/agrund-minas-trend-Lethicia-Bronstein-6.jpg?resize=200%2C300&amp;ssl=1 200w\" sizes=\"(max-width: 600px) 100vw, 600px\" data-recalc-dims=\"1\" \/><figcaption>Minas Trend Inverno 2020 :: A feminilidade de Lethicia Bronstein <\/figcaption><\/figure><\/div>\n\n\n\n<div class=\"wp-block-image\"><figure class=\"aligncenter\"><img data-attachment-id=\"204270\" data-permalink=\"https:\/\/agrund.com\/index.php\/minas-trend-inverno-2020-a-feminilidade-de-lethicia-bronstein\/lethicia-bronstein-minas-trend-inverno-2020foto-marcelo-soubhia-fotosite-7\/\" data-orig-file=\"https:\/\/i0.wp.com\/agrund.com\/wp-content\/uploads\/sites\/6\/2019\/10\/agrund-minas-trend-Lethicia-Bronstein-7.jpg?fit=600%2C900&amp;ssl=1\" data-orig-size=\"600,900\" data-comments-opened=\"1\" data-image-meta=\"{&quot;aperture&quot;:&quot;0&quot;,&quot;credit&quot;:&quot;Marcelo Soubhia\\\/Fotosite&quot;,&quot;camera&quot;:&quot;&quot;,&quot;caption&quot;:&quot;Lethicia Bronstein- Minas Trend Inverno 2020\\r\\rFoto: Marcelo Soubhia\\\/Fotosite&quot;,&quot;created_timestamp&quot;:&quot;1571793758&quot;,&quot;copyright&quot;:&quot;Agencia Fotosite&quot;,&quot;focal_length&quot;:&quot;0&quot;,&quot;iso&quot;:&quot;0&quot;,&quot;shutter_speed&quot;:&quot;0&quot;,&quot;title&quot;:&quot;Lethicia Bronstein- Minas Trend Inverno 2020\\r\\rFoto: Marcelo Soubhia\\\/Fotosite&quot;,&quot;orientation&quot;:&quot;1&quot;}\" data-image-title=\"Lethicia Bronstein- Minas Trend Inverno 2020\r\rFoto: Marcelo Soubhia\/Fotosite\" data-image-description=\"\" data-image-caption=\"&lt;p&gt;Lethicia Bronstein- Minas Trend Inverno 2020&lt;\/p&gt;\n&lt;p&gt;Foto: Marcelo Soubhia\/Fotosite&lt;\/p&gt;\n\" data-medium-file=\"https:\/\/i0.wp.com\/agrund.com\/wp-content\/uploads\/sites\/6\/2019\/10\/agrund-minas-trend-Lethicia-Bronstein-7.jpg?fit=200%2C300&amp;ssl=1\" data-large-file=\"https:\/\/i0.wp.com\/agrund.com\/wp-content\/uploads\/sites\/6\/2019\/10\/agrund-minas-trend-Lethicia-Bronstein-7.jpg?fit=600%2C900&amp;ssl=1\" decoding=\"async\" loading=\"lazy\" width=\"600\" height=\"900\" src=\"https:\/\/i0.wp.com\/www.agrund.com\/wp-content\/uploads\/sites\/6\/2019\/10\/agrund-minas-trend-Lethicia-Bronstein-7.jpg?resize=600%2C900&#038;ssl=1\" alt=\"\" class=\"wp-image-204270\" srcset=\"https:\/\/i0.wp.com\/agrund.com\/wp-content\/uploads\/sites\/6\/2019\/10\/agrund-minas-trend-Lethicia-Bronstein-7.jpg?w=600&amp;ssl=1 600w, https:\/\/i0.wp.com\/agrund.com\/wp-content\/uploads\/sites\/6\/2019\/10\/agrund-minas-trend-Lethicia-Bronstein-7.jpg?resize=200%2C300&amp;ssl=1 200w\" sizes=\"(max-width: 600px) 100vw, 600px\" data-recalc-dims=\"1\" \/><figcaption>Minas Trend Inverno 2020 :: A feminilidade de Lethicia Bronstein <\/figcaption><\/figure><\/div>\n\n\n\n<div class=\"wp-block-image\"><figure class=\"aligncenter\"><img data-attachment-id=\"204271\" data-permalink=\"https:\/\/agrund.com\/index.php\/minas-trend-inverno-2020-a-feminilidade-de-lethicia-bronstein\/lethicia-bronstein-minas-trend-inverno-2020foto-marcelo-soubhia-fotosite-8\/\" data-orig-file=\"https:\/\/i0.wp.com\/agrund.com\/wp-content\/uploads\/sites\/6\/2019\/10\/agrund-minas-trend-Lethicia-Bronstein-8.jpg?fit=600%2C900&amp;ssl=1\" data-orig-size=\"600,900\" data-comments-opened=\"1\" data-image-meta=\"{&quot;aperture&quot;:&quot;0&quot;,&quot;credit&quot;:&quot;Marcelo Soubhia\\\/Fotosite&quot;,&quot;camera&quot;:&quot;&quot;,&quot;caption&quot;:&quot;Lethicia Bronstein- Minas Trend Inverno 2020\\r\\rFoto: Marcelo Soubhia\\\/Fotosite&quot;,&quot;created_timestamp&quot;:&quot;1571793767&quot;,&quot;copyright&quot;:&quot;Agencia Fotosite&quot;,&quot;focal_length&quot;:&quot;0&quot;,&quot;iso&quot;:&quot;0&quot;,&quot;shutter_speed&quot;:&quot;0&quot;,&quot;title&quot;:&quot;Lethicia Bronstein- Minas Trend Inverno 2020\\r\\rFoto: Marcelo Soubhia\\\/Fotosite&quot;,&quot;orientation&quot;:&quot;1&quot;}\" data-image-title=\"Lethicia Bronstein- Minas Trend Inverno 2020\r\rFoto: Marcelo Soubhia\/Fotosite\" data-image-description=\"\" data-image-caption=\"&lt;p&gt;Lethicia Bronstein- Minas Trend Inverno 2020&lt;\/p&gt;\n&lt;p&gt;Foto: Marcelo Soubhia\/Fotosite&lt;\/p&gt;\n\" data-medium-file=\"https:\/\/i0.wp.com\/agrund.com\/wp-content\/uploads\/sites\/6\/2019\/10\/agrund-minas-trend-Lethicia-Bronstein-8.jpg?fit=200%2C300&amp;ssl=1\" data-large-file=\"https:\/\/i0.wp.com\/agrund.com\/wp-content\/uploads\/sites\/6\/2019\/10\/agrund-minas-trend-Lethicia-Bronstein-8.jpg?fit=600%2C900&amp;ssl=1\" decoding=\"async\" loading=\"lazy\" width=\"600\" height=\"900\" src=\"https:\/\/i0.wp.com\/www.agrund.com\/wp-content\/uploads\/sites\/6\/2019\/10\/agrund-minas-trend-Lethicia-Bronstein-8.jpg?resize=600%2C900&#038;ssl=1\" alt=\"\" class=\"wp-image-204271\" srcset=\"https:\/\/i0.wp.com\/agrund.com\/wp-content\/uploads\/sites\/6\/2019\/10\/agrund-minas-trend-Lethicia-Bronstein-8.jpg?w=600&amp;ssl=1 600w, https:\/\/i0.wp.com\/agrund.com\/wp-content\/uploads\/sites\/6\/2019\/10\/agrund-minas-trend-Lethicia-Bronstein-8.jpg?resize=200%2C300&amp;ssl=1 200w\" sizes=\"(max-width: 600px) 100vw, 600px\" data-recalc-dims=\"1\" \/><figcaption>Minas Trend Inverno 2020 :: A feminilidade de Lethicia Bronstein <\/figcaption><\/figure><\/div>\n\n\n\n<p>Fotos: Divulga\u00e7\u00e3o\/ Ag\u00eancia Fotosite. <\/p>\n","protected":false},"excerpt":{"rendered":"<p>Por Thay Sanqueta\u00a0 Lethicia Bronstein foi a primeira a desfilar na 25\u00aa edi\u00e7\u00e3o da semana de moda mineira. A marca, que \u00e9 veterana no segmento de festa e noivas, fez sua estreia por aqui apresentando uma cole\u00e7\u00e3o feminina e sensual, com muitas transpar\u00eancias, corselet, barbatanas e micro-comprimentos. Isso sem esquecer alguns modelos mais casuais e [&hellip;]<\/p>\n","protected":false},"author":8,"featured_media":204272,"comment_status":"open","ping_status":"open","sticky":false,"template":"","format":"standard","meta":{"jetpack_post_was_ever_published":false,"_jetpack_newsletter_access":"","jetpack_publicize_message":"","jetpack_is_tweetstorm":false,"jetpack_publicize_feature_enabled":true,"jetpack_social_post_already_shared":true,"jetpack_social_options":{"image_generator_settings":{"template":"highway","enabled":false}}},"categories":[9,2],"tags":[],"jetpack_publicize_connections":[],"jetpack_featured_media_url":"https:\/\/i0.wp.com\/agrund.com\/wp-content\/uploads\/sites\/6\/2019\/10\/s-181.jpg?fit=960%2C300&ssl=1","jetpack_sharing_enabled":true,"jetpack_shortlink":"https:\/\/wp.me\/p3Hz0n-R8z","jetpack_likes_enabled":true,"_links":{"self":[{"href":"https:\/\/agrund.com\/index.php\/wp-json\/wp\/v2\/posts\/204263"}],"collection":[{"href":"https:\/\/agrund.com\/index.php\/wp-json\/wp\/v2\/posts"}],"about":[{"href":"https:\/\/agrund.com\/index.php\/wp-json\/wp\/v2\/types\/post"}],"author":[{"embeddable":true,"href":"https:\/\/agrund.com\/index.php\/wp-json\/wp\/v2\/users\/8"}],"replies":[{"embeddable":true,"href":"https:\/\/agrund.com\/index.php\/wp-json\/wp\/v2\/comments?post=204263"}],"version-history":[{"count":1,"href":"https:\/\/agrund.com\/index.php\/wp-json\/wp\/v2\/posts\/204263\/revisions"}],"predecessor-version":[{"id":204273,"href":"https:\/\/agrund.com\/index.php\/wp-json\/wp\/v2\/posts\/204263\/revisions\/204273"}],"wp:featuredmedia":[{"embeddable":true,"href":"https:\/\/agrund.com\/index.php\/wp-json\/wp\/v2\/media\/204272"}],"wp:attachment":[{"href":"https:\/\/agrund.com\/index.php\/wp-json\/wp\/v2\/media?parent=204263"}],"wp:term":[{"taxonomy":"category","embeddable":true,"href":"https:\/\/agrund.com\/index.php\/wp-json\/wp\/v2\/categories?post=204263"},{"taxonomy":"post_tag","embeddable":true,"href":"https:\/\/agrund.com\/index.php\/wp-json\/wp\/v2\/tags?post=204263"}],"curies":[{"name":"wp","href":"https:\/\/api.w.org\/{rel}","templated":true}]}}