{"id":204248,"date":"2019-10-23T16:00:11","date_gmt":"2019-10-23T19:00:11","guid":{"rendered":"http:\/\/www.agrund.com\/?p=204248"},"modified":"2019-10-23T16:23:03","modified_gmt":"2019-10-23T19:23:03","slug":"minas-trend-inverno-2020-espetaculos-de-danca","status":"publish","type":"post","link":"https:\/\/agrund.com\/index.php\/minas-trend-inverno-2020-espetaculos-de-danca\/","title":{"rendered":"Minas Trend Inverno 2020 :: Espet\u00e1culos de dan\u00e7a"},"content":{"rendered":"\n<p>Por Rafaela Piovezani\u00a0<\/p>\n\n\n\n<p>Sempre buscando unir moda, sociedade e arte, o Minas Trend preparou uma programa\u00e7\u00e3o cultural super bacana para seus visitantes.\u00a0<\/p>\n\n\n\n<p>Durante esta semana, o corredores do evento se tornar\u00e3o palco de performances e apresenta\u00e7\u00f5es de dan\u00e7a.\u00a0<\/p>\n\n\n\n<p>Ontem (22) foi a vez de conferir um espet\u00e1culo de dan\u00e7a contempor\u00e2nea do Grupo Primeiro Ato, e hoje (23) teve o Espet\u00e1culo Trama, do Grupo Cisne Negro. Duas apresenta\u00e7\u00f5es que surpreenderam as pessoas que passavam pelo Minas Trend, j\u00e1 que tudo aconteceu bem pr\u00f3ximo a eles e fora de um palco, como estamos acostumados a ver.\u00a0<\/p>\n\n\n\n<p>Todo lugar \u00e9 lugar para a arte, n\u00e3o \u00e9 mesmo? A programa\u00e7\u00e3o completa pode ser conferida no <a href=\"http:\/\/www.minastrend.com.br\/\">AQUI<\/a> no site do evento.\u00a0<\/p>\n\n\n\n<div class=\"wp-block-image\"><figure class=\"aligncenter\"><img data-attachment-id=\"204249\" data-permalink=\"https:\/\/agrund.com\/index.php\/minas-trend-inverno-2020-espetaculos-de-danca\/6-17-3\/\" data-orig-file=\"https:\/\/i0.wp.com\/agrund.com\/wp-content\/uploads\/sites\/6\/2019\/10\/6-17.jpg?fit=550%2C689&amp;ssl=1\" data-orig-size=\"550,689\" data-comments-opened=\"1\" data-image-meta=\"{&quot;aperture&quot;:&quot;0&quot;,&quot;credit&quot;:&quot;&quot;,&quot;camera&quot;:&quot;&quot;,&quot;caption&quot;:&quot;&quot;,&quot;created_timestamp&quot;:&quot;0&quot;,&quot;copyright&quot;:&quot;&quot;,&quot;focal_length&quot;:&quot;0&quot;,&quot;iso&quot;:&quot;0&quot;,&quot;shutter_speed&quot;:&quot;0&quot;,&quot;title&quot;:&quot;&quot;,&quot;orientation&quot;:&quot;1&quot;}\" data-image-title=\"6-17\" data-image-description=\"\" data-image-caption=\"\" data-medium-file=\"https:\/\/i0.wp.com\/agrund.com\/wp-content\/uploads\/sites\/6\/2019\/10\/6-17.jpg?fit=239%2C300&amp;ssl=1\" data-large-file=\"https:\/\/i0.wp.com\/agrund.com\/wp-content\/uploads\/sites\/6\/2019\/10\/6-17.jpg?fit=550%2C689&amp;ssl=1\" decoding=\"async\" loading=\"lazy\" width=\"550\" height=\"689\" src=\"https:\/\/i0.wp.com\/www.agrund.com\/wp-content\/uploads\/sites\/6\/2019\/10\/6-17.jpg?resize=550%2C689&#038;ssl=1\" alt=\"\" class=\"wp-image-204249\" srcset=\"https:\/\/i0.wp.com\/agrund.com\/wp-content\/uploads\/sites\/6\/2019\/10\/6-17.jpg?w=550&amp;ssl=1 550w, https:\/\/i0.wp.com\/agrund.com\/wp-content\/uploads\/sites\/6\/2019\/10\/6-17.jpg?resize=239%2C300&amp;ssl=1 239w\" sizes=\"(max-width: 550px) 100vw, 550px\" data-recalc-dims=\"1\" \/><figcaption>Minas Trend Inverno 2020 :: Espet\u00e1culos de dan\u00e7a <\/figcaption><\/figure><\/div>\n\n\n\n<div class=\"wp-block-image\"><figure class=\"aligncenter\"><img data-attachment-id=\"204250\" data-permalink=\"https:\/\/agrund.com\/index.php\/minas-trend-inverno-2020-espetaculos-de-danca\/1-23-2\/\" data-orig-file=\"https:\/\/i0.wp.com\/agrund.com\/wp-content\/uploads\/sites\/6\/2019\/10\/1-23.jpg?fit=550%2C668&amp;ssl=1\" data-orig-size=\"550,668\" data-comments-opened=\"1\" data-image-meta=\"{&quot;aperture&quot;:&quot;0&quot;,&quot;credit&quot;:&quot;&quot;,&quot;camera&quot;:&quot;&quot;,&quot;caption&quot;:&quot;&quot;,&quot;created_timestamp&quot;:&quot;0&quot;,&quot;copyright&quot;:&quot;&quot;,&quot;focal_length&quot;:&quot;0&quot;,&quot;iso&quot;:&quot;0&quot;,&quot;shutter_speed&quot;:&quot;0&quot;,&quot;title&quot;:&quot;&quot;,&quot;orientation&quot;:&quot;1&quot;}\" data-image-title=\"1-23\" data-image-description=\"\" data-image-caption=\"\" data-medium-file=\"https:\/\/i0.wp.com\/agrund.com\/wp-content\/uploads\/sites\/6\/2019\/10\/1-23.jpg?fit=247%2C300&amp;ssl=1\" data-large-file=\"https:\/\/i0.wp.com\/agrund.com\/wp-content\/uploads\/sites\/6\/2019\/10\/1-23.jpg?fit=550%2C668&amp;ssl=1\" decoding=\"async\" loading=\"lazy\" width=\"550\" height=\"668\" src=\"https:\/\/i0.wp.com\/www.agrund.com\/wp-content\/uploads\/sites\/6\/2019\/10\/1-23.jpg?resize=550%2C668&#038;ssl=1\" alt=\"\" class=\"wp-image-204250\" srcset=\"https:\/\/i0.wp.com\/agrund.com\/wp-content\/uploads\/sites\/6\/2019\/10\/1-23.jpg?w=550&amp;ssl=1 550w, https:\/\/i0.wp.com\/agrund.com\/wp-content\/uploads\/sites\/6\/2019\/10\/1-23.jpg?resize=247%2C300&amp;ssl=1 247w\" sizes=\"(max-width: 550px) 100vw, 550px\" data-recalc-dims=\"1\" \/><figcaption>Minas Trend Inverno 2020 :: Espet\u00e1culos de dan\u00e7a <\/figcaption><\/figure><\/div>\n\n\n\n<div class=\"wp-block-image\"><figure class=\"aligncenter\"><img data-attachment-id=\"204251\" data-permalink=\"https:\/\/agrund.com\/index.php\/minas-trend-inverno-2020-espetaculos-de-danca\/2-22-2\/\" data-orig-file=\"https:\/\/i0.wp.com\/agrund.com\/wp-content\/uploads\/sites\/6\/2019\/10\/2-22.jpg?fit=550%2C668&amp;ssl=1\" data-orig-size=\"550,668\" data-comments-opened=\"1\" data-image-meta=\"{&quot;aperture&quot;:&quot;0&quot;,&quot;credit&quot;:&quot;&quot;,&quot;camera&quot;:&quot;&quot;,&quot;caption&quot;:&quot;&quot;,&quot;created_timestamp&quot;:&quot;0&quot;,&quot;copyright&quot;:&quot;&quot;,&quot;focal_length&quot;:&quot;0&quot;,&quot;iso&quot;:&quot;0&quot;,&quot;shutter_speed&quot;:&quot;0&quot;,&quot;title&quot;:&quot;&quot;,&quot;orientation&quot;:&quot;1&quot;}\" data-image-title=\"2-22\" data-image-description=\"\" data-image-caption=\"\" data-medium-file=\"https:\/\/i0.wp.com\/agrund.com\/wp-content\/uploads\/sites\/6\/2019\/10\/2-22.jpg?fit=247%2C300&amp;ssl=1\" data-large-file=\"https:\/\/i0.wp.com\/agrund.com\/wp-content\/uploads\/sites\/6\/2019\/10\/2-22.jpg?fit=550%2C668&amp;ssl=1\" decoding=\"async\" loading=\"lazy\" width=\"550\" height=\"668\" src=\"https:\/\/i0.wp.com\/www.agrund.com\/wp-content\/uploads\/sites\/6\/2019\/10\/2-22.jpg?resize=550%2C668&#038;ssl=1\" alt=\"\" class=\"wp-image-204251\" srcset=\"https:\/\/i0.wp.com\/agrund.com\/wp-content\/uploads\/sites\/6\/2019\/10\/2-22.jpg?w=550&amp;ssl=1 550w, https:\/\/i0.wp.com\/agrund.com\/wp-content\/uploads\/sites\/6\/2019\/10\/2-22.jpg?resize=247%2C300&amp;ssl=1 247w\" sizes=\"(max-width: 550px) 100vw, 550px\" data-recalc-dims=\"1\" \/><figcaption>Minas Trend Inverno 2020 :: Espet\u00e1culos de dan\u00e7a <\/figcaption><\/figure><\/div>\n\n\n\n<div class=\"wp-block-image\"><figure class=\"aligncenter\"><img data-attachment-id=\"204252\" data-permalink=\"https:\/\/agrund.com\/index.php\/minas-trend-inverno-2020-espetaculos-de-danca\/3-23-2\/\" data-orig-file=\"https:\/\/i0.wp.com\/agrund.com\/wp-content\/uploads\/sites\/6\/2019\/10\/3-23.jpg?fit=550%2C693&amp;ssl=1\" data-orig-size=\"550,693\" data-comments-opened=\"1\" data-image-meta=\"{&quot;aperture&quot;:&quot;0&quot;,&quot;credit&quot;:&quot;&quot;,&quot;camera&quot;:&quot;&quot;,&quot;caption&quot;:&quot;&quot;,&quot;created_timestamp&quot;:&quot;0&quot;,&quot;copyright&quot;:&quot;&quot;,&quot;focal_length&quot;:&quot;0&quot;,&quot;iso&quot;:&quot;0&quot;,&quot;shutter_speed&quot;:&quot;0&quot;,&quot;title&quot;:&quot;&quot;,&quot;orientation&quot;:&quot;1&quot;}\" data-image-title=\"3-23\" data-image-description=\"\" data-image-caption=\"\" data-medium-file=\"https:\/\/i0.wp.com\/agrund.com\/wp-content\/uploads\/sites\/6\/2019\/10\/3-23.jpg?fit=238%2C300&amp;ssl=1\" data-large-file=\"https:\/\/i0.wp.com\/agrund.com\/wp-content\/uploads\/sites\/6\/2019\/10\/3-23.jpg?fit=550%2C693&amp;ssl=1\" decoding=\"async\" loading=\"lazy\" width=\"550\" height=\"693\" src=\"https:\/\/i0.wp.com\/www.agrund.com\/wp-content\/uploads\/sites\/6\/2019\/10\/3-23.jpg?resize=550%2C693&#038;ssl=1\" alt=\"\" class=\"wp-image-204252\" srcset=\"https:\/\/i0.wp.com\/agrund.com\/wp-content\/uploads\/sites\/6\/2019\/10\/3-23.jpg?w=550&amp;ssl=1 550w, https:\/\/i0.wp.com\/agrund.com\/wp-content\/uploads\/sites\/6\/2019\/10\/3-23.jpg?resize=238%2C300&amp;ssl=1 238w\" sizes=\"(max-width: 550px) 100vw, 550px\" data-recalc-dims=\"1\" \/><figcaption>Minas Trend Inverno 2020 :: Espet\u00e1culos de dan\u00e7a <\/figcaption><\/figure><\/div>\n\n\n\n<div class=\"wp-block-image\"><figure class=\"aligncenter\"><img data-attachment-id=\"204253\" data-permalink=\"https:\/\/agrund.com\/index.php\/minas-trend-inverno-2020-espetaculos-de-danca\/5-21-2\/\" data-orig-file=\"https:\/\/i0.wp.com\/agrund.com\/wp-content\/uploads\/sites\/6\/2019\/10\/5-21.jpg?fit=550%2C671&amp;ssl=1\" data-orig-size=\"550,671\" data-comments-opened=\"1\" data-image-meta=\"{&quot;aperture&quot;:&quot;0&quot;,&quot;credit&quot;:&quot;&quot;,&quot;camera&quot;:&quot;&quot;,&quot;caption&quot;:&quot;&quot;,&quot;created_timestamp&quot;:&quot;0&quot;,&quot;copyright&quot;:&quot;&quot;,&quot;focal_length&quot;:&quot;0&quot;,&quot;iso&quot;:&quot;0&quot;,&quot;shutter_speed&quot;:&quot;0&quot;,&quot;title&quot;:&quot;&quot;,&quot;orientation&quot;:&quot;1&quot;}\" data-image-title=\"5-21\" data-image-description=\"\" data-image-caption=\"\" data-medium-file=\"https:\/\/i0.wp.com\/agrund.com\/wp-content\/uploads\/sites\/6\/2019\/10\/5-21.jpg?fit=246%2C300&amp;ssl=1\" data-large-file=\"https:\/\/i0.wp.com\/agrund.com\/wp-content\/uploads\/sites\/6\/2019\/10\/5-21.jpg?fit=550%2C671&amp;ssl=1\" decoding=\"async\" loading=\"lazy\" width=\"550\" height=\"671\" src=\"https:\/\/i0.wp.com\/www.agrund.com\/wp-content\/uploads\/sites\/6\/2019\/10\/5-21.jpg?resize=550%2C671&#038;ssl=1\" alt=\"\" class=\"wp-image-204253\" srcset=\"https:\/\/i0.wp.com\/agrund.com\/wp-content\/uploads\/sites\/6\/2019\/10\/5-21.jpg?w=550&amp;ssl=1 550w, https:\/\/i0.wp.com\/agrund.com\/wp-content\/uploads\/sites\/6\/2019\/10\/5-21.jpg?resize=246%2C300&amp;ssl=1 246w\" sizes=\"(max-width: 550px) 100vw, 550px\" data-recalc-dims=\"1\" \/><figcaption>Minas Trend Inverno 2020 :: Espet\u00e1culos de dan\u00e7a <\/figcaption><\/figure><\/div>\n\n\n\n<div class=\"wp-block-image\"><figure class=\"aligncenter\"><img data-attachment-id=\"204254\" data-permalink=\"https:\/\/agrund.com\/index.php\/minas-trend-inverno-2020-espetaculos-de-danca\/4-21-2\/\" data-orig-file=\"https:\/\/i0.wp.com\/agrund.com\/wp-content\/uploads\/sites\/6\/2019\/10\/4-21.jpg?fit=550%2C692&amp;ssl=1\" data-orig-size=\"550,692\" data-comments-opened=\"1\" data-image-meta=\"{&quot;aperture&quot;:&quot;0&quot;,&quot;credit&quot;:&quot;&quot;,&quot;camera&quot;:&quot;&quot;,&quot;caption&quot;:&quot;&quot;,&quot;created_timestamp&quot;:&quot;0&quot;,&quot;copyright&quot;:&quot;&quot;,&quot;focal_length&quot;:&quot;0&quot;,&quot;iso&quot;:&quot;0&quot;,&quot;shutter_speed&quot;:&quot;0&quot;,&quot;title&quot;:&quot;&quot;,&quot;orientation&quot;:&quot;1&quot;}\" data-image-title=\"4-21\" data-image-description=\"\" data-image-caption=\"\" data-medium-file=\"https:\/\/i0.wp.com\/agrund.com\/wp-content\/uploads\/sites\/6\/2019\/10\/4-21.jpg?fit=238%2C300&amp;ssl=1\" data-large-file=\"https:\/\/i0.wp.com\/agrund.com\/wp-content\/uploads\/sites\/6\/2019\/10\/4-21.jpg?fit=550%2C692&amp;ssl=1\" decoding=\"async\" loading=\"lazy\" width=\"550\" height=\"692\" src=\"https:\/\/i0.wp.com\/www.agrund.com\/wp-content\/uploads\/sites\/6\/2019\/10\/4-21.jpg?resize=550%2C692&#038;ssl=1\" alt=\"\" class=\"wp-image-204254\" srcset=\"https:\/\/i0.wp.com\/agrund.com\/wp-content\/uploads\/sites\/6\/2019\/10\/4-21.jpg?w=550&amp;ssl=1 550w, https:\/\/i0.wp.com\/agrund.com\/wp-content\/uploads\/sites\/6\/2019\/10\/4-21.jpg?resize=238%2C300&amp;ssl=1 238w\" sizes=\"(max-width: 550px) 100vw, 550px\" data-recalc-dims=\"1\" \/><figcaption>Minas Trend Inverno 2020 :: Espet\u00e1culos de dan\u00e7a <\/figcaption><\/figure><\/div>\n\n\n\n<p>Fotos: Reprodu\u00e7\u00e3o\/ Instagram Minas Trend. <\/p>\n","protected":false},"excerpt":{"rendered":"<p>Por Rafaela Piovezani\u00a0 Sempre buscando unir moda, sociedade e arte, o Minas Trend preparou uma programa\u00e7\u00e3o cultural super bacana para seus visitantes.\u00a0 Durante esta semana, o corredores do evento se tornar\u00e3o palco de performances e apresenta\u00e7\u00f5es de dan\u00e7a.\u00a0 Ontem (22) foi a vez de conferir um espet\u00e1culo de dan\u00e7a contempor\u00e2nea do Grupo Primeiro Ato, e [&hellip;]<\/p>\n","protected":false},"author":8,"featured_media":204255,"comment_status":"open","ping_status":"open","sticky":false,"template":"","format":"standard","meta":{"jetpack_post_was_ever_published":false,"_jetpack_newsletter_access":"","jetpack_publicize_message":"","jetpack_is_tweetstorm":false,"jetpack_publicize_feature_enabled":true,"jetpack_social_post_already_shared":true,"jetpack_social_options":{"image_generator_settings":{"template":"highway","enabled":false}}},"categories":[2],"tags":[],"jetpack_publicize_connections":[],"jetpack_featured_media_url":"https:\/\/i0.wp.com\/agrund.com\/wp-content\/uploads\/sites\/6\/2019\/10\/s-179.jpg?fit=960%2C300&ssl=1","jetpack_sharing_enabled":true,"jetpack_shortlink":"https:\/\/wp.me\/p3Hz0n-R8k","jetpack_likes_enabled":true,"_links":{"self":[{"href":"https:\/\/agrund.com\/index.php\/wp-json\/wp\/v2\/posts\/204248"}],"collection":[{"href":"https:\/\/agrund.com\/index.php\/wp-json\/wp\/v2\/posts"}],"about":[{"href":"https:\/\/agrund.com\/index.php\/wp-json\/wp\/v2\/types\/post"}],"author":[{"embeddable":true,"href":"https:\/\/agrund.com\/index.php\/wp-json\/wp\/v2\/users\/8"}],"replies":[{"embeddable":true,"href":"https:\/\/agrund.com\/index.php\/wp-json\/wp\/v2\/comments?post=204248"}],"version-history":[{"count":1,"href":"https:\/\/agrund.com\/index.php\/wp-json\/wp\/v2\/posts\/204248\/revisions"}],"predecessor-version":[{"id":204256,"href":"https:\/\/agrund.com\/index.php\/wp-json\/wp\/v2\/posts\/204248\/revisions\/204256"}],"wp:featuredmedia":[{"embeddable":true,"href":"https:\/\/agrund.com\/index.php\/wp-json\/wp\/v2\/media\/204255"}],"wp:attachment":[{"href":"https:\/\/agrund.com\/index.php\/wp-json\/wp\/v2\/media?parent=204248"}],"wp:term":[{"taxonomy":"category","embeddable":true,"href":"https:\/\/agrund.com\/index.php\/wp-json\/wp\/v2\/categories?post=204248"},{"taxonomy":"post_tag","embeddable":true,"href":"https:\/\/agrund.com\/index.php\/wp-json\/wp\/v2\/tags?post=204248"}],"curies":[{"name":"wp","href":"https:\/\/api.w.org\/{rel}","templated":true}]}}