{"id":204212,"date":"2019-10-22T21:00:11","date_gmt":"2019-10-23T00:00:11","guid":{"rendered":"http:\/\/www.agrund.com\/?p=204212"},"modified":"2019-10-22T20:45:40","modified_gmt":"2019-10-22T23:45:40","slug":"minas-trend-inverno-2020-a-beleza-dos-desfiles","status":"publish","type":"post","link":"https:\/\/agrund.com\/index.php\/minas-trend-inverno-2020-a-beleza-dos-desfiles\/","title":{"rendered":"Minas Trend Inverno 2020 :: A beleza dos desfiles"},"content":{"rendered":"\n<p>Por Lel\u00ea Santhana\u00a0<\/p>\n\n\n\n<p>O primeiro dia de Minas Trend termina com os desfiles de Anne est Folle e Lethicia Bronstein, que acontecem j\u00e1 j\u00e1. Entramos no backstage e conferimos de perto um pouco da beleza que estar\u00e1 na passarela daqui a alguns minutos. Confira:<\/p>\n\n\n\n<div class=\"wp-block-image\"><figure class=\"aligncenter\"><img data-attachment-id=\"204213\" data-permalink=\"https:\/\/agrund.com\/index.php\/minas-trend-inverno-2020-a-beleza-dos-desfiles\/agrund-minas-trend-beleza-2\/\" data-orig-file=\"https:\/\/i0.wp.com\/agrund.com\/wp-content\/uploads\/sites\/6\/2019\/10\/agrund-minas-trend-beleza-2.jpg?fit=600%2C450&amp;ssl=1\" data-orig-size=\"600,450\" data-comments-opened=\"1\" data-image-meta=\"{&quot;aperture&quot;:&quot;0&quot;,&quot;credit&quot;:&quot;&quot;,&quot;camera&quot;:&quot;&quot;,&quot;caption&quot;:&quot;&quot;,&quot;created_timestamp&quot;:&quot;0&quot;,&quot;copyright&quot;:&quot;&quot;,&quot;focal_length&quot;:&quot;0&quot;,&quot;iso&quot;:&quot;0&quot;,&quot;shutter_speed&quot;:&quot;0&quot;,&quot;title&quot;:&quot;&quot;,&quot;orientation&quot;:&quot;1&quot;}\" data-image-title=\"agrund-minas-trend-beleza-2\" data-image-description=\"\" data-image-caption=\"\" data-medium-file=\"https:\/\/i0.wp.com\/agrund.com\/wp-content\/uploads\/sites\/6\/2019\/10\/agrund-minas-trend-beleza-2.jpg?fit=300%2C225&amp;ssl=1\" data-large-file=\"https:\/\/i0.wp.com\/agrund.com\/wp-content\/uploads\/sites\/6\/2019\/10\/agrund-minas-trend-beleza-2.jpg?fit=600%2C450&amp;ssl=1\" decoding=\"async\" loading=\"lazy\" width=\"600\" height=\"450\" src=\"https:\/\/i0.wp.com\/www.agrund.com\/wp-content\/uploads\/sites\/6\/2019\/10\/agrund-minas-trend-beleza-2.jpg?resize=600%2C450&#038;ssl=1\" alt=\"\" class=\"wp-image-204213\" srcset=\"https:\/\/i0.wp.com\/agrund.com\/wp-content\/uploads\/sites\/6\/2019\/10\/agrund-minas-trend-beleza-2.jpg?w=600&amp;ssl=1 600w, https:\/\/i0.wp.com\/agrund.com\/wp-content\/uploads\/sites\/6\/2019\/10\/agrund-minas-trend-beleza-2.jpg?resize=300%2C225&amp;ssl=1 300w\" sizes=\"(max-width: 600px) 100vw, 600px\" data-recalc-dims=\"1\" \/><figcaption>Minas Trend Inverno 2020 :: A beleza dos desfiles  <\/figcaption><\/figure><\/div>\n\n\n\n<p>Ricardo dos Anjos, que assina a beleza dos desfiles desta edi\u00e7\u00e3o do Minas Trend, nos contou o que preparou: \u201cfizemos uma beleza bem leve e natural, usando iluminador cremoso sem cintil\u00e2ncia. Tem alguns detalhes dourados nos l\u00f3bulos das orelhas. E o cabelo \u00e9 \u00e0s vezes limpo e \u00e0s vezes com um coque no alto e textura natural\u201d.\u00a0<\/p>\n\n\n\n<div class=\"wp-block-image\"><figure class=\"aligncenter\"><img data-attachment-id=\"204214\" data-permalink=\"https:\/\/agrund.com\/index.php\/minas-trend-inverno-2020-a-beleza-dos-desfiles\/agrund-minas-trend-beleza\/\" data-orig-file=\"https:\/\/i0.wp.com\/agrund.com\/wp-content\/uploads\/sites\/6\/2019\/10\/agrund-minas-trend-beleza.jpg?fit=600%2C450&amp;ssl=1\" data-orig-size=\"600,450\" data-comments-opened=\"1\" data-image-meta=\"{&quot;aperture&quot;:&quot;0&quot;,&quot;credit&quot;:&quot;&quot;,&quot;camera&quot;:&quot;&quot;,&quot;caption&quot;:&quot;&quot;,&quot;created_timestamp&quot;:&quot;0&quot;,&quot;copyright&quot;:&quot;&quot;,&quot;focal_length&quot;:&quot;0&quot;,&quot;iso&quot;:&quot;0&quot;,&quot;shutter_speed&quot;:&quot;0&quot;,&quot;title&quot;:&quot;&quot;,&quot;orientation&quot;:&quot;1&quot;}\" data-image-title=\"agrund-minas-trend-beleza\" data-image-description=\"\" data-image-caption=\"\" data-medium-file=\"https:\/\/i0.wp.com\/agrund.com\/wp-content\/uploads\/sites\/6\/2019\/10\/agrund-minas-trend-beleza.jpg?fit=300%2C225&amp;ssl=1\" data-large-file=\"https:\/\/i0.wp.com\/agrund.com\/wp-content\/uploads\/sites\/6\/2019\/10\/agrund-minas-trend-beleza.jpg?fit=600%2C450&amp;ssl=1\" decoding=\"async\" loading=\"lazy\" width=\"600\" height=\"450\" src=\"https:\/\/i0.wp.com\/www.agrund.com\/wp-content\/uploads\/sites\/6\/2019\/10\/agrund-minas-trend-beleza.jpg?resize=600%2C450&#038;ssl=1\" alt=\"\" class=\"wp-image-204214\" srcset=\"https:\/\/i0.wp.com\/agrund.com\/wp-content\/uploads\/sites\/6\/2019\/10\/agrund-minas-trend-beleza.jpg?w=600&amp;ssl=1 600w, https:\/\/i0.wp.com\/agrund.com\/wp-content\/uploads\/sites\/6\/2019\/10\/agrund-minas-trend-beleza.jpg?resize=300%2C225&amp;ssl=1 300w\" sizes=\"(max-width: 600px) 100vw, 600px\" data-recalc-dims=\"1\" \/><figcaption>Minas Trend Inverno 2020 :: A beleza dos desfiles  <\/figcaption><\/figure><\/div>\n\n\n\n<p>Sobre as tr\u00eas tend\u00eancias de beleza que mais est\u00e1 gostando no momento, Ricardo conta: \u201cestou amando a pele bem luminosa com as partes menos importantes do rosto mais secas, deixando o brilho natural na t\u00eampora e na zona T\u201d. Para combinar com a pele, ele complementa: \u201colhos coloridos com textura mais cremosa\u201d. E finaliza falando sobre cabelos: \u201cestou gostando da cor de cabelo natural, fugindo dos loiros e da pegada californiana que antes estava em alta\u201d<\/p>\n\n\n\n<p>Fotos: Lel\u00ea Santhana.<\/p>\n","protected":false},"excerpt":{"rendered":"<p>Por Lel\u00ea Santhana\u00a0 O primeiro dia de Minas Trend termina com os desfiles de Anne est Folle e Lethicia Bronstein, que acontecem j\u00e1 j\u00e1. Entramos no backstage e conferimos de perto um pouco da beleza que estar\u00e1 na passarela daqui a alguns minutos. Confira: Ricardo dos Anjos, que assina a beleza dos desfiles desta edi\u00e7\u00e3o [&hellip;]<\/p>\n","protected":false},"author":8,"featured_media":204215,"comment_status":"open","ping_status":"open","sticky":false,"template":"","format":"standard","meta":{"jetpack_post_was_ever_published":false,"_jetpack_newsletter_access":"","jetpack_publicize_message":"","jetpack_is_tweetstorm":false,"jetpack_publicize_feature_enabled":true,"jetpack_social_post_already_shared":true,"jetpack_social_options":{"image_generator_settings":{"template":"highway","enabled":false}}},"categories":[2],"tags":[],"jetpack_publicize_connections":[],"jetpack_featured_media_url":"https:\/\/i0.wp.com\/agrund.com\/wp-content\/uploads\/sites\/6\/2019\/10\/s-174.jpg?fit=960%2C300&ssl=1","jetpack_sharing_enabled":true,"jetpack_shortlink":"https:\/\/wp.me\/p3Hz0n-R7K","jetpack_likes_enabled":true,"_links":{"self":[{"href":"https:\/\/agrund.com\/index.php\/wp-json\/wp\/v2\/posts\/204212"}],"collection":[{"href":"https:\/\/agrund.com\/index.php\/wp-json\/wp\/v2\/posts"}],"about":[{"href":"https:\/\/agrund.com\/index.php\/wp-json\/wp\/v2\/types\/post"}],"author":[{"embeddable":true,"href":"https:\/\/agrund.com\/index.php\/wp-json\/wp\/v2\/users\/8"}],"replies":[{"embeddable":true,"href":"https:\/\/agrund.com\/index.php\/wp-json\/wp\/v2\/comments?post=204212"}],"version-history":[{"count":1,"href":"https:\/\/agrund.com\/index.php\/wp-json\/wp\/v2\/posts\/204212\/revisions"}],"predecessor-version":[{"id":204216,"href":"https:\/\/agrund.com\/index.php\/wp-json\/wp\/v2\/posts\/204212\/revisions\/204216"}],"wp:featuredmedia":[{"embeddable":true,"href":"https:\/\/agrund.com\/index.php\/wp-json\/wp\/v2\/media\/204215"}],"wp:attachment":[{"href":"https:\/\/agrund.com\/index.php\/wp-json\/wp\/v2\/media?parent=204212"}],"wp:term":[{"taxonomy":"category","embeddable":true,"href":"https:\/\/agrund.com\/index.php\/wp-json\/wp\/v2\/categories?post=204212"},{"taxonomy":"post_tag","embeddable":true,"href":"https:\/\/agrund.com\/index.php\/wp-json\/wp\/v2\/tags?post=204212"}],"curies":[{"name":"wp","href":"https:\/\/api.w.org\/{rel}","templated":true}]}}