{"id":204183,"date":"2019-10-22T15:00:36","date_gmt":"2019-10-22T18:00:36","guid":{"rendered":"http:\/\/www.agrund.com\/?p=204183"},"modified":"2019-10-22T15:39:28","modified_gmt":"2019-10-22T18:39:28","slug":"minas-trend-inverno-2020-os-detalhes-desta-edicao","status":"publish","type":"post","link":"https:\/\/agrund.com\/index.php\/minas-trend-inverno-2020-os-detalhes-desta-edicao\/","title":{"rendered":"Minas Trend Inverno 2020 :: Os detalhes desta edi\u00e7\u00e3o"},"content":{"rendered":"\n<p>Por Rafaela Piovezani<\/p>\n\n\n\n<p>Considerado o maior Sal\u00e3o de Neg\u00f3cios de moda da Am\u00e9rica Latina, o Minas Trend chega \u00e0 sua edi\u00e7\u00e3o de n\u00famero 25,\u00a0combinando uma f\u00f3rmula certeira: moda, neg\u00f3cios e entretenimento.\u00a0<\/p>\n\n\n\n<p>Nossa equipe participou da coletiva de imprensa com Fl\u00e1vio Roscoe, presidente da FIEMG, Rog\u00e9rio Lima, designer que assina a dire\u00e7\u00e3o criativa do MT, e L\u00edvia Klein, da Multiplan. Na entrevista, eles fizeram quest\u00e3o de enfatizar que a ind\u00fastria t\u00eaxtil \u00e9 a grande estrela da temporada.<\/p>\n\n\n\n<p>Sob o tema &#8220;Tecendo Futuros&#8221;, que j\u00e1 falamos AQUI, o evento prop\u00f5e uma reflex\u00e3o sobre a evolu\u00e7\u00e3o da moda, sua inova\u00e7\u00e3o, democratiza\u00e7\u00e3o e diversidade, conectando a sociedade com a moda e o setor produtivo. E para contar essa hist\u00f3ria, Rog\u00e9rio Lima escolheu o algod\u00e3o, principal mat\u00e9ria-prima da ind\u00fastria t\u00eaxtil, como protagonista e fio-condutor de toda a hist\u00f3ria desta temporada.\u00a0<\/p>\n\n\n\n<p>Al\u00e9m do grande Sal\u00e3o de Neg\u00f3cios com mais de 200 marcas, o Minas Trend conta com uma programa\u00e7\u00e3o super bacana de palestras e desfiles ao longo dos pr\u00f3ximos dias.\u00a0<\/p>\n\n\n\n<p>Outra novidade nesta temporada \u00e9 o &#8216;Moda por Minas&#8217;, projeto que levar\u00e1 atividades de moda para o interior do estado de Minas Gerais com o intuito do democratizar o acesso \u00e0s informa\u00e7\u00f5es. At\u00e9 o dia 09 de novembro, as cidades de Tiradentes, Ouro Preto, Ita\u00fana e Uberaba receber\u00e3o uma programa\u00e7\u00e3o de palestras, oficinas e desfiles gratuitos.<\/p>\n\n\n\n<p>Acompanhe nossa cobertura aqui no Agrund.com!<\/p>\n","protected":false},"excerpt":{"rendered":"<p>Por Rafaela Piovezani Considerado o maior Sal\u00e3o de Neg\u00f3cios de moda da Am\u00e9rica Latina, o Minas Trend chega \u00e0 sua edi\u00e7\u00e3o de n\u00famero 25,\u00a0combinando uma f\u00f3rmula certeira: moda, neg\u00f3cios e entretenimento.\u00a0 Nossa equipe participou da coletiva de imprensa com Fl\u00e1vio Roscoe, presidente da FIEMG, Rog\u00e9rio Lima, designer que assina a dire\u00e7\u00e3o criativa do MT, e [&hellip;]<\/p>\n","protected":false},"author":8,"featured_media":204184,"comment_status":"open","ping_status":"open","sticky":false,"template":"","format":"standard","meta":{"jetpack_post_was_ever_published":false,"_jetpack_newsletter_access":"","jetpack_publicize_message":"","jetpack_is_tweetstorm":false,"jetpack_publicize_feature_enabled":true,"jetpack_social_post_already_shared":true,"jetpack_social_options":{"image_generator_settings":{"template":"highway","enabled":false}}},"categories":[2],"tags":[],"jetpack_publicize_connections":[],"jetpack_featured_media_url":"https:\/\/i0.wp.com\/agrund.com\/wp-content\/uploads\/sites\/6\/2019\/10\/s-170.jpg?fit=960%2C300&ssl=1","jetpack_sharing_enabled":true,"jetpack_shortlink":"https:\/\/wp.me\/p3Hz0n-R7h","jetpack_likes_enabled":true,"_links":{"self":[{"href":"https:\/\/agrund.com\/index.php\/wp-json\/wp\/v2\/posts\/204183"}],"collection":[{"href":"https:\/\/agrund.com\/index.php\/wp-json\/wp\/v2\/posts"}],"about":[{"href":"https:\/\/agrund.com\/index.php\/wp-json\/wp\/v2\/types\/post"}],"author":[{"embeddable":true,"href":"https:\/\/agrund.com\/index.php\/wp-json\/wp\/v2\/users\/8"}],"replies":[{"embeddable":true,"href":"https:\/\/agrund.com\/index.php\/wp-json\/wp\/v2\/comments?post=204183"}],"version-history":[{"count":1,"href":"https:\/\/agrund.com\/index.php\/wp-json\/wp\/v2\/posts\/204183\/revisions"}],"predecessor-version":[{"id":204185,"href":"https:\/\/agrund.com\/index.php\/wp-json\/wp\/v2\/posts\/204183\/revisions\/204185"}],"wp:featuredmedia":[{"embeddable":true,"href":"https:\/\/agrund.com\/index.php\/wp-json\/wp\/v2\/media\/204184"}],"wp:attachment":[{"href":"https:\/\/agrund.com\/index.php\/wp-json\/wp\/v2\/media?parent=204183"}],"wp:term":[{"taxonomy":"category","embeddable":true,"href":"https:\/\/agrund.com\/index.php\/wp-json\/wp\/v2\/categories?post=204183"},{"taxonomy":"post_tag","embeddable":true,"href":"https:\/\/agrund.com\/index.php\/wp-json\/wp\/v2\/tags?post=204183"}],"curies":[{"name":"wp","href":"https:\/\/api.w.org\/{rel}","templated":true}]}}