{"id":204123,"date":"2019-10-21T15:00:56","date_gmt":"2019-10-21T18:00:56","guid":{"rendered":"http:\/\/www.agrund.com\/?p=204123"},"modified":"2019-10-21T14:48:59","modified_gmt":"2019-10-21T17:48:59","slug":"os-detalhes-da-colecao-puma-x-balmain","status":"publish","type":"post","link":"https:\/\/agrund.com\/index.php\/os-detalhes-da-colecao-puma-x-balmain\/","title":{"rendered":"Os detalhes da cole\u00e7\u00e3o Puma x Balmain"},"content":{"rendered":"\n<p>\u00c9 isso mesmo! A Balmain se uniu \u00e0 Puma para lan\u00e7ar uma cole\u00e7\u00e3o de sportswear pra ningu\u00e9m botar defeito.\u00a0<\/p>\n\n\n\n<p>As primeiras imagens divulgadas revelam a campanha estrelada por Cara Delevingne e uma s\u00e9rie de looks que prometem esgotar das prateleiras assim que forem colocados \u00e0 venda no dia 21 de novembro.\u00a0<\/p>\n\n\n\n<p>Delevingne tamb\u00e9m trabalhou na cria\u00e7\u00e3o das pe\u00e7as junto com seu amigo e diretor criativo da grife, Olivier Rousteing.\u00a0<\/p>\n\n\n\n<p>Dentre as pe\u00e7as vemos camisetas, tops, shorts, shorts de boxe, cal\u00e7as, moletons, jaquetas, meias e t\u00eanis. Confira:\u00a0<\/p>\n\n\n\n<div class=\"wp-block-image\"><figure class=\"aligncenter\"><img data-attachment-id=\"204124\" data-permalink=\"https:\/\/agrund.com\/index.php\/os-detalhes-da-colecao-puma-x-balmain\/agrund-cara-delevingne-puma-balmain\/\" data-orig-file=\"https:\/\/i0.wp.com\/agrund.com\/wp-content\/uploads\/sites\/6\/2019\/10\/agrund-Cara-Delevingne-PUMA-Balmain.jpg?fit=800%2C1200&amp;ssl=1\" data-orig-size=\"800,1200\" data-comments-opened=\"1\" data-image-meta=\"{&quot;aperture&quot;:&quot;0&quot;,&quot;credit&quot;:&quot;&quot;,&quot;camera&quot;:&quot;&quot;,&quot;caption&quot;:&quot;&quot;,&quot;created_timestamp&quot;:&quot;0&quot;,&quot;copyright&quot;:&quot;&quot;,&quot;focal_length&quot;:&quot;0&quot;,&quot;iso&quot;:&quot;0&quot;,&quot;shutter_speed&quot;:&quot;0&quot;,&quot;title&quot;:&quot;&quot;,&quot;orientation&quot;:&quot;1&quot;}\" data-image-title=\"agrund-Cara-Delevingne-PUMA-Balmain\" data-image-description=\"\" data-image-caption=\"\" data-medium-file=\"https:\/\/i0.wp.com\/agrund.com\/wp-content\/uploads\/sites\/6\/2019\/10\/agrund-Cara-Delevingne-PUMA-Balmain.jpg?fit=200%2C300&amp;ssl=1\" data-large-file=\"https:\/\/i0.wp.com\/agrund.com\/wp-content\/uploads\/sites\/6\/2019\/10\/agrund-Cara-Delevingne-PUMA-Balmain.jpg?fit=683%2C1024&amp;ssl=1\" decoding=\"async\" loading=\"lazy\" width=\"800\" height=\"1200\" src=\"https:\/\/i0.wp.com\/www.agrund.com\/wp-content\/uploads\/sites\/6\/2019\/10\/agrund-Cara-Delevingne-PUMA-Balmain.jpg?fit=683%2C1024&amp;ssl=1\" alt=\"\" class=\"wp-image-204124\" srcset=\"https:\/\/i0.wp.com\/agrund.com\/wp-content\/uploads\/sites\/6\/2019\/10\/agrund-Cara-Delevingne-PUMA-Balmain.jpg?w=800&amp;ssl=1 800w, https:\/\/i0.wp.com\/agrund.com\/wp-content\/uploads\/sites\/6\/2019\/10\/agrund-Cara-Delevingne-PUMA-Balmain.jpg?resize=200%2C300&amp;ssl=1 200w, https:\/\/i0.wp.com\/agrund.com\/wp-content\/uploads\/sites\/6\/2019\/10\/agrund-Cara-Delevingne-PUMA-Balmain.jpg?resize=683%2C1024&amp;ssl=1 683w\" sizes=\"(max-width: 800px) 100vw, 800px\" \/><figcaption>Os detalhes da cole\u00e7\u00e3o Puma x Balmain <\/figcaption><\/figure><\/div>\n\n\n\n<div class=\"wp-block-image\"><figure class=\"aligncenter\"><img data-attachment-id=\"204125\" data-permalink=\"https:\/\/agrund.com\/index.php\/os-detalhes-da-colecao-puma-x-balmain\/agrund-cara-delevingne-puma-balmain-2\/\" data-orig-file=\"https:\/\/i0.wp.com\/agrund.com\/wp-content\/uploads\/sites\/6\/2019\/10\/agrund-Cara-Delevingne-PUMA-Balmain-2.jpg?fit=600%2C400&amp;ssl=1\" data-orig-size=\"600,400\" data-comments-opened=\"1\" data-image-meta=\"{&quot;aperture&quot;:&quot;0&quot;,&quot;credit&quot;:&quot;&quot;,&quot;camera&quot;:&quot;&quot;,&quot;caption&quot;:&quot;&quot;,&quot;created_timestamp&quot;:&quot;0&quot;,&quot;copyright&quot;:&quot;&quot;,&quot;focal_length&quot;:&quot;0&quot;,&quot;iso&quot;:&quot;0&quot;,&quot;shutter_speed&quot;:&quot;0&quot;,&quot;title&quot;:&quot;&quot;,&quot;orientation&quot;:&quot;1&quot;}\" data-image-title=\"agrund-Cara-Delevingne-PUMA-Balmain-2\" data-image-description=\"\" data-image-caption=\"\" data-medium-file=\"https:\/\/i0.wp.com\/agrund.com\/wp-content\/uploads\/sites\/6\/2019\/10\/agrund-Cara-Delevingne-PUMA-Balmain-2.jpg?fit=300%2C200&amp;ssl=1\" data-large-file=\"https:\/\/i0.wp.com\/agrund.com\/wp-content\/uploads\/sites\/6\/2019\/10\/agrund-Cara-Delevingne-PUMA-Balmain-2.jpg?fit=600%2C400&amp;ssl=1\" decoding=\"async\" loading=\"lazy\" width=\"600\" height=\"400\" src=\"https:\/\/i0.wp.com\/www.agrund.com\/wp-content\/uploads\/sites\/6\/2019\/10\/agrund-Cara-Delevingne-PUMA-Balmain-2.jpg?resize=600%2C400&#038;ssl=1\" alt=\"\" class=\"wp-image-204125\" srcset=\"https:\/\/i0.wp.com\/agrund.com\/wp-content\/uploads\/sites\/6\/2019\/10\/agrund-Cara-Delevingne-PUMA-Balmain-2.jpg?w=600&amp;ssl=1 600w, https:\/\/i0.wp.com\/agrund.com\/wp-content\/uploads\/sites\/6\/2019\/10\/agrund-Cara-Delevingne-PUMA-Balmain-2.jpg?resize=300%2C200&amp;ssl=1 300w\" sizes=\"(max-width: 600px) 100vw, 600px\" data-recalc-dims=\"1\" \/><figcaption>Os detalhes da cole\u00e7\u00e3o Puma x Balmain <\/figcaption><\/figure><\/div>\n\n\n\n<div class=\"wp-block-image\"><figure class=\"aligncenter\"><img data-attachment-id=\"204126\" data-permalink=\"https:\/\/agrund.com\/index.php\/os-detalhes-da-colecao-puma-x-balmain\/agrund-cara-delevingne-puma-balmain-4\/\" data-orig-file=\"https:\/\/i0.wp.com\/agrund.com\/wp-content\/uploads\/sites\/6\/2019\/10\/agrund-Cara-Delevingne-PUMA-Balmain-4.jpg?fit=600%2C860&amp;ssl=1\" data-orig-size=\"600,860\" data-comments-opened=\"1\" data-image-meta=\"{&quot;aperture&quot;:&quot;0&quot;,&quot;credit&quot;:&quot;&quot;,&quot;camera&quot;:&quot;&quot;,&quot;caption&quot;:&quot;&quot;,&quot;created_timestamp&quot;:&quot;0&quot;,&quot;copyright&quot;:&quot;&quot;,&quot;focal_length&quot;:&quot;0&quot;,&quot;iso&quot;:&quot;0&quot;,&quot;shutter_speed&quot;:&quot;0&quot;,&quot;title&quot;:&quot;&quot;,&quot;orientation&quot;:&quot;1&quot;}\" data-image-title=\"agrund-Cara-Delevingne-PUMA-Balmain-4\" data-image-description=\"\" data-image-caption=\"\" data-medium-file=\"https:\/\/i0.wp.com\/agrund.com\/wp-content\/uploads\/sites\/6\/2019\/10\/agrund-Cara-Delevingne-PUMA-Balmain-4.jpg?fit=209%2C300&amp;ssl=1\" data-large-file=\"https:\/\/i0.wp.com\/agrund.com\/wp-content\/uploads\/sites\/6\/2019\/10\/agrund-Cara-Delevingne-PUMA-Balmain-4.jpg?fit=600%2C860&amp;ssl=1\" decoding=\"async\" loading=\"lazy\" width=\"600\" height=\"860\" src=\"https:\/\/i0.wp.com\/www.agrund.com\/wp-content\/uploads\/sites\/6\/2019\/10\/agrund-Cara-Delevingne-PUMA-Balmain-4.jpg?resize=600%2C860&#038;ssl=1\" alt=\"\" class=\"wp-image-204126\" srcset=\"https:\/\/i0.wp.com\/agrund.com\/wp-content\/uploads\/sites\/6\/2019\/10\/agrund-Cara-Delevingne-PUMA-Balmain-4.jpg?w=600&amp;ssl=1 600w, https:\/\/i0.wp.com\/agrund.com\/wp-content\/uploads\/sites\/6\/2019\/10\/agrund-Cara-Delevingne-PUMA-Balmain-4.jpg?resize=209%2C300&amp;ssl=1 209w\" sizes=\"(max-width: 600px) 100vw, 600px\" data-recalc-dims=\"1\" \/><figcaption>Os detalhes da cole\u00e7\u00e3o Puma x Balmain <\/figcaption><\/figure><\/div>\n\n\n\n<div class=\"wp-block-image\"><figure class=\"aligncenter\"><img data-attachment-id=\"204127\" data-permalink=\"https:\/\/agrund.com\/index.php\/os-detalhes-da-colecao-puma-x-balmain\/agrund-cara-delevingne-puma-balmain-5\/\" data-orig-file=\"https:\/\/i0.wp.com\/agrund.com\/wp-content\/uploads\/sites\/6\/2019\/10\/agrund-Cara-Delevingne-PUMA-Balmain-5.jpg?fit=600%2C900&amp;ssl=1\" data-orig-size=\"600,900\" data-comments-opened=\"1\" data-image-meta=\"{&quot;aperture&quot;:&quot;0&quot;,&quot;credit&quot;:&quot;&quot;,&quot;camera&quot;:&quot;&quot;,&quot;caption&quot;:&quot;&quot;,&quot;created_timestamp&quot;:&quot;0&quot;,&quot;copyright&quot;:&quot;&quot;,&quot;focal_length&quot;:&quot;0&quot;,&quot;iso&quot;:&quot;0&quot;,&quot;shutter_speed&quot;:&quot;0&quot;,&quot;title&quot;:&quot;&quot;,&quot;orientation&quot;:&quot;1&quot;}\" data-image-title=\"agrund-Cara-Delevingne-PUMA-Balmain-5\" data-image-description=\"\" data-image-caption=\"\" data-medium-file=\"https:\/\/i0.wp.com\/agrund.com\/wp-content\/uploads\/sites\/6\/2019\/10\/agrund-Cara-Delevingne-PUMA-Balmain-5.jpg?fit=200%2C300&amp;ssl=1\" data-large-file=\"https:\/\/i0.wp.com\/agrund.com\/wp-content\/uploads\/sites\/6\/2019\/10\/agrund-Cara-Delevingne-PUMA-Balmain-5.jpg?fit=600%2C900&amp;ssl=1\" decoding=\"async\" loading=\"lazy\" width=\"600\" height=\"900\" src=\"https:\/\/i0.wp.com\/www.agrund.com\/wp-content\/uploads\/sites\/6\/2019\/10\/agrund-Cara-Delevingne-PUMA-Balmain-5.jpg?resize=600%2C900&#038;ssl=1\" alt=\"\" class=\"wp-image-204127\" srcset=\"https:\/\/i0.wp.com\/agrund.com\/wp-content\/uploads\/sites\/6\/2019\/10\/agrund-Cara-Delevingne-PUMA-Balmain-5.jpg?w=600&amp;ssl=1 600w, https:\/\/i0.wp.com\/agrund.com\/wp-content\/uploads\/sites\/6\/2019\/10\/agrund-Cara-Delevingne-PUMA-Balmain-5.jpg?resize=200%2C300&amp;ssl=1 200w\" sizes=\"(max-width: 600px) 100vw, 600px\" data-recalc-dims=\"1\" \/><figcaption>Os detalhes da cole\u00e7\u00e3o Puma x Balmain <\/figcaption><\/figure><\/div>\n\n\n\n<div class=\"wp-block-image\"><figure class=\"aligncenter\"><img data-attachment-id=\"204128\" data-permalink=\"https:\/\/agrund.com\/index.php\/os-detalhes-da-colecao-puma-x-balmain\/agrund-cara-delevingne-puma-balmain-6\/\" data-orig-file=\"https:\/\/i0.wp.com\/agrund.com\/wp-content\/uploads\/sites\/6\/2019\/10\/agrund-Cara-Delevingne-PUMA-Balmain-6.jpg?fit=600%2C400&amp;ssl=1\" data-orig-size=\"600,400\" data-comments-opened=\"1\" data-image-meta=\"{&quot;aperture&quot;:&quot;0&quot;,&quot;credit&quot;:&quot;&quot;,&quot;camera&quot;:&quot;&quot;,&quot;caption&quot;:&quot;&quot;,&quot;created_timestamp&quot;:&quot;0&quot;,&quot;copyright&quot;:&quot;&quot;,&quot;focal_length&quot;:&quot;0&quot;,&quot;iso&quot;:&quot;0&quot;,&quot;shutter_speed&quot;:&quot;0&quot;,&quot;title&quot;:&quot;&quot;,&quot;orientation&quot;:&quot;1&quot;}\" data-image-title=\"agrund-Cara-Delevingne-PUMA-Balmain-6\" data-image-description=\"\" data-image-caption=\"\" data-medium-file=\"https:\/\/i0.wp.com\/agrund.com\/wp-content\/uploads\/sites\/6\/2019\/10\/agrund-Cara-Delevingne-PUMA-Balmain-6.jpg?fit=300%2C200&amp;ssl=1\" data-large-file=\"https:\/\/i0.wp.com\/agrund.com\/wp-content\/uploads\/sites\/6\/2019\/10\/agrund-Cara-Delevingne-PUMA-Balmain-6.jpg?fit=600%2C400&amp;ssl=1\" decoding=\"async\" loading=\"lazy\" width=\"600\" height=\"400\" src=\"https:\/\/i0.wp.com\/www.agrund.com\/wp-content\/uploads\/sites\/6\/2019\/10\/agrund-Cara-Delevingne-PUMA-Balmain-6.jpg?resize=600%2C400&#038;ssl=1\" alt=\"\" class=\"wp-image-204128\" srcset=\"https:\/\/i0.wp.com\/agrund.com\/wp-content\/uploads\/sites\/6\/2019\/10\/agrund-Cara-Delevingne-PUMA-Balmain-6.jpg?w=600&amp;ssl=1 600w, https:\/\/i0.wp.com\/agrund.com\/wp-content\/uploads\/sites\/6\/2019\/10\/agrund-Cara-Delevingne-PUMA-Balmain-6.jpg?resize=300%2C200&amp;ssl=1 300w\" sizes=\"(max-width: 600px) 100vw, 600px\" data-recalc-dims=\"1\" \/><figcaption>Os detalhes da cole\u00e7\u00e3o Puma x Balmain <\/figcaption><\/figure><\/div>\n\n\n\n<div class=\"wp-block-image\"><figure class=\"aligncenter\"><img data-attachment-id=\"204130\" data-permalink=\"https:\/\/agrund.com\/index.php\/os-detalhes-da-colecao-puma-x-balmain\/agrund-cara-delevingne-puma-balmain-3\/\" data-orig-file=\"https:\/\/i0.wp.com\/agrund.com\/wp-content\/uploads\/sites\/6\/2019\/10\/agrund-Cara-Delevingne-PUMA-Balmain-3.jpg?fit=600%2C400&amp;ssl=1\" data-orig-size=\"600,400\" data-comments-opened=\"1\" data-image-meta=\"{&quot;aperture&quot;:&quot;0&quot;,&quot;credit&quot;:&quot;&quot;,&quot;camera&quot;:&quot;&quot;,&quot;caption&quot;:&quot;&quot;,&quot;created_timestamp&quot;:&quot;0&quot;,&quot;copyright&quot;:&quot;&quot;,&quot;focal_length&quot;:&quot;0&quot;,&quot;iso&quot;:&quot;0&quot;,&quot;shutter_speed&quot;:&quot;0&quot;,&quot;title&quot;:&quot;&quot;,&quot;orientation&quot;:&quot;1&quot;}\" data-image-title=\"agrund-Cara-Delevingne-PUMA-Balmain-3\" data-image-description=\"\" data-image-caption=\"\" data-medium-file=\"https:\/\/i0.wp.com\/agrund.com\/wp-content\/uploads\/sites\/6\/2019\/10\/agrund-Cara-Delevingne-PUMA-Balmain-3.jpg?fit=300%2C200&amp;ssl=1\" data-large-file=\"https:\/\/i0.wp.com\/agrund.com\/wp-content\/uploads\/sites\/6\/2019\/10\/agrund-Cara-Delevingne-PUMA-Balmain-3.jpg?fit=600%2C400&amp;ssl=1\" decoding=\"async\" loading=\"lazy\" width=\"600\" height=\"400\" src=\"https:\/\/i0.wp.com\/www.agrund.com\/wp-content\/uploads\/sites\/6\/2019\/10\/agrund-Cara-Delevingne-PUMA-Balmain-3.jpg?resize=600%2C400&#038;ssl=1\" alt=\"\" class=\"wp-image-204130\" srcset=\"https:\/\/i0.wp.com\/agrund.com\/wp-content\/uploads\/sites\/6\/2019\/10\/agrund-Cara-Delevingne-PUMA-Balmain-3.jpg?w=600&amp;ssl=1 600w, https:\/\/i0.wp.com\/agrund.com\/wp-content\/uploads\/sites\/6\/2019\/10\/agrund-Cara-Delevingne-PUMA-Balmain-3.jpg?resize=300%2C200&amp;ssl=1 300w\" sizes=\"(max-width: 600px) 100vw, 600px\" data-recalc-dims=\"1\" \/><\/figure><\/div>\n\n\n\n<p>Fotos: Reprodu\u00e7\u00e3o\/ Puma x Balmain. <\/p>\n","protected":false},"excerpt":{"rendered":"<p>\u00c9 isso mesmo! A Balmain se uniu \u00e0 Puma para lan\u00e7ar uma cole\u00e7\u00e3o de sportswear pra ningu\u00e9m botar defeito.\u00a0 As primeiras imagens divulgadas revelam a campanha estrelada por Cara Delevingne e uma s\u00e9rie de looks que prometem esgotar das prateleiras assim que forem colocados \u00e0 venda no dia 21 de novembro.\u00a0 Delevingne tamb\u00e9m trabalhou na [&hellip;]<\/p>\n","protected":false},"author":8,"featured_media":204129,"comment_status":"open","ping_status":"open","sticky":false,"template":"","format":"standard","meta":{"jetpack_post_was_ever_published":false,"_jetpack_newsletter_access":"","jetpack_publicize_message":"","jetpack_is_tweetstorm":false,"jetpack_publicize_feature_enabled":true,"jetpack_social_post_already_shared":true,"jetpack_social_options":{"image_generator_settings":{"template":"highway","enabled":false}}},"categories":[2],"tags":[],"jetpack_publicize_connections":[],"jetpack_featured_media_url":"https:\/\/i0.wp.com\/agrund.com\/wp-content\/uploads\/sites\/6\/2019\/10\/s-160.jpg?fit=960%2C300&ssl=1","jetpack_sharing_enabled":true,"jetpack_shortlink":"https:\/\/wp.me\/p3Hz0n-R6j","jetpack_likes_enabled":true,"_links":{"self":[{"href":"https:\/\/agrund.com\/index.php\/wp-json\/wp\/v2\/posts\/204123"}],"collection":[{"href":"https:\/\/agrund.com\/index.php\/wp-json\/wp\/v2\/posts"}],"about":[{"href":"https:\/\/agrund.com\/index.php\/wp-json\/wp\/v2\/types\/post"}],"author":[{"embeddable":true,"href":"https:\/\/agrund.com\/index.php\/wp-json\/wp\/v2\/users\/8"}],"replies":[{"embeddable":true,"href":"https:\/\/agrund.com\/index.php\/wp-json\/wp\/v2\/comments?post=204123"}],"version-history":[{"count":1,"href":"https:\/\/agrund.com\/index.php\/wp-json\/wp\/v2\/posts\/204123\/revisions"}],"predecessor-version":[{"id":204131,"href":"https:\/\/agrund.com\/index.php\/wp-json\/wp\/v2\/posts\/204123\/revisions\/204131"}],"wp:featuredmedia":[{"embeddable":true,"href":"https:\/\/agrund.com\/index.php\/wp-json\/wp\/v2\/media\/204129"}],"wp:attachment":[{"href":"https:\/\/agrund.com\/index.php\/wp-json\/wp\/v2\/media?parent=204123"}],"wp:term":[{"taxonomy":"category","embeddable":true,"href":"https:\/\/agrund.com\/index.php\/wp-json\/wp\/v2\/categories?post=204123"},{"taxonomy":"post_tag","embeddable":true,"href":"https:\/\/agrund.com\/index.php\/wp-json\/wp\/v2\/tags?post=204123"}],"curies":[{"name":"wp","href":"https:\/\/api.w.org\/{rel}","templated":true}]}}