{"id":204088,"date":"2019-10-18T19:50:52","date_gmt":"2019-10-18T22:50:52","guid":{"rendered":"http:\/\/www.agrund.com\/?p=204088"},"modified":"2019-10-18T19:53:26","modified_gmt":"2019-10-18T22:53:26","slug":"spfw-n48-acessibilidade-nos-desfiles","status":"publish","type":"post","link":"https:\/\/agrund.com\/index.php\/spfw-n48-acessibilidade-nos-desfiles\/","title":{"rendered":"SPFW N48 :: Acessibilidade nos desfiles"},"content":{"rendered":"\n<p>Por Thay Sanqueta | Edi\u00e7\u00e3o por Lari Mariano<\/p>\n\n\n\n<p>A Prefeitura de S\u00e3o Paulo realizou, por meio da Secretaria Municipal da Pessoa com Defici\u00eancia (SMPED), uma a\u00e7\u00e3o pioneira e especial nesta edi\u00e7\u00e3o da SPFW. Durante os desfiles do Projeto Estufa, o p\u00fablico com defici\u00eancia visual e auditiva contou com audiodescri\u00e7\u00e3o e libras, al\u00e9m da acessibilidade arquitet\u00f4nica \u00e0s pessoas com defici\u00eancia f\u00edsica ou mobilidade reduzida.\u00a0<\/p>\n\n\n\n<p>Dario Caldas, respons\u00e1vel pela audiodescri\u00e7\u00e3o nos dois \u00faltimos dias da iniciativa, nunca tinha descrito um desfile de moda desta forma. \u201cMe preparava antes indo aos backstages e conversando com os estilistas para ter o m\u00e1ximo de informa\u00e7\u00e3o\u201d, contou em conversa com o Agrund.com.\u00a0<\/p>\n\n\n\n<p>Fiquei t\u00e3o encantada que quis ter essa viv\u00eancia: assisti a dois desfiles de olhos fechados, me guiando s\u00f3 pela audiodescri\u00e7\u00e3o. Foi uma sensa\u00e7\u00e3o especial: me conectei a detalhes descritos que n\u00e3o me atentava de olhos abertos.<\/p>\n\n\n\n<p>Uma a\u00e7\u00e3o que tem todo o nosso apoio: afinal, nossa colaboradora Lari Mariano \u00e9 uma pessoa com defici\u00eancia, que tamb\u00e9m divide com a gente suas percep\u00e7\u00f5es sobre o projeto: \u201cSempre gosto muito de dizer que a maior acessibilidade \u00e9 a disponibilidade. E abrir esse caminho num evento t\u00e3o representativo \u00e9 saber que o nosso engatinhar acess\u00edvel est\u00e1 dando os primeiros passos. Que se construa agora o caminho para que cres\u00e7a e seja algo natural\u201d, finaliza Lari. \u00a0<\/p>\n\n\n\n<div class=\"wp-block-image\"><figure class=\"aligncenter\"><img data-attachment-id=\"204090\" data-permalink=\"https:\/\/agrund.com\/index.php\/spfw-n48-acessibilidade-nos-desfiles\/agrund-spfw-acessibilidade-2\/\" data-orig-file=\"https:\/\/i0.wp.com\/agrund.com\/wp-content\/uploads\/sites\/6\/2019\/10\/agrund-spfw-acessibilidade-2.jpeg?fit=600%2C445&amp;ssl=1\" data-orig-size=\"600,445\" data-comments-opened=\"1\" data-image-meta=\"{&quot;aperture&quot;:&quot;0&quot;,&quot;credit&quot;:&quot;&quot;,&quot;camera&quot;:&quot;&quot;,&quot;caption&quot;:&quot;&quot;,&quot;created_timestamp&quot;:&quot;0&quot;,&quot;copyright&quot;:&quot;&quot;,&quot;focal_length&quot;:&quot;0&quot;,&quot;iso&quot;:&quot;0&quot;,&quot;shutter_speed&quot;:&quot;0&quot;,&quot;title&quot;:&quot;&quot;,&quot;orientation&quot;:&quot;1&quot;}\" data-image-title=\"agrund-spfw-acessibilidade-2\" data-image-description=\"\" data-image-caption=\"\" data-medium-file=\"https:\/\/i0.wp.com\/agrund.com\/wp-content\/uploads\/sites\/6\/2019\/10\/agrund-spfw-acessibilidade-2.jpeg?fit=300%2C223&amp;ssl=1\" data-large-file=\"https:\/\/i0.wp.com\/agrund.com\/wp-content\/uploads\/sites\/6\/2019\/10\/agrund-spfw-acessibilidade-2.jpeg?fit=600%2C445&amp;ssl=1\" decoding=\"async\" loading=\"lazy\" width=\"600\" height=\"445\" src=\"https:\/\/i0.wp.com\/www.agrund.com\/wp-content\/uploads\/sites\/6\/2019\/10\/agrund-spfw-acessibilidade-2.jpeg?resize=600%2C445&#038;ssl=1\" alt=\"\" class=\"wp-image-204090\" srcset=\"https:\/\/i0.wp.com\/agrund.com\/wp-content\/uploads\/sites\/6\/2019\/10\/agrund-spfw-acessibilidade-2.jpeg?w=600&amp;ssl=1 600w, https:\/\/i0.wp.com\/agrund.com\/wp-content\/uploads\/sites\/6\/2019\/10\/agrund-spfw-acessibilidade-2.jpeg?resize=300%2C223&amp;ssl=1 300w\" sizes=\"(max-width: 600px) 100vw, 600px\" data-recalc-dims=\"1\" \/><figcaption>SPFW N48 :: Acessibilidade nos desfiles<\/figcaption><\/figure><\/div>\n\n\n\n<div class=\"wp-block-image\"><figure class=\"aligncenter\"><img data-attachment-id=\"204091\" data-permalink=\"https:\/\/agrund.com\/index.php\/spfw-n48-acessibilidade-nos-desfiles\/agrund-spfw-acessibilidade-3\/\" data-orig-file=\"https:\/\/i0.wp.com\/agrund.com\/wp-content\/uploads\/sites\/6\/2019\/10\/agrund-spfw-acessibilidade-3.jpeg?fit=600%2C395&amp;ssl=1\" data-orig-size=\"600,395\" data-comments-opened=\"1\" data-image-meta=\"{&quot;aperture&quot;:&quot;0&quot;,&quot;credit&quot;:&quot;&quot;,&quot;camera&quot;:&quot;&quot;,&quot;caption&quot;:&quot;&quot;,&quot;created_timestamp&quot;:&quot;0&quot;,&quot;copyright&quot;:&quot;&quot;,&quot;focal_length&quot;:&quot;0&quot;,&quot;iso&quot;:&quot;0&quot;,&quot;shutter_speed&quot;:&quot;0&quot;,&quot;title&quot;:&quot;&quot;,&quot;orientation&quot;:&quot;1&quot;}\" data-image-title=\"agrund-spfw-acessibilidade-3\" data-image-description=\"\" data-image-caption=\"\" data-medium-file=\"https:\/\/i0.wp.com\/agrund.com\/wp-content\/uploads\/sites\/6\/2019\/10\/agrund-spfw-acessibilidade-3.jpeg?fit=300%2C198&amp;ssl=1\" data-large-file=\"https:\/\/i0.wp.com\/agrund.com\/wp-content\/uploads\/sites\/6\/2019\/10\/agrund-spfw-acessibilidade-3.jpeg?fit=600%2C395&amp;ssl=1\" decoding=\"async\" loading=\"lazy\" width=\"600\" height=\"395\" src=\"https:\/\/i0.wp.com\/www.agrund.com\/wp-content\/uploads\/sites\/6\/2019\/10\/agrund-spfw-acessibilidade-3.jpeg?resize=600%2C395&#038;ssl=1\" alt=\"\" class=\"wp-image-204091\" srcset=\"https:\/\/i0.wp.com\/agrund.com\/wp-content\/uploads\/sites\/6\/2019\/10\/agrund-spfw-acessibilidade-3.jpeg?w=600&amp;ssl=1 600w, https:\/\/i0.wp.com\/agrund.com\/wp-content\/uploads\/sites\/6\/2019\/10\/agrund-spfw-acessibilidade-3.jpeg?resize=300%2C198&amp;ssl=1 300w\" sizes=\"(max-width: 600px) 100vw, 600px\" data-recalc-dims=\"1\" \/><figcaption>SPFW N48 :: Acessibilidade nos desfiles<\/figcaption><\/figure><\/div>\n\n\n\n<div class=\"wp-block-image\"><figure class=\"aligncenter\"><img data-attachment-id=\"204092\" data-permalink=\"https:\/\/agrund.com\/index.php\/spfw-n48-acessibilidade-nos-desfiles\/agrund-spfw-acessibilidade\/\" data-orig-file=\"https:\/\/i0.wp.com\/agrund.com\/wp-content\/uploads\/sites\/6\/2019\/10\/agrund-spfw-acessibilidade.jpeg?fit=600%2C399&amp;ssl=1\" data-orig-size=\"600,399\" data-comments-opened=\"1\" data-image-meta=\"{&quot;aperture&quot;:&quot;0&quot;,&quot;credit&quot;:&quot;&quot;,&quot;camera&quot;:&quot;&quot;,&quot;caption&quot;:&quot;&quot;,&quot;created_timestamp&quot;:&quot;0&quot;,&quot;copyright&quot;:&quot;&quot;,&quot;focal_length&quot;:&quot;0&quot;,&quot;iso&quot;:&quot;0&quot;,&quot;shutter_speed&quot;:&quot;0&quot;,&quot;title&quot;:&quot;&quot;,&quot;orientation&quot;:&quot;1&quot;}\" data-image-title=\"agrund-spfw-acessibilidade\" data-image-description=\"\" data-image-caption=\"\" data-medium-file=\"https:\/\/i0.wp.com\/agrund.com\/wp-content\/uploads\/sites\/6\/2019\/10\/agrund-spfw-acessibilidade.jpeg?fit=300%2C200&amp;ssl=1\" data-large-file=\"https:\/\/i0.wp.com\/agrund.com\/wp-content\/uploads\/sites\/6\/2019\/10\/agrund-spfw-acessibilidade.jpeg?fit=600%2C399&amp;ssl=1\" decoding=\"async\" loading=\"lazy\" width=\"600\" height=\"399\" src=\"https:\/\/i0.wp.com\/www.agrund.com\/wp-content\/uploads\/sites\/6\/2019\/10\/agrund-spfw-acessibilidade.jpeg?resize=600%2C399&#038;ssl=1\" alt=\"\" class=\"wp-image-204092\" srcset=\"https:\/\/i0.wp.com\/agrund.com\/wp-content\/uploads\/sites\/6\/2019\/10\/agrund-spfw-acessibilidade.jpeg?w=600&amp;ssl=1 600w, https:\/\/i0.wp.com\/agrund.com\/wp-content\/uploads\/sites\/6\/2019\/10\/agrund-spfw-acessibilidade.jpeg?resize=300%2C200&amp;ssl=1 300w\" sizes=\"(max-width: 600px) 100vw, 600px\" data-recalc-dims=\"1\" \/><figcaption>SPFW N48 :: Acessibilidade nos desfiles<\/figcaption><\/figure><\/div>\n\n\n\n<div class=\"wp-block-image\"><figure class=\"aligncenter\"><img data-attachment-id=\"204093\" data-permalink=\"https:\/\/agrund.com\/index.php\/spfw-n48-acessibilidade-nos-desfiles\/agrund-spfw-acessibilidade-5\/\" data-orig-file=\"https:\/\/i0.wp.com\/agrund.com\/wp-content\/uploads\/sites\/6\/2019\/10\/agrund-spfw-acessibilidade-5.jpeg?fit=600%2C728&amp;ssl=1\" data-orig-size=\"600,728\" data-comments-opened=\"1\" data-image-meta=\"{&quot;aperture&quot;:&quot;0&quot;,&quot;credit&quot;:&quot;&quot;,&quot;camera&quot;:&quot;&quot;,&quot;caption&quot;:&quot;&quot;,&quot;created_timestamp&quot;:&quot;0&quot;,&quot;copyright&quot;:&quot;&quot;,&quot;focal_length&quot;:&quot;0&quot;,&quot;iso&quot;:&quot;0&quot;,&quot;shutter_speed&quot;:&quot;0&quot;,&quot;title&quot;:&quot;&quot;,&quot;orientation&quot;:&quot;1&quot;}\" data-image-title=\"agrund-spfw-acessibilidade-5\" data-image-description=\"\" data-image-caption=\"\" data-medium-file=\"https:\/\/i0.wp.com\/agrund.com\/wp-content\/uploads\/sites\/6\/2019\/10\/agrund-spfw-acessibilidade-5.jpeg?fit=247%2C300&amp;ssl=1\" data-large-file=\"https:\/\/i0.wp.com\/agrund.com\/wp-content\/uploads\/sites\/6\/2019\/10\/agrund-spfw-acessibilidade-5.jpeg?fit=600%2C728&amp;ssl=1\" decoding=\"async\" loading=\"lazy\" width=\"600\" height=\"728\" src=\"https:\/\/i0.wp.com\/www.agrund.com\/wp-content\/uploads\/sites\/6\/2019\/10\/agrund-spfw-acessibilidade-5.jpeg?resize=600%2C728&#038;ssl=1\" alt=\"\" class=\"wp-image-204093\" srcset=\"https:\/\/i0.wp.com\/agrund.com\/wp-content\/uploads\/sites\/6\/2019\/10\/agrund-spfw-acessibilidade-5.jpeg?w=600&amp;ssl=1 600w, https:\/\/i0.wp.com\/agrund.com\/wp-content\/uploads\/sites\/6\/2019\/10\/agrund-spfw-acessibilidade-5.jpeg?resize=247%2C300&amp;ssl=1 247w\" sizes=\"(max-width: 600px) 100vw, 600px\" data-recalc-dims=\"1\" \/><figcaption>SPFW N48 :: Acessibilidade nos desfiles<\/figcaption><\/figure><\/div>\n\n\n\n<div class=\"wp-block-image\"><figure class=\"aligncenter\"><img data-attachment-id=\"204094\" data-permalink=\"https:\/\/agrund.com\/index.php\/spfw-n48-acessibilidade-nos-desfiles\/agrund-spfw-acessibilidade-7\/\" data-orig-file=\"https:\/\/i0.wp.com\/agrund.com\/wp-content\/uploads\/sites\/6\/2019\/10\/agrund-spfw-acessibilidade-7.jpeg?fit=600%2C747&amp;ssl=1\" data-orig-size=\"600,747\" data-comments-opened=\"1\" data-image-meta=\"{&quot;aperture&quot;:&quot;0&quot;,&quot;credit&quot;:&quot;&quot;,&quot;camera&quot;:&quot;&quot;,&quot;caption&quot;:&quot;&quot;,&quot;created_timestamp&quot;:&quot;0&quot;,&quot;copyright&quot;:&quot;&quot;,&quot;focal_length&quot;:&quot;0&quot;,&quot;iso&quot;:&quot;0&quot;,&quot;shutter_speed&quot;:&quot;0&quot;,&quot;title&quot;:&quot;&quot;,&quot;orientation&quot;:&quot;1&quot;}\" data-image-title=\"agrund-spfw-acessibilidade-7\" data-image-description=\"\" data-image-caption=\"\" data-medium-file=\"https:\/\/i0.wp.com\/agrund.com\/wp-content\/uploads\/sites\/6\/2019\/10\/agrund-spfw-acessibilidade-7.jpeg?fit=241%2C300&amp;ssl=1\" data-large-file=\"https:\/\/i0.wp.com\/agrund.com\/wp-content\/uploads\/sites\/6\/2019\/10\/agrund-spfw-acessibilidade-7.jpeg?fit=600%2C747&amp;ssl=1\" decoding=\"async\" loading=\"lazy\" width=\"600\" height=\"747\" src=\"https:\/\/i0.wp.com\/www.agrund.com\/wp-content\/uploads\/sites\/6\/2019\/10\/agrund-spfw-acessibilidade-7.jpeg?resize=600%2C747&#038;ssl=1\" alt=\"\" class=\"wp-image-204094\" srcset=\"https:\/\/i0.wp.com\/agrund.com\/wp-content\/uploads\/sites\/6\/2019\/10\/agrund-spfw-acessibilidade-7.jpeg?w=600&amp;ssl=1 600w, https:\/\/i0.wp.com\/agrund.com\/wp-content\/uploads\/sites\/6\/2019\/10\/agrund-spfw-acessibilidade-7.jpeg?resize=241%2C300&amp;ssl=1 241w\" sizes=\"(max-width: 600px) 100vw, 600px\" data-recalc-dims=\"1\" \/><figcaption>SPFW N48 :: Acessibilidade nos desfiles<\/figcaption><\/figure><\/div>\n\n\n\n<div class=\"wp-block-image\"><figure class=\"aligncenter\"><img data-attachment-id=\"204095\" data-permalink=\"https:\/\/agrund.com\/index.php\/spfw-n48-acessibilidade-nos-desfiles\/agrund-spfw-acessibilidade-4\/\" data-orig-file=\"https:\/\/i0.wp.com\/agrund.com\/wp-content\/uploads\/sites\/6\/2019\/10\/agrund-spfw-acessibilidade-4.jpeg?fit=600%2C964&amp;ssl=1\" data-orig-size=\"600,964\" data-comments-opened=\"1\" data-image-meta=\"{&quot;aperture&quot;:&quot;0&quot;,&quot;credit&quot;:&quot;&quot;,&quot;camera&quot;:&quot;&quot;,&quot;caption&quot;:&quot;&quot;,&quot;created_timestamp&quot;:&quot;0&quot;,&quot;copyright&quot;:&quot;&quot;,&quot;focal_length&quot;:&quot;0&quot;,&quot;iso&quot;:&quot;0&quot;,&quot;shutter_speed&quot;:&quot;0&quot;,&quot;title&quot;:&quot;&quot;,&quot;orientation&quot;:&quot;1&quot;}\" data-image-title=\"agrund-spfw-acessibilidade-4\" data-image-description=\"\" data-image-caption=\"\" data-medium-file=\"https:\/\/i0.wp.com\/agrund.com\/wp-content\/uploads\/sites\/6\/2019\/10\/agrund-spfw-acessibilidade-4.jpeg?fit=187%2C300&amp;ssl=1\" data-large-file=\"https:\/\/i0.wp.com\/agrund.com\/wp-content\/uploads\/sites\/6\/2019\/10\/agrund-spfw-acessibilidade-4.jpeg?fit=600%2C964&amp;ssl=1\" decoding=\"async\" loading=\"lazy\" width=\"600\" height=\"964\" src=\"https:\/\/i0.wp.com\/www.agrund.com\/wp-content\/uploads\/sites\/6\/2019\/10\/agrund-spfw-acessibilidade-4.jpeg?resize=600%2C964&#038;ssl=1\" alt=\"\" class=\"wp-image-204095\" srcset=\"https:\/\/i0.wp.com\/agrund.com\/wp-content\/uploads\/sites\/6\/2019\/10\/agrund-spfw-acessibilidade-4.jpeg?w=600&amp;ssl=1 600w, https:\/\/i0.wp.com\/agrund.com\/wp-content\/uploads\/sites\/6\/2019\/10\/agrund-spfw-acessibilidade-4.jpeg?resize=187%2C300&amp;ssl=1 187w\" sizes=\"(max-width: 600px) 100vw, 600px\" data-recalc-dims=\"1\" \/><figcaption>SPFW N48 :: Acessibilidade nos desfiles<\/figcaption><\/figure><\/div>\n\n\n\n<p>Fotos: Thay Sanqueta\/ Reprodu\u00e7\u00e3o\/ Secretaria Municipal da Pessoa com Defici\u00eancia (SMPED). <\/p>\n","protected":false},"excerpt":{"rendered":"<p>Por Thay Sanqueta | Edi\u00e7\u00e3o por Lari Mariano A Prefeitura de S\u00e3o Paulo realizou, por meio da Secretaria Municipal da Pessoa com Defici\u00eancia (SMPED), uma a\u00e7\u00e3o pioneira e especial nesta edi\u00e7\u00e3o da SPFW. Durante os desfiles do Projeto Estufa, o p\u00fablico com defici\u00eancia visual e auditiva contou com audiodescri\u00e7\u00e3o e libras, al\u00e9m da acessibilidade arquitet\u00f4nica [&hellip;]<\/p>\n","protected":false},"author":8,"featured_media":204089,"comment_status":"open","ping_status":"open","sticky":false,"template":"","format":"standard","meta":{"jetpack_post_was_ever_published":false,"_jetpack_newsletter_access":"","jetpack_publicize_message":"","jetpack_is_tweetstorm":false,"jetpack_publicize_feature_enabled":true,"jetpack_social_post_already_shared":true,"jetpack_social_options":{"image_generator_settings":{"template":"highway","enabled":false}}},"categories":[2,18],"tags":[],"jetpack_publicize_connections":[],"jetpack_featured_media_url":"https:\/\/i0.wp.com\/agrund.com\/wp-content\/uploads\/sites\/6\/2019\/10\/s-154.jpg?fit=960%2C300&ssl=1","jetpack_sharing_enabled":true,"jetpack_shortlink":"https:\/\/wp.me\/p3Hz0n-R5K","jetpack_likes_enabled":true,"_links":{"self":[{"href":"https:\/\/agrund.com\/index.php\/wp-json\/wp\/v2\/posts\/204088"}],"collection":[{"href":"https:\/\/agrund.com\/index.php\/wp-json\/wp\/v2\/posts"}],"about":[{"href":"https:\/\/agrund.com\/index.php\/wp-json\/wp\/v2\/types\/post"}],"author":[{"embeddable":true,"href":"https:\/\/agrund.com\/index.php\/wp-json\/wp\/v2\/users\/8"}],"replies":[{"embeddable":true,"href":"https:\/\/agrund.com\/index.php\/wp-json\/wp\/v2\/comments?post=204088"}],"version-history":[{"count":1,"href":"https:\/\/agrund.com\/index.php\/wp-json\/wp\/v2\/posts\/204088\/revisions"}],"predecessor-version":[{"id":204096,"href":"https:\/\/agrund.com\/index.php\/wp-json\/wp\/v2\/posts\/204088\/revisions\/204096"}],"wp:featuredmedia":[{"embeddable":true,"href":"https:\/\/agrund.com\/index.php\/wp-json\/wp\/v2\/media\/204089"}],"wp:attachment":[{"href":"https:\/\/agrund.com\/index.php\/wp-json\/wp\/v2\/media?parent=204088"}],"wp:term":[{"taxonomy":"category","embeddable":true,"href":"https:\/\/agrund.com\/index.php\/wp-json\/wp\/v2\/categories?post=204088"},{"taxonomy":"post_tag","embeddable":true,"href":"https:\/\/agrund.com\/index.php\/wp-json\/wp\/v2\/tags?post=204088"}],"curies":[{"name":"wp","href":"https:\/\/api.w.org\/{rel}","templated":true}]}}