{"id":204068,"date":"2019-10-18T18:00:31","date_gmt":"2019-10-18T21:00:31","guid":{"rendered":"http:\/\/www.agrund.com\/?p=204068"},"modified":"2019-10-18T18:26:14","modified_gmt":"2019-10-18T21:26:14","slug":"spfw-n48-no-bastidores-de-isaac-silva","status":"publish","type":"post","link":"https:\/\/agrund.com\/index.php\/spfw-n48-no-bastidores-de-isaac-silva\/","title":{"rendered":"SPFW N48 :: No bastidores de Isaac Silva"},"content":{"rendered":"\n<p>Por Lel\u00ea Santhana<\/p>\n\n\n\n<p>Em sua estreia, Isaac Silva falar\u00e1 sobre a matriz da cultura afro-brasileira. Buscando resgatar elementos que tanto tentam apagar da hist\u00f3ria do Brasil, o baiano far\u00e1 uma ode \u00e0s religi\u00f5es africanas e \u00e0s m\u00e3es de santo. <\/p>\n\n\n\n<p>A passarela, dominada por b\u00fazios e branco, ter\u00e1 tamb\u00e9m o uso do richili\u00ea, tecido usado pelas mulheres escravizadas no intuito de demonstrar poder, enquanto as mulheres brancas usavam rendas francesas. A narrativa constru\u00edda na apresenta\u00e7\u00e3o funcionar\u00e1 como uma homenagem a oxal\u00e1, evidenciando a transgress\u00e3o. <\/p>\n\n\n\n<p>Em conversa com o AGrund.com, Isaac contou que a sua responsabilidade social na moda e, portanto, tem muito cuidado ao criar cada cole\u00e7\u00e3o. Confira o backstage:<\/p>\n\n\n\n<div class=\"wp-block-image\"><figure class=\"aligncenter\"><img data-attachment-id=\"204069\" data-permalink=\"https:\/\/agrund.com\/index.php\/spfw-n48-no-bastidores-de-isaac-silva\/agrund-spfw-backstage-isaac-silva-3\/\" data-orig-file=\"https:\/\/i0.wp.com\/agrund.com\/wp-content\/uploads\/sites\/6\/2019\/10\/agrund-spfw-backstage-isaac-silva-3.jpg?fit=600%2C900&amp;ssl=1\" data-orig-size=\"600,900\" data-comments-opened=\"1\" data-image-meta=\"{&quot;aperture&quot;:&quot;2.8&quot;,&quot;credit&quot;:&quot;&quot;,&quot;camera&quot;:&quot;Canon EOS 5D Mark II&quot;,&quot;caption&quot;:&quot;&quot;,&quot;created_timestamp&quot;:&quot;1571415875&quot;,&quot;copyright&quot;:&quot;&quot;,&quot;focal_length&quot;:&quot;24&quot;,&quot;iso&quot;:&quot;800&quot;,&quot;shutter_speed&quot;:&quot;0.008&quot;,&quot;title&quot;:&quot;&quot;,&quot;orientation&quot;:&quot;1&quot;}\" data-image-title=\"agrund-spfw-backstage-isaac-silva-3\" data-image-description=\"\" data-image-caption=\"\" data-medium-file=\"https:\/\/i0.wp.com\/agrund.com\/wp-content\/uploads\/sites\/6\/2019\/10\/agrund-spfw-backstage-isaac-silva-3.jpg?fit=200%2C300&amp;ssl=1\" data-large-file=\"https:\/\/i0.wp.com\/agrund.com\/wp-content\/uploads\/sites\/6\/2019\/10\/agrund-spfw-backstage-isaac-silva-3.jpg?fit=600%2C900&amp;ssl=1\" decoding=\"async\" loading=\"lazy\" width=\"600\" height=\"900\" src=\"https:\/\/i0.wp.com\/www.agrund.com\/wp-content\/uploads\/sites\/6\/2019\/10\/agrund-spfw-backstage-isaac-silva-3.jpg?resize=600%2C900&#038;ssl=1\" alt=\"\" class=\"wp-image-204069\" srcset=\"https:\/\/i0.wp.com\/agrund.com\/wp-content\/uploads\/sites\/6\/2019\/10\/agrund-spfw-backstage-isaac-silva-3.jpg?w=600&amp;ssl=1 600w, https:\/\/i0.wp.com\/agrund.com\/wp-content\/uploads\/sites\/6\/2019\/10\/agrund-spfw-backstage-isaac-silva-3.jpg?resize=200%2C300&amp;ssl=1 200w\" sizes=\"(max-width: 600px) 100vw, 600px\" data-recalc-dims=\"1\" \/><figcaption>SPFW N48 :: Nos bastidores de Isaac Silva <\/figcaption><\/figure><\/div>\n\n\n\n<div class=\"wp-block-image\"><figure class=\"aligncenter\"><img data-attachment-id=\"204070\" data-permalink=\"https:\/\/agrund.com\/index.php\/spfw-n48-no-bastidores-de-isaac-silva\/agrund-spfw-backstage-isaac-silva-2\/\" data-orig-file=\"https:\/\/i0.wp.com\/agrund.com\/wp-content\/uploads\/sites\/6\/2019\/10\/agrund-spfw-backstage-isaac-silva-2.jpg?fit=600%2C900&amp;ssl=1\" data-orig-size=\"600,900\" data-comments-opened=\"1\" data-image-meta=\"{&quot;aperture&quot;:&quot;2.8&quot;,&quot;credit&quot;:&quot;&quot;,&quot;camera&quot;:&quot;Canon EOS 5D Mark II&quot;,&quot;caption&quot;:&quot;&quot;,&quot;created_timestamp&quot;:&quot;1571415808&quot;,&quot;copyright&quot;:&quot;&quot;,&quot;focal_length&quot;:&quot;48&quot;,&quot;iso&quot;:&quot;800&quot;,&quot;shutter_speed&quot;:&quot;0.008&quot;,&quot;title&quot;:&quot;&quot;,&quot;orientation&quot;:&quot;1&quot;}\" data-image-title=\"agrund-spfw-backstage-isaac-silva-2\" data-image-description=\"\" data-image-caption=\"\" data-medium-file=\"https:\/\/i0.wp.com\/agrund.com\/wp-content\/uploads\/sites\/6\/2019\/10\/agrund-spfw-backstage-isaac-silva-2.jpg?fit=200%2C300&amp;ssl=1\" data-large-file=\"https:\/\/i0.wp.com\/agrund.com\/wp-content\/uploads\/sites\/6\/2019\/10\/agrund-spfw-backstage-isaac-silva-2.jpg?fit=600%2C900&amp;ssl=1\" decoding=\"async\" loading=\"lazy\" width=\"600\" height=\"900\" src=\"https:\/\/i0.wp.com\/www.agrund.com\/wp-content\/uploads\/sites\/6\/2019\/10\/agrund-spfw-backstage-isaac-silva-2.jpg?resize=600%2C900&#038;ssl=1\" alt=\"\" class=\"wp-image-204070\" srcset=\"https:\/\/i0.wp.com\/agrund.com\/wp-content\/uploads\/sites\/6\/2019\/10\/agrund-spfw-backstage-isaac-silva-2.jpg?w=600&amp;ssl=1 600w, https:\/\/i0.wp.com\/agrund.com\/wp-content\/uploads\/sites\/6\/2019\/10\/agrund-spfw-backstage-isaac-silva-2.jpg?resize=200%2C300&amp;ssl=1 200w\" sizes=\"(max-width: 600px) 100vw, 600px\" data-recalc-dims=\"1\" \/><figcaption>SPFW N48 :: Nos bastidores de Isaac Silva <\/figcaption><\/figure><\/div>\n\n\n\n<div class=\"wp-block-image\"><figure class=\"aligncenter\"><img data-attachment-id=\"204071\" data-permalink=\"https:\/\/agrund.com\/index.php\/spfw-n48-no-bastidores-de-isaac-silva\/agrund-spfw-backstage-isaac-silva\/\" data-orig-file=\"https:\/\/i0.wp.com\/agrund.com\/wp-content\/uploads\/sites\/6\/2019\/10\/agrund-spfw-backstage-isaac-silva.jpg?fit=600%2C689&amp;ssl=1\" data-orig-size=\"600,689\" data-comments-opened=\"1\" data-image-meta=\"{&quot;aperture&quot;:&quot;2.8&quot;,&quot;credit&quot;:&quot;&quot;,&quot;camera&quot;:&quot;Canon EOS 5D Mark II&quot;,&quot;caption&quot;:&quot;&quot;,&quot;created_timestamp&quot;:&quot;1571415795&quot;,&quot;copyright&quot;:&quot;&quot;,&quot;focal_length&quot;:&quot;30&quot;,&quot;iso&quot;:&quot;800&quot;,&quot;shutter_speed&quot;:&quot;0.008&quot;,&quot;title&quot;:&quot;&quot;,&quot;orientation&quot;:&quot;1&quot;}\" data-image-title=\"agrund-spfw-backstage-isaac-silva\" data-image-description=\"\" data-image-caption=\"\" data-medium-file=\"https:\/\/i0.wp.com\/agrund.com\/wp-content\/uploads\/sites\/6\/2019\/10\/agrund-spfw-backstage-isaac-silva.jpg?fit=261%2C300&amp;ssl=1\" data-large-file=\"https:\/\/i0.wp.com\/agrund.com\/wp-content\/uploads\/sites\/6\/2019\/10\/agrund-spfw-backstage-isaac-silva.jpg?fit=600%2C689&amp;ssl=1\" decoding=\"async\" loading=\"lazy\" width=\"600\" height=\"689\" src=\"https:\/\/i0.wp.com\/www.agrund.com\/wp-content\/uploads\/sites\/6\/2019\/10\/agrund-spfw-backstage-isaac-silva.jpg?resize=600%2C689&#038;ssl=1\" alt=\"\" class=\"wp-image-204071\" srcset=\"https:\/\/i0.wp.com\/agrund.com\/wp-content\/uploads\/sites\/6\/2019\/10\/agrund-spfw-backstage-isaac-silva.jpg?w=600&amp;ssl=1 600w, https:\/\/i0.wp.com\/agrund.com\/wp-content\/uploads\/sites\/6\/2019\/10\/agrund-spfw-backstage-isaac-silva.jpg?resize=261%2C300&amp;ssl=1 261w\" sizes=\"(max-width: 600px) 100vw, 600px\" data-recalc-dims=\"1\" \/><figcaption>SPFW N48 :: Nos bastidores de Isaac Silva <\/figcaption><\/figure><\/div>\n\n\n\n<div class=\"wp-block-image\"><figure class=\"aligncenter\"><img data-attachment-id=\"204073\" data-permalink=\"https:\/\/agrund.com\/index.php\/spfw-n48-no-bastidores-de-isaac-silva\/agrund-spfw-backstage-isaac-silva-5\/\" data-orig-file=\"https:\/\/i0.wp.com\/agrund.com\/wp-content\/uploads\/sites\/6\/2019\/10\/agrund-spfw-backstage-isaac-silva-5.jpg?fit=600%2C801&amp;ssl=1\" data-orig-size=\"600,801\" data-comments-opened=\"1\" data-image-meta=\"{&quot;aperture&quot;:&quot;2.8&quot;,&quot;credit&quot;:&quot;&quot;,&quot;camera&quot;:&quot;Canon EOS 5D Mark II&quot;,&quot;caption&quot;:&quot;&quot;,&quot;created_timestamp&quot;:&quot;1571415883&quot;,&quot;copyright&quot;:&quot;&quot;,&quot;focal_length&quot;:&quot;24&quot;,&quot;iso&quot;:&quot;800&quot;,&quot;shutter_speed&quot;:&quot;0.008&quot;,&quot;title&quot;:&quot;&quot;,&quot;orientation&quot;:&quot;1&quot;}\" data-image-title=\"agrund-spfw-backstage-isaac-silva-5\" data-image-description=\"\" data-image-caption=\"\" data-medium-file=\"https:\/\/i0.wp.com\/agrund.com\/wp-content\/uploads\/sites\/6\/2019\/10\/agrund-spfw-backstage-isaac-silva-5.jpg?fit=225%2C300&amp;ssl=1\" data-large-file=\"https:\/\/i0.wp.com\/agrund.com\/wp-content\/uploads\/sites\/6\/2019\/10\/agrund-spfw-backstage-isaac-silva-5.jpg?fit=600%2C801&amp;ssl=1\" decoding=\"async\" loading=\"lazy\" width=\"600\" height=\"801\" src=\"https:\/\/i0.wp.com\/www.agrund.com\/wp-content\/uploads\/sites\/6\/2019\/10\/agrund-spfw-backstage-isaac-silva-5.jpg?resize=600%2C801&#038;ssl=1\" alt=\"\" class=\"wp-image-204073\" srcset=\"https:\/\/i0.wp.com\/agrund.com\/wp-content\/uploads\/sites\/6\/2019\/10\/agrund-spfw-backstage-isaac-silva-5.jpg?w=600&amp;ssl=1 600w, https:\/\/i0.wp.com\/agrund.com\/wp-content\/uploads\/sites\/6\/2019\/10\/agrund-spfw-backstage-isaac-silva-5.jpg?resize=225%2C300&amp;ssl=1 225w\" sizes=\"(max-width: 600px) 100vw, 600px\" data-recalc-dims=\"1\" \/><figcaption>SPFW N48 :: Nos bastidores de Isaac Silva <\/figcaption><\/figure><\/div>\n\n\n\n<div class=\"wp-block-image\"><figure class=\"aligncenter\"><img data-attachment-id=\"204072\" data-permalink=\"https:\/\/agrund.com\/index.php\/spfw-n48-no-bastidores-de-isaac-silva\/agrund-spfw-backstage-isaac-silva-7\/\" data-orig-file=\"https:\/\/i0.wp.com\/agrund.com\/wp-content\/uploads\/sites\/6\/2019\/10\/agrund-spfw-backstage-isaac-silva-7.jpg?fit=600%2C709&amp;ssl=1\" data-orig-size=\"600,709\" data-comments-opened=\"1\" data-image-meta=\"{&quot;aperture&quot;:&quot;2.8&quot;,&quot;credit&quot;:&quot;&quot;,&quot;camera&quot;:&quot;Canon EOS 5D Mark II&quot;,&quot;caption&quot;:&quot;&quot;,&quot;created_timestamp&quot;:&quot;1571415909&quot;,&quot;copyright&quot;:&quot;&quot;,&quot;focal_length&quot;:&quot;70&quot;,&quot;iso&quot;:&quot;800&quot;,&quot;shutter_speed&quot;:&quot;0.008&quot;,&quot;title&quot;:&quot;&quot;,&quot;orientation&quot;:&quot;1&quot;}\" data-image-title=\"agrund-spfw-backstage-isaac-silva-7\" data-image-description=\"\" data-image-caption=\"\" data-medium-file=\"https:\/\/i0.wp.com\/agrund.com\/wp-content\/uploads\/sites\/6\/2019\/10\/agrund-spfw-backstage-isaac-silva-7.jpg?fit=254%2C300&amp;ssl=1\" data-large-file=\"https:\/\/i0.wp.com\/agrund.com\/wp-content\/uploads\/sites\/6\/2019\/10\/agrund-spfw-backstage-isaac-silva-7.jpg?fit=600%2C709&amp;ssl=1\" decoding=\"async\" loading=\"lazy\" width=\"600\" height=\"709\" src=\"https:\/\/i0.wp.com\/www.agrund.com\/wp-content\/uploads\/sites\/6\/2019\/10\/agrund-spfw-backstage-isaac-silva-7.jpg?resize=600%2C709&#038;ssl=1\" alt=\"\" class=\"wp-image-204072\" srcset=\"https:\/\/i0.wp.com\/agrund.com\/wp-content\/uploads\/sites\/6\/2019\/10\/agrund-spfw-backstage-isaac-silva-7.jpg?w=600&amp;ssl=1 600w, https:\/\/i0.wp.com\/agrund.com\/wp-content\/uploads\/sites\/6\/2019\/10\/agrund-spfw-backstage-isaac-silva-7.jpg?resize=254%2C300&amp;ssl=1 254w\" sizes=\"(max-width: 600px) 100vw, 600px\" data-recalc-dims=\"1\" \/><figcaption>SPFW N48 :: Nos bastidores de Isaac Silva <\/figcaption><\/figure><\/div>\n\n\n\n<p>Fotos: Paulo Candido. <\/p>\n","protected":false},"excerpt":{"rendered":"<p>Por Lel\u00ea Santhana Em sua estreia, Isaac Silva falar\u00e1 sobre a matriz da cultura afro-brasileira. Buscando resgatar elementos que tanto tentam apagar da hist\u00f3ria do Brasil, o baiano far\u00e1 uma ode \u00e0s religi\u00f5es africanas e \u00e0s m\u00e3es de santo. A passarela, dominada por b\u00fazios e branco, ter\u00e1 tamb\u00e9m o uso do richili\u00ea, tecido usado pelas [&hellip;]<\/p>\n","protected":false},"author":8,"featured_media":204074,"comment_status":"open","ping_status":"open","sticky":false,"template":"","format":"standard","meta":{"jetpack_post_was_ever_published":false,"_jetpack_newsletter_access":"","jetpack_publicize_message":"","jetpack_is_tweetstorm":false,"jetpack_publicize_feature_enabled":true,"jetpack_social_post_already_shared":true,"jetpack_social_options":{"image_generator_settings":{"template":"highway","enabled":false}}},"categories":[2,18],"tags":[],"jetpack_publicize_connections":[],"jetpack_featured_media_url":"https:\/\/i0.wp.com\/agrund.com\/wp-content\/uploads\/sites\/6\/2019\/10\/s-152.jpg?fit=960%2C300&ssl=1","jetpack_sharing_enabled":true,"jetpack_shortlink":"https:\/\/wp.me\/p3Hz0n-R5q","jetpack_likes_enabled":true,"_links":{"self":[{"href":"https:\/\/agrund.com\/index.php\/wp-json\/wp\/v2\/posts\/204068"}],"collection":[{"href":"https:\/\/agrund.com\/index.php\/wp-json\/wp\/v2\/posts"}],"about":[{"href":"https:\/\/agrund.com\/index.php\/wp-json\/wp\/v2\/types\/post"}],"author":[{"embeddable":true,"href":"https:\/\/agrund.com\/index.php\/wp-json\/wp\/v2\/users\/8"}],"replies":[{"embeddable":true,"href":"https:\/\/agrund.com\/index.php\/wp-json\/wp\/v2\/comments?post=204068"}],"version-history":[{"count":1,"href":"https:\/\/agrund.com\/index.php\/wp-json\/wp\/v2\/posts\/204068\/revisions"}],"predecessor-version":[{"id":204075,"href":"https:\/\/agrund.com\/index.php\/wp-json\/wp\/v2\/posts\/204068\/revisions\/204075"}],"wp:featuredmedia":[{"embeddable":true,"href":"https:\/\/agrund.com\/index.php\/wp-json\/wp\/v2\/media\/204074"}],"wp:attachment":[{"href":"https:\/\/agrund.com\/index.php\/wp-json\/wp\/v2\/media?parent=204068"}],"wp:term":[{"taxonomy":"category","embeddable":true,"href":"https:\/\/agrund.com\/index.php\/wp-json\/wp\/v2\/categories?post=204068"},{"taxonomy":"post_tag","embeddable":true,"href":"https:\/\/agrund.com\/index.php\/wp-json\/wp\/v2\/tags?post=204068"}],"curies":[{"name":"wp","href":"https:\/\/api.w.org\/{rel}","templated":true}]}}