{"id":204021,"date":"2019-10-18T11:00:31","date_gmt":"2019-10-18T14:00:31","guid":{"rendered":"http:\/\/www.agrund.com\/?p=204021"},"modified":"2019-10-18T11:36:21","modified_gmt":"2019-10-18T14:36:21","slug":"spfw-n48-as-novas-tendencias-de-make","status":"publish","type":"post","link":"https:\/\/agrund.com\/index.php\/spfw-n48-as-novas-tendencias-de-make\/","title":{"rendered":"SPFW N48 :: As novas tend\u00eancias de make"},"content":{"rendered":"\n<p>Por Lel\u00ea Santhana<\/p>\n\n\n\n<p>No backstage do S\u00e3o Paulo Fashion Week, conversamos com o maquiador Helder Rodrigues, que assina a maquiagem de muitos desfiles. O mineiro de 32 anos comentou com o AGrund.com sobre as mudan\u00e7as nas est\u00e9ticas de beleza. Depois de uma era carregada e regada a contornos e esfumados escuros, vem surgindo uma onda colorida e natural.<\/p>\n\n\n\n<p>\u201cEu nunca fui adepto de t\u00e9cnicas de contorno e maquiagens pesadas. Acredito que a beleza natural j\u00e1 diz por muito por si s\u00f3. Ningu\u00e9m precisa se mascarar para se sentir bem. A gente se aceita como \u00e9 e brinca com a maquiagem. Maquiagem \u00e9 sobre divers\u00e3o\u201d, afirma Helder.\u00a0<\/p>\n\n\n\n<p>Para algumas mulheres continua sendo um desafio abrir m\u00e3o do famoso \u2018reboco\u2019, mas Helder d\u00e1 a dica: \u201c\u00e9 necess\u00e1rio cuidar da pele. Hidratar, dormir bem&#8230; Por mais dif\u00edcil que seja seguir, facilitar para n\u00e3o ter que fazer todos aqueles m\u00ednimos passos da maquiagem\u201d.\u00a0<\/p>\n\n\n\n<p>Esta transforma\u00e7\u00e3o se consolidou gra\u00e7as a s\u00e9rie Euphoria, estrelada por Zendaya no HBO, que coloca a maquiagem como um instrumento criativo e de realce. As produ\u00e7\u00f5es viralizam nas redes, criando desejo e um n\u00famero maior de adeptas nas ruas.<\/p>\n\n\n\n<p>Mas, apesar de ter se tornando uma enorme tend\u00eancia, Helder faz quest\u00e3o de frisar: \u201cTodo mundo \u00e9 livre. Cada um usa o que se sente \u00e0 vontade. Quem ama contorno, que use contorno\u201d.\u00a0<\/p>\n\n\n\n<p>Sobre as suas tr\u00eas tend\u00eancias favoritas do momento, ele \u00e9 r\u00e1pido: \u201cpele sem blush, sobrancelha bagun\u00e7adinha e cabelo com gel\u201d.\u00a0Anotou tudo?<\/p>\n\n\n\n<div class=\"wp-block-image\"><figure class=\"aligncenter\"><img data-attachment-id=\"204022\" data-permalink=\"https:\/\/agrund.com\/index.php\/spfw-n48-as-novas-tendencias-de-make\/agrund-spfw-helder-rodrigues-1\/\" data-orig-file=\"https:\/\/i0.wp.com\/agrund.com\/wp-content\/uploads\/sites\/6\/2019\/10\/agrund-spfw-helder-rodrigues-1.jpg?fit=600%2C739&amp;ssl=1\" data-orig-size=\"600,739\" data-comments-opened=\"1\" data-image-meta=\"{&quot;aperture&quot;:&quot;2.8&quot;,&quot;credit&quot;:&quot;&quot;,&quot;camera&quot;:&quot;Canon EOS 5D Mark II&quot;,&quot;caption&quot;:&quot;&quot;,&quot;created_timestamp&quot;:&quot;1571319065&quot;,&quot;copyright&quot;:&quot;&quot;,&quot;focal_length&quot;:&quot;39&quot;,&quot;iso&quot;:&quot;1000&quot;,&quot;shutter_speed&quot;:&quot;0.008&quot;,&quot;title&quot;:&quot;&quot;,&quot;orientation&quot;:&quot;1&quot;}\" data-image-title=\"agrund-spfw-helder-rodrigues-1\" data-image-description=\"\" data-image-caption=\"\" data-medium-file=\"https:\/\/i0.wp.com\/agrund.com\/wp-content\/uploads\/sites\/6\/2019\/10\/agrund-spfw-helder-rodrigues-1.jpg?fit=244%2C300&amp;ssl=1\" data-large-file=\"https:\/\/i0.wp.com\/agrund.com\/wp-content\/uploads\/sites\/6\/2019\/10\/agrund-spfw-helder-rodrigues-1.jpg?fit=600%2C739&amp;ssl=1\" decoding=\"async\" loading=\"lazy\" width=\"600\" height=\"739\" src=\"https:\/\/i0.wp.com\/www.agrund.com\/wp-content\/uploads\/sites\/6\/2019\/10\/agrund-spfw-helder-rodrigues-1.jpg?resize=600%2C739&#038;ssl=1\" alt=\"\" class=\"wp-image-204022\" srcset=\"https:\/\/i0.wp.com\/agrund.com\/wp-content\/uploads\/sites\/6\/2019\/10\/agrund-spfw-helder-rodrigues-1.jpg?w=600&amp;ssl=1 600w, https:\/\/i0.wp.com\/agrund.com\/wp-content\/uploads\/sites\/6\/2019\/10\/agrund-spfw-helder-rodrigues-1.jpg?resize=244%2C300&amp;ssl=1 244w\" sizes=\"(max-width: 600px) 100vw, 600px\" data-recalc-dims=\"1\" \/><figcaption>SPFW N48 :: As novas tend\u00eancias de make <\/figcaption><\/figure><\/div>\n\n\n\n<p>Foto: Paulo Candido. <\/p>\n","protected":false},"excerpt":{"rendered":"<p>Por Lel\u00ea Santhana No backstage do S\u00e3o Paulo Fashion Week, conversamos com o maquiador Helder Rodrigues, que assina a maquiagem de muitos desfiles. O mineiro de 32 anos comentou com o AGrund.com sobre as mudan\u00e7as nas est\u00e9ticas de beleza. Depois de uma era carregada e regada a contornos e esfumados escuros, vem surgindo uma onda [&hellip;]<\/p>\n","protected":false},"author":8,"featured_media":203901,"comment_status":"open","ping_status":"open","sticky":false,"template":"","format":"standard","meta":{"jetpack_post_was_ever_published":false,"_jetpack_newsletter_access":"","jetpack_publicize_message":"","jetpack_is_tweetstorm":false,"jetpack_publicize_feature_enabled":true,"jetpack_social_post_already_shared":true,"jetpack_social_options":{"image_generator_settings":{"template":"highway","enabled":false}}},"categories":[2,18],"tags":[64,1037,692,372,140,813,550],"jetpack_publicize_connections":[],"jetpack_featured_media_url":"https:\/\/i0.wp.com\/agrund.com\/wp-content\/uploads\/sites\/6\/2019\/10\/s-131.jpg?fit=960%2C300&ssl=1","jetpack_sharing_enabled":true,"jetpack_shortlink":"https:\/\/wp.me\/p3Hz0n-R4F","jetpack_likes_enabled":true,"_links":{"self":[{"href":"https:\/\/agrund.com\/index.php\/wp-json\/wp\/v2\/posts\/204021"}],"collection":[{"href":"https:\/\/agrund.com\/index.php\/wp-json\/wp\/v2\/posts"}],"about":[{"href":"https:\/\/agrund.com\/index.php\/wp-json\/wp\/v2\/types\/post"}],"author":[{"embeddable":true,"href":"https:\/\/agrund.com\/index.php\/wp-json\/wp\/v2\/users\/8"}],"replies":[{"embeddable":true,"href":"https:\/\/agrund.com\/index.php\/wp-json\/wp\/v2\/comments?post=204021"}],"version-history":[{"count":1,"href":"https:\/\/agrund.com\/index.php\/wp-json\/wp\/v2\/posts\/204021\/revisions"}],"predecessor-version":[{"id":204023,"href":"https:\/\/agrund.com\/index.php\/wp-json\/wp\/v2\/posts\/204021\/revisions\/204023"}],"wp:featuredmedia":[{"embeddable":true,"href":"https:\/\/agrund.com\/index.php\/wp-json\/wp\/v2\/media\/203901"}],"wp:attachment":[{"href":"https:\/\/agrund.com\/index.php\/wp-json\/wp\/v2\/media?parent=204021"}],"wp:term":[{"taxonomy":"category","embeddable":true,"href":"https:\/\/agrund.com\/index.php\/wp-json\/wp\/v2\/categories?post=204021"},{"taxonomy":"post_tag","embeddable":true,"href":"https:\/\/agrund.com\/index.php\/wp-json\/wp\/v2\/tags?post=204021"}],"curies":[{"name":"wp","href":"https:\/\/api.w.org\/{rel}","templated":true}]}}