{"id":203894,"date":"2019-10-17T14:20:00","date_gmt":"2019-10-17T17:20:00","guid":{"rendered":"http:\/\/www.agrund.com\/?p=203894"},"modified":"2019-10-17T14:20:17","modified_gmt":"2019-10-17T17:20:17","slug":"spfw-n48-helder-rodrigues-revela-os-segredos-da-pele-perfeita","status":"publish","type":"post","link":"https:\/\/agrund.com\/index.php\/spfw-n48-helder-rodrigues-revela-os-segredos-da-pele-perfeita\/","title":{"rendered":"SPFW N48 :: Helder Rodrigues revela os segredos da pele perfeita"},"content":{"rendered":"\n<p>Pauta por Jo\u00e3o Macrae | Texto por Lari Mariano <\/p>\n\n\n\n<p>Quem n\u00e3o ama se sentir incr\u00edvel? Batemos um papo com o maquiador Helder Rodrigues, que destacou: beleza e sa\u00fade andam sempre de m\u00e3os dadas. <\/p>\n\n\n\n<p>\u201cDormir bem e se alimentar bem s\u00e3o os principais fatores que influenciam nossa pele\u201d, contou.<\/p>\n\n\n\n<p>E, sobre os produtinhos, n\u00e3o dispensar um bom t\u00f4nico, de acordo com o seu tipo de pele, para manter uma apar\u00eancia saud\u00e1vel no dia a dia. E um lembrete pra salvar: beber \u00e1gua, hidrata\u00e7\u00e3o \u00e9 fundamental! Anotou? <\/p>\n\n\n\n<div class=\"wp-block-image\"><figure class=\"aligncenter\"><img data-attachment-id=\"203900\" data-permalink=\"https:\/\/agrund.com\/index.php\/spfw-n48-helder-rodrigues-revela-os-segredos-da-pele-perfeita\/agrund-spfw-helder-rodrigues\/\" data-orig-file=\"https:\/\/i0.wp.com\/agrund.com\/wp-content\/uploads\/sites\/6\/2019\/10\/agrund-spfw-helder-rodrigues.jpg?fit=600%2C739&amp;ssl=1\" data-orig-size=\"600,739\" data-comments-opened=\"1\" data-image-meta=\"{&quot;aperture&quot;:&quot;2.8&quot;,&quot;credit&quot;:&quot;&quot;,&quot;camera&quot;:&quot;Canon EOS 5D Mark II&quot;,&quot;caption&quot;:&quot;&quot;,&quot;created_timestamp&quot;:&quot;1571319065&quot;,&quot;copyright&quot;:&quot;&quot;,&quot;focal_length&quot;:&quot;39&quot;,&quot;iso&quot;:&quot;1000&quot;,&quot;shutter_speed&quot;:&quot;0.008&quot;,&quot;title&quot;:&quot;&quot;,&quot;orientation&quot;:&quot;1&quot;}\" data-image-title=\"agrund-spfw-helder-rodrigues\" data-image-description=\"\" data-image-caption=\"\" data-medium-file=\"https:\/\/i0.wp.com\/agrund.com\/wp-content\/uploads\/sites\/6\/2019\/10\/agrund-spfw-helder-rodrigues.jpg?fit=244%2C300&amp;ssl=1\" data-large-file=\"https:\/\/i0.wp.com\/agrund.com\/wp-content\/uploads\/sites\/6\/2019\/10\/agrund-spfw-helder-rodrigues.jpg?fit=600%2C739&amp;ssl=1\" decoding=\"async\" loading=\"lazy\" width=\"600\" height=\"739\" src=\"https:\/\/i0.wp.com\/www.agrund.com\/wp-content\/uploads\/sites\/6\/2019\/10\/agrund-spfw-helder-rodrigues.jpg?resize=600%2C739&#038;ssl=1\" alt=\"\" class=\"wp-image-203900\" srcset=\"https:\/\/i0.wp.com\/agrund.com\/wp-content\/uploads\/sites\/6\/2019\/10\/agrund-spfw-helder-rodrigues.jpg?w=600&amp;ssl=1 600w, https:\/\/i0.wp.com\/agrund.com\/wp-content\/uploads\/sites\/6\/2019\/10\/agrund-spfw-helder-rodrigues.jpg?resize=244%2C300&amp;ssl=1 244w\" sizes=\"(max-width: 600px) 100vw, 600px\" data-recalc-dims=\"1\" \/><\/figure><\/div>\n\n\n\n<p>Foto: Paulo Candido. <\/p>\n","protected":false},"excerpt":{"rendered":"<p>Pauta por Jo\u00e3o Macrae | Texto por Lari Mariano Quem n\u00e3o ama se sentir incr\u00edvel? Batemos um papo com o maquiador Helder Rodrigues, que destacou: beleza e sa\u00fade andam sempre de m\u00e3os dadas. \u201cDormir bem e se alimentar bem s\u00e3o os principais fatores que influenciam nossa pele\u201d, contou. E, sobre os produtinhos, n\u00e3o dispensar um [&hellip;]<\/p>\n","protected":false},"author":8,"featured_media":203901,"comment_status":"open","ping_status":"open","sticky":false,"template":"","format":"standard","meta":{"jetpack_post_was_ever_published":false,"_jetpack_newsletter_access":"","jetpack_publicize_message":"","jetpack_is_tweetstorm":false,"jetpack_publicize_feature_enabled":true,"jetpack_social_post_already_shared":true,"jetpack_social_options":{"image_generator_settings":{"template":"highway","enabled":false}}},"categories":[2,18],"tags":[],"jetpack_publicize_connections":[],"jetpack_featured_media_url":"https:\/\/i0.wp.com\/agrund.com\/wp-content\/uploads\/sites\/6\/2019\/10\/s-131.jpg?fit=960%2C300&ssl=1","jetpack_sharing_enabled":true,"jetpack_shortlink":"https:\/\/wp.me\/p3Hz0n-R2C","jetpack_likes_enabled":true,"_links":{"self":[{"href":"https:\/\/agrund.com\/index.php\/wp-json\/wp\/v2\/posts\/203894"}],"collection":[{"href":"https:\/\/agrund.com\/index.php\/wp-json\/wp\/v2\/posts"}],"about":[{"href":"https:\/\/agrund.com\/index.php\/wp-json\/wp\/v2\/types\/post"}],"author":[{"embeddable":true,"href":"https:\/\/agrund.com\/index.php\/wp-json\/wp\/v2\/users\/8"}],"replies":[{"embeddable":true,"href":"https:\/\/agrund.com\/index.php\/wp-json\/wp\/v2\/comments?post=203894"}],"version-history":[{"count":3,"href":"https:\/\/agrund.com\/index.php\/wp-json\/wp\/v2\/posts\/203894\/revisions"}],"predecessor-version":[{"id":203902,"href":"https:\/\/agrund.com\/index.php\/wp-json\/wp\/v2\/posts\/203894\/revisions\/203902"}],"wp:featuredmedia":[{"embeddable":true,"href":"https:\/\/agrund.com\/index.php\/wp-json\/wp\/v2\/media\/203901"}],"wp:attachment":[{"href":"https:\/\/agrund.com\/index.php\/wp-json\/wp\/v2\/media?parent=203894"}],"wp:term":[{"taxonomy":"category","embeddable":true,"href":"https:\/\/agrund.com\/index.php\/wp-json\/wp\/v2\/categories?post=203894"},{"taxonomy":"post_tag","embeddable":true,"href":"https:\/\/agrund.com\/index.php\/wp-json\/wp\/v2\/tags?post=203894"}],"curies":[{"name":"wp","href":"https:\/\/api.w.org\/{rel}","templated":true}]}}