{"id":203871,"date":"2019-10-16T19:20:35","date_gmt":"2019-10-16T22:20:35","guid":{"rendered":"http:\/\/www.agrund.com\/?p=203871"},"modified":"2019-10-16T19:08:18","modified_gmt":"2019-10-16T22:08:18","slug":"spfw-n48-conheca-sam-porto","status":"publish","type":"post","link":"https:\/\/agrund.com\/index.php\/spfw-n48-conheca-sam-porto\/","title":{"rendered":"SPFW N48 :: Conhe\u00e7a Sam Porto"},"content":{"rendered":"\n<p>Por Lari Mariano<\/p>\n\n\n\n<p>De estilo aut\u00eantico, Sam Porto vem ganhando destaque na SPFW. Nesta edi\u00e7\u00e3o, o modelo trans j\u00e1 desfilou nas passarelas da Ellus, Korshi e Modem, e ainda passar\u00e1 por Cavalera, Jo\u00e3o Pimenta, Apartamento 03 e Handred. Ufa! <\/p>\n\n\n\n<p>Para al\u00e9m das passarelas e do mundo da moda, Sam tamb\u00e9m \u00e9 tatuador, com endere\u00e7o em Bras\u00edlia, sua cidade natal.&nbsp;<\/p>\n\n\n\n<p>Acompanhe o modelo no Instagram: <a href=\"https:\/\/www.instagram.com\/portiinn\/\">@portiinn<\/a><\/p>\n\n\n\n<div class=\"wp-block-image\"><figure class=\"aligncenter\"><img data-attachment-id=\"203873\" data-permalink=\"https:\/\/agrund.com\/index.php\/spfw-n48-conheca-sam-porto\/agrund-sam-portim\/\" data-orig-file=\"https:\/\/i0.wp.com\/agrund.com\/wp-content\/uploads\/sites\/6\/2019\/10\/agrund-sam-portim.jpg?fit=550%2C820&amp;ssl=1\" data-orig-size=\"550,820\" data-comments-opened=\"1\" data-image-meta=\"{&quot;aperture&quot;:&quot;0&quot;,&quot;credit&quot;:&quot;&quot;,&quot;camera&quot;:&quot;&quot;,&quot;caption&quot;:&quot;&quot;,&quot;created_timestamp&quot;:&quot;0&quot;,&quot;copyright&quot;:&quot;&quot;,&quot;focal_length&quot;:&quot;0&quot;,&quot;iso&quot;:&quot;0&quot;,&quot;shutter_speed&quot;:&quot;0&quot;,&quot;title&quot;:&quot;&quot;,&quot;orientation&quot;:&quot;1&quot;}\" data-image-title=\"agrund-sam-portim\" data-image-description=\"\" data-image-caption=\"\" data-medium-file=\"https:\/\/i0.wp.com\/agrund.com\/wp-content\/uploads\/sites\/6\/2019\/10\/agrund-sam-portim.jpg?fit=201%2C300&amp;ssl=1\" data-large-file=\"https:\/\/i0.wp.com\/agrund.com\/wp-content\/uploads\/sites\/6\/2019\/10\/agrund-sam-portim.jpg?fit=550%2C820&amp;ssl=1\" decoding=\"async\" loading=\"lazy\" width=\"550\" height=\"820\" src=\"https:\/\/i0.wp.com\/www.agrund.com\/wp-content\/uploads\/sites\/6\/2019\/10\/agrund-sam-portim.jpg?resize=550%2C820&#038;ssl=1\" alt=\"\" class=\"wp-image-203873\" srcset=\"https:\/\/i0.wp.com\/agrund.com\/wp-content\/uploads\/sites\/6\/2019\/10\/agrund-sam-portim.jpg?w=550&amp;ssl=1 550w, https:\/\/i0.wp.com\/agrund.com\/wp-content\/uploads\/sites\/6\/2019\/10\/agrund-sam-portim.jpg?resize=201%2C300&amp;ssl=1 201w\" sizes=\"(max-width: 550px) 100vw, 550px\" data-recalc-dims=\"1\" \/><figcaption>SPFW N48 :: Conhe\u00e7a Sam Porto<\/figcaption><\/figure><\/div>\n\n\n\n<p>Foto: Reprodu\u00e7\u00e3o\/ Instagram. <\/p>\n","protected":false},"excerpt":{"rendered":"<p>Por Lari Mariano De estilo aut\u00eantico, Sam Porto vem ganhando destaque na SPFW. Nesta edi\u00e7\u00e3o, o modelo trans j\u00e1 desfilou nas passarelas da Ellus, Korshi e Modem, e ainda passar\u00e1 por Cavalera, Jo\u00e3o Pimenta, Apartamento 03 e Handred. Ufa! Para al\u00e9m das passarelas e do mundo da moda, Sam tamb\u00e9m \u00e9 tatuador, com endere\u00e7o em [&hellip;]<\/p>\n","protected":false},"author":8,"featured_media":203874,"comment_status":"open","ping_status":"open","sticky":false,"template":"","format":"standard","meta":{"jetpack_post_was_ever_published":false,"_jetpack_newsletter_access":"","jetpack_publicize_message":"","jetpack_is_tweetstorm":false,"jetpack_publicize_feature_enabled":true,"jetpack_social_post_already_shared":true,"jetpack_social_options":{"image_generator_settings":{"template":"highway","enabled":false}}},"categories":[2,18],"tags":[],"jetpack_publicize_connections":[],"jetpack_featured_media_url":"https:\/\/i0.wp.com\/agrund.com\/wp-content\/uploads\/sites\/6\/2019\/10\/s-127.jpg?fit=960%2C300&ssl=1","jetpack_sharing_enabled":true,"jetpack_shortlink":"https:\/\/wp.me\/p3Hz0n-R2f","jetpack_likes_enabled":true,"_links":{"self":[{"href":"https:\/\/agrund.com\/index.php\/wp-json\/wp\/v2\/posts\/203871"}],"collection":[{"href":"https:\/\/agrund.com\/index.php\/wp-json\/wp\/v2\/posts"}],"about":[{"href":"https:\/\/agrund.com\/index.php\/wp-json\/wp\/v2\/types\/post"}],"author":[{"embeddable":true,"href":"https:\/\/agrund.com\/index.php\/wp-json\/wp\/v2\/users\/8"}],"replies":[{"embeddable":true,"href":"https:\/\/agrund.com\/index.php\/wp-json\/wp\/v2\/comments?post=203871"}],"version-history":[{"count":2,"href":"https:\/\/agrund.com\/index.php\/wp-json\/wp\/v2\/posts\/203871\/revisions"}],"predecessor-version":[{"id":203875,"href":"https:\/\/agrund.com\/index.php\/wp-json\/wp\/v2\/posts\/203871\/revisions\/203875"}],"wp:featuredmedia":[{"embeddable":true,"href":"https:\/\/agrund.com\/index.php\/wp-json\/wp\/v2\/media\/203874"}],"wp:attachment":[{"href":"https:\/\/agrund.com\/index.php\/wp-json\/wp\/v2\/media?parent=203871"}],"wp:term":[{"taxonomy":"category","embeddable":true,"href":"https:\/\/agrund.com\/index.php\/wp-json\/wp\/v2\/categories?post=203871"},{"taxonomy":"post_tag","embeddable":true,"href":"https:\/\/agrund.com\/index.php\/wp-json\/wp\/v2\/tags?post=203871"}],"curies":[{"name":"wp","href":"https:\/\/api.w.org\/{rel}","templated":true}]}}