{"id":203812,"date":"2019-10-16T18:50:07","date_gmt":"2019-10-16T21:50:07","guid":{"rendered":"http:\/\/www.agrund.com\/?p=203812"},"modified":"2019-10-16T18:53:18","modified_gmt":"2019-10-16T21:53:18","slug":"spfw-n48-rosa-rosinha-rosao","status":"publish","type":"post","link":"https:\/\/agrund.com\/index.php\/spfw-n48-rosa-rosinha-rosao\/","title":{"rendered":"SPFW N48 :: Rosa, rosinha, ros\u00e3o!"},"content":{"rendered":"\n<p>Por Thay Sanqueta&nbsp;| Edi\u00e7\u00e3o Rafaela Piovezani<\/p>\n\n\n\n<p>Tem um mar de rosas nos corredores deste segundo dia da\u00a0SPFW N48. Calma, calma&#8230; n\u00e3o estou falando das flores, mas sim da cor, em mais de 50 tons.\u00a0<\/p>\n\n\n\n<p>Em looks monocrom\u00e1ticos, na maquiagem, como pontos de cor nos acess\u00f3rios, estampas e at\u00e9 nos cabelos! O tom rosa invadiu com for\u00e7a total os closets das fashionistas &#8211; ops &#8211; e\u00a0DOS fashionistas tamb\u00e9m. E voc\u00ea j\u00e1 se jogou nas \u00e1guas desse mar? Confira um pouco do que vimos por aqui:<\/p>\n\n\n\n<div class=\"wp-block-image\"><figure class=\"aligncenter\"><img data-attachment-id=\"203855\" data-permalink=\"https:\/\/agrund.com\/index.php\/spfw-n48-rosa-rosinha-rosao\/agrund-rosa-ana-luiza-advogada\/\" data-orig-file=\"https:\/\/i0.wp.com\/agrund.com\/wp-content\/uploads\/sites\/6\/2019\/10\/agrund-rosa-ANA-LUIZA-ADVOGADA.jpg?fit=600%2C872&amp;ssl=1\" data-orig-size=\"600,872\" data-comments-opened=\"1\" data-image-meta=\"{&quot;aperture&quot;:&quot;2.2&quot;,&quot;credit&quot;:&quot;&quot;,&quot;camera&quot;:&quot;Canon EOS 6D&quot;,&quot;caption&quot;:&quot;&quot;,&quot;created_timestamp&quot;:&quot;1571238924&quot;,&quot;copyright&quot;:&quot;&quot;,&quot;focal_length&quot;:&quot;50&quot;,&quot;iso&quot;:&quot;1000&quot;,&quot;shutter_speed&quot;:&quot;0.008&quot;,&quot;title&quot;:&quot;&quot;,&quot;orientation&quot;:&quot;1&quot;}\" data-image-title=\"agrund-rosa-ANA-LUIZA-ADVOGADA\" data-image-description=\"\" data-image-caption=\"\" data-medium-file=\"https:\/\/i0.wp.com\/agrund.com\/wp-content\/uploads\/sites\/6\/2019\/10\/agrund-rosa-ANA-LUIZA-ADVOGADA.jpg?fit=206%2C300&amp;ssl=1\" data-large-file=\"https:\/\/i0.wp.com\/agrund.com\/wp-content\/uploads\/sites\/6\/2019\/10\/agrund-rosa-ANA-LUIZA-ADVOGADA.jpg?fit=600%2C872&amp;ssl=1\" decoding=\"async\" loading=\"lazy\" width=\"600\" height=\"872\" src=\"https:\/\/i0.wp.com\/www.agrund.com\/wp-content\/uploads\/sites\/6\/2019\/10\/agrund-rosa-ANA-LUIZA-ADVOGADA.jpg?resize=600%2C872&#038;ssl=1\" alt=\"\" class=\"wp-image-203855\" srcset=\"https:\/\/i0.wp.com\/agrund.com\/wp-content\/uploads\/sites\/6\/2019\/10\/agrund-rosa-ANA-LUIZA-ADVOGADA.jpg?w=600&amp;ssl=1 600w, https:\/\/i0.wp.com\/agrund.com\/wp-content\/uploads\/sites\/6\/2019\/10\/agrund-rosa-ANA-LUIZA-ADVOGADA.jpg?resize=206%2C300&amp;ssl=1 206w\" sizes=\"(max-width: 600px) 100vw, 600px\" data-recalc-dims=\"1\" \/><figcaption>Ana Luiza, Advogada<\/figcaption><\/figure><\/div>\n\n\n\n<div class=\"wp-block-image\"><figure class=\"aligncenter\"><img data-attachment-id=\"203856\" data-permalink=\"https:\/\/agrund.com\/index.php\/spfw-n48-rosa-rosinha-rosao\/agrund-rosa-alex-oitavem-booker\/\" data-orig-file=\"https:\/\/i0.wp.com\/agrund.com\/wp-content\/uploads\/sites\/6\/2019\/10\/agrund-rosa-ALEX-OITAVEM-BOOKER.jpg?fit=600%2C900&amp;ssl=1\" data-orig-size=\"600,900\" data-comments-opened=\"1\" data-image-meta=\"{&quot;aperture&quot;:&quot;3.2&quot;,&quot;credit&quot;:&quot;&quot;,&quot;camera&quot;:&quot;Canon EOS 6D&quot;,&quot;caption&quot;:&quot;&quot;,&quot;created_timestamp&quot;:&quot;1571237365&quot;,&quot;copyright&quot;:&quot;&quot;,&quot;focal_length&quot;:&quot;50&quot;,&quot;iso&quot;:&quot;640&quot;,&quot;shutter_speed&quot;:&quot;0.00625&quot;,&quot;title&quot;:&quot;&quot;,&quot;orientation&quot;:&quot;1&quot;}\" data-image-title=\"agrund-rosa-ALEX-OITAVEM-BOOKER\" data-image-description=\"\" data-image-caption=\"\" data-medium-file=\"https:\/\/i0.wp.com\/agrund.com\/wp-content\/uploads\/sites\/6\/2019\/10\/agrund-rosa-ALEX-OITAVEM-BOOKER.jpg?fit=200%2C300&amp;ssl=1\" data-large-file=\"https:\/\/i0.wp.com\/agrund.com\/wp-content\/uploads\/sites\/6\/2019\/10\/agrund-rosa-ALEX-OITAVEM-BOOKER.jpg?fit=600%2C900&amp;ssl=1\" decoding=\"async\" loading=\"lazy\" width=\"600\" height=\"900\" src=\"https:\/\/i0.wp.com\/www.agrund.com\/wp-content\/uploads\/sites\/6\/2019\/10\/agrund-rosa-ALEX-OITAVEM-BOOKER.jpg?resize=600%2C900&#038;ssl=1\" alt=\"\" class=\"wp-image-203856\" srcset=\"https:\/\/i0.wp.com\/agrund.com\/wp-content\/uploads\/sites\/6\/2019\/10\/agrund-rosa-ALEX-OITAVEM-BOOKER.jpg?w=600&amp;ssl=1 600w, https:\/\/i0.wp.com\/agrund.com\/wp-content\/uploads\/sites\/6\/2019\/10\/agrund-rosa-ALEX-OITAVEM-BOOKER.jpg?resize=200%2C300&amp;ssl=1 200w\" sizes=\"(max-width: 600px) 100vw, 600px\" data-recalc-dims=\"1\" \/><figcaption>Alex Oitaven, Booker<\/figcaption><\/figure><\/div>\n\n\n\n<div class=\"wp-block-image\"><figure class=\"aligncenter\"><img data-attachment-id=\"203858\" data-permalink=\"https:\/\/agrund.com\/index.php\/spfw-n48-rosa-rosinha-rosao\/agrund-rosa-camila-pontes-influencer\/\" data-orig-file=\"https:\/\/i0.wp.com\/agrund.com\/wp-content\/uploads\/sites\/6\/2019\/10\/agrund-rosa-CAMILA-PONTES-INFLUENCER.jpg?fit=600%2C900&amp;ssl=1\" data-orig-size=\"600,900\" data-comments-opened=\"1\" data-image-meta=\"{&quot;aperture&quot;:&quot;3.2&quot;,&quot;credit&quot;:&quot;&quot;,&quot;camera&quot;:&quot;Canon EOS 6D&quot;,&quot;caption&quot;:&quot;&quot;,&quot;created_timestamp&quot;:&quot;1571236907&quot;,&quot;copyright&quot;:&quot;&quot;,&quot;focal_length&quot;:&quot;50&quot;,&quot;iso&quot;:&quot;1000&quot;,&quot;shutter_speed&quot;:&quot;0.01&quot;,&quot;title&quot;:&quot;&quot;,&quot;orientation&quot;:&quot;1&quot;}\" data-image-title=\"agrund-rosa-CAMILA-PONTES-INFLUENCER\" data-image-description=\"\" data-image-caption=\"\" data-medium-file=\"https:\/\/i0.wp.com\/agrund.com\/wp-content\/uploads\/sites\/6\/2019\/10\/agrund-rosa-CAMILA-PONTES-INFLUENCER.jpg?fit=200%2C300&amp;ssl=1\" data-large-file=\"https:\/\/i0.wp.com\/agrund.com\/wp-content\/uploads\/sites\/6\/2019\/10\/agrund-rosa-CAMILA-PONTES-INFLUENCER.jpg?fit=600%2C900&amp;ssl=1\" decoding=\"async\" loading=\"lazy\" width=\"600\" height=\"900\" src=\"https:\/\/i0.wp.com\/www.agrund.com\/wp-content\/uploads\/sites\/6\/2019\/10\/agrund-rosa-CAMILA-PONTES-INFLUENCER.jpg?resize=600%2C900&#038;ssl=1\" alt=\"\" class=\"wp-image-203858\" srcset=\"https:\/\/i0.wp.com\/agrund.com\/wp-content\/uploads\/sites\/6\/2019\/10\/agrund-rosa-CAMILA-PONTES-INFLUENCER.jpg?w=600&amp;ssl=1 600w, https:\/\/i0.wp.com\/agrund.com\/wp-content\/uploads\/sites\/6\/2019\/10\/agrund-rosa-CAMILA-PONTES-INFLUENCER.jpg?resize=200%2C300&amp;ssl=1 200w\" sizes=\"(max-width: 600px) 100vw, 600px\" data-recalc-dims=\"1\" \/><figcaption>Camila Pontes, Influencer<\/figcaption><\/figure><\/div>\n\n\n\n<div class=\"wp-block-image\"><figure class=\"aligncenter\"><img data-attachment-id=\"203859\" data-permalink=\"https:\/\/agrund.com\/index.php\/spfw-n48-rosa-rosinha-rosao\/agrund-rosa-alex-santos-estilista\/\" data-orig-file=\"https:\/\/i0.wp.com\/agrund.com\/wp-content\/uploads\/sites\/6\/2019\/10\/agrund-rosa-ALEX-SANTOS-ESTILISTA.jpg?fit=600%2C846&amp;ssl=1\" data-orig-size=\"600,846\" data-comments-opened=\"1\" data-image-meta=\"{&quot;aperture&quot;:&quot;3.2&quot;,&quot;credit&quot;:&quot;&quot;,&quot;camera&quot;:&quot;Canon EOS 6D&quot;,&quot;caption&quot;:&quot;&quot;,&quot;created_timestamp&quot;:&quot;1571238434&quot;,&quot;copyright&quot;:&quot;&quot;,&quot;focal_length&quot;:&quot;50&quot;,&quot;iso&quot;:&quot;640&quot;,&quot;shutter_speed&quot;:&quot;0.00625&quot;,&quot;title&quot;:&quot;&quot;,&quot;orientation&quot;:&quot;1&quot;}\" data-image-title=\"agrund-rosa-ALEX-SANTOS-ESTILISTA\" data-image-description=\"\" data-image-caption=\"\" data-medium-file=\"https:\/\/i0.wp.com\/agrund.com\/wp-content\/uploads\/sites\/6\/2019\/10\/agrund-rosa-ALEX-SANTOS-ESTILISTA.jpg?fit=213%2C300&amp;ssl=1\" data-large-file=\"https:\/\/i0.wp.com\/agrund.com\/wp-content\/uploads\/sites\/6\/2019\/10\/agrund-rosa-ALEX-SANTOS-ESTILISTA.jpg?fit=600%2C846&amp;ssl=1\" decoding=\"async\" loading=\"lazy\" width=\"600\" height=\"846\" src=\"https:\/\/i0.wp.com\/www.agrund.com\/wp-content\/uploads\/sites\/6\/2019\/10\/agrund-rosa-ALEX-SANTOS-ESTILISTA.jpg?resize=600%2C846&#038;ssl=1\" alt=\"\" class=\"wp-image-203859\" srcset=\"https:\/\/i0.wp.com\/agrund.com\/wp-content\/uploads\/sites\/6\/2019\/10\/agrund-rosa-ALEX-SANTOS-ESTILISTA.jpg?w=600&amp;ssl=1 600w, https:\/\/i0.wp.com\/agrund.com\/wp-content\/uploads\/sites\/6\/2019\/10\/agrund-rosa-ALEX-SANTOS-ESTILISTA.jpg?resize=213%2C300&amp;ssl=1 213w\" sizes=\"(max-width: 600px) 100vw, 600px\" data-recalc-dims=\"1\" \/><figcaption>Alex Santos, Estilista<\/figcaption><\/figure><\/div>\n\n\n\n<div class=\"wp-block-image\"><figure class=\"aligncenter\"><img data-attachment-id=\"203860\" data-permalink=\"https:\/\/agrund.com\/index.php\/spfw-n48-rosa-rosinha-rosao\/agrund-rosa-isabella-medeiros-produtora-de-moda\/\" data-orig-file=\"https:\/\/i0.wp.com\/agrund.com\/wp-content\/uploads\/sites\/6\/2019\/10\/agrund-rosa-ISABELLA-MEDEIROS-PRODUTORA-DE-MODA.jpg?fit=600%2C868&amp;ssl=1\" data-orig-size=\"600,868\" data-comments-opened=\"1\" data-image-meta=\"{&quot;aperture&quot;:&quot;2.2&quot;,&quot;credit&quot;:&quot;&quot;,&quot;camera&quot;:&quot;Canon EOS 6D&quot;,&quot;caption&quot;:&quot;&quot;,&quot;created_timestamp&quot;:&quot;1571239005&quot;,&quot;copyright&quot;:&quot;&quot;,&quot;focal_length&quot;:&quot;50&quot;,&quot;iso&quot;:&quot;640&quot;,&quot;shutter_speed&quot;:&quot;0.00625&quot;,&quot;title&quot;:&quot;&quot;,&quot;orientation&quot;:&quot;1&quot;}\" data-image-title=\"agrund-rosa-ISABELLA-MEDEIROS-PRODUTORA-DE-MODA\" data-image-description=\"\" data-image-caption=\"\" data-medium-file=\"https:\/\/i0.wp.com\/agrund.com\/wp-content\/uploads\/sites\/6\/2019\/10\/agrund-rosa-ISABELLA-MEDEIROS-PRODUTORA-DE-MODA.jpg?fit=207%2C300&amp;ssl=1\" data-large-file=\"https:\/\/i0.wp.com\/agrund.com\/wp-content\/uploads\/sites\/6\/2019\/10\/agrund-rosa-ISABELLA-MEDEIROS-PRODUTORA-DE-MODA.jpg?fit=600%2C868&amp;ssl=1\" decoding=\"async\" loading=\"lazy\" width=\"600\" height=\"868\" src=\"https:\/\/i0.wp.com\/www.agrund.com\/wp-content\/uploads\/sites\/6\/2019\/10\/agrund-rosa-ISABELLA-MEDEIROS-PRODUTORA-DE-MODA.jpg?resize=600%2C868&#038;ssl=1\" alt=\"\" class=\"wp-image-203860\" srcset=\"https:\/\/i0.wp.com\/agrund.com\/wp-content\/uploads\/sites\/6\/2019\/10\/agrund-rosa-ISABELLA-MEDEIROS-PRODUTORA-DE-MODA.jpg?w=600&amp;ssl=1 600w, https:\/\/i0.wp.com\/agrund.com\/wp-content\/uploads\/sites\/6\/2019\/10\/agrund-rosa-ISABELLA-MEDEIROS-PRODUTORA-DE-MODA.jpg?resize=207%2C300&amp;ssl=1 207w\" sizes=\"(max-width: 600px) 100vw, 600px\" data-recalc-dims=\"1\" \/><figcaption>Isabella Medeiros, Produtora de Moda<\/figcaption><\/figure><\/div>\n\n\n\n<div class=\"wp-block-image\"><figure class=\"aligncenter\"><img data-attachment-id=\"203861\" data-permalink=\"https:\/\/agrund.com\/index.php\/spfw-n48-rosa-rosinha-rosao\/carolina-philippi-influencer-1\/\" data-orig-file=\"https:\/\/i0.wp.com\/agrund.com\/wp-content\/uploads\/sites\/6\/2019\/10\/CAROLINA-PHILIPPI-INFLUENCER-1.jpg?fit=600%2C900&amp;ssl=1\" data-orig-size=\"600,900\" data-comments-opened=\"1\" data-image-meta=\"{&quot;aperture&quot;:&quot;2.2&quot;,&quot;credit&quot;:&quot;&quot;,&quot;camera&quot;:&quot;Canon EOS 6D&quot;,&quot;caption&quot;:&quot;&quot;,&quot;created_timestamp&quot;:&quot;1571238636&quot;,&quot;copyright&quot;:&quot;&quot;,&quot;focal_length&quot;:&quot;50&quot;,&quot;iso&quot;:&quot;1000&quot;,&quot;shutter_speed&quot;:&quot;0.008&quot;,&quot;title&quot;:&quot;&quot;,&quot;orientation&quot;:&quot;1&quot;}\" data-image-title=\"CAROLINA-PHILIPPI-INFLUENCER-1\" data-image-description=\"\" data-image-caption=\"\" data-medium-file=\"https:\/\/i0.wp.com\/agrund.com\/wp-content\/uploads\/sites\/6\/2019\/10\/CAROLINA-PHILIPPI-INFLUENCER-1.jpg?fit=200%2C300&amp;ssl=1\" data-large-file=\"https:\/\/i0.wp.com\/agrund.com\/wp-content\/uploads\/sites\/6\/2019\/10\/CAROLINA-PHILIPPI-INFLUENCER-1.jpg?fit=600%2C900&amp;ssl=1\" decoding=\"async\" loading=\"lazy\" width=\"600\" height=\"900\" src=\"https:\/\/i0.wp.com\/www.agrund.com\/wp-content\/uploads\/sites\/6\/2019\/10\/CAROLINA-PHILIPPI-INFLUENCER-1.jpg?resize=600%2C900&#038;ssl=1\" alt=\"\" class=\"wp-image-203861\" srcset=\"https:\/\/i0.wp.com\/agrund.com\/wp-content\/uploads\/sites\/6\/2019\/10\/CAROLINA-PHILIPPI-INFLUENCER-1.jpg?w=600&amp;ssl=1 600w, https:\/\/i0.wp.com\/agrund.com\/wp-content\/uploads\/sites\/6\/2019\/10\/CAROLINA-PHILIPPI-INFLUENCER-1.jpg?resize=200%2C300&amp;ssl=1 200w\" sizes=\"(max-width: 600px) 100vw, 600px\" data-recalc-dims=\"1\" \/><figcaption>Carolina Philippi, Influencer<\/figcaption><\/figure><\/div>\n\n\n\n<div class=\"wp-block-image\"><figure class=\"aligncenter\"><img data-attachment-id=\"203862\" data-permalink=\"https:\/\/agrund.com\/index.php\/spfw-n48-rosa-rosinha-rosao\/agrund-rosa-aline-lima-influencer\/\" data-orig-file=\"https:\/\/i0.wp.com\/agrund.com\/wp-content\/uploads\/sites\/6\/2019\/10\/agrund-rosa-ALINE-LIMA-INFLUENCER.jpg?fit=600%2C900&amp;ssl=1\" data-orig-size=\"600,900\" data-comments-opened=\"1\" data-image-meta=\"{&quot;aperture&quot;:&quot;2.2&quot;,&quot;credit&quot;:&quot;&quot;,&quot;camera&quot;:&quot;Canon EOS 6D&quot;,&quot;caption&quot;:&quot;&quot;,&quot;created_timestamp&quot;:&quot;1571238734&quot;,&quot;copyright&quot;:&quot;&quot;,&quot;focal_length&quot;:&quot;50&quot;,&quot;iso&quot;:&quot;1000&quot;,&quot;shutter_speed&quot;:&quot;0.008&quot;,&quot;title&quot;:&quot;&quot;,&quot;orientation&quot;:&quot;1&quot;}\" data-image-title=\"agrund-rosa-ALINE-LIMA-INFLUENCER\" data-image-description=\"\" data-image-caption=\"\" data-medium-file=\"https:\/\/i0.wp.com\/agrund.com\/wp-content\/uploads\/sites\/6\/2019\/10\/agrund-rosa-ALINE-LIMA-INFLUENCER.jpg?fit=200%2C300&amp;ssl=1\" data-large-file=\"https:\/\/i0.wp.com\/agrund.com\/wp-content\/uploads\/sites\/6\/2019\/10\/agrund-rosa-ALINE-LIMA-INFLUENCER.jpg?fit=600%2C900&amp;ssl=1\" decoding=\"async\" loading=\"lazy\" width=\"600\" height=\"900\" src=\"https:\/\/i0.wp.com\/www.agrund.com\/wp-content\/uploads\/sites\/6\/2019\/10\/agrund-rosa-ALINE-LIMA-INFLUENCER.jpg?resize=600%2C900&#038;ssl=1\" alt=\"\" class=\"wp-image-203862\" srcset=\"https:\/\/i0.wp.com\/agrund.com\/wp-content\/uploads\/sites\/6\/2019\/10\/agrund-rosa-ALINE-LIMA-INFLUENCER.jpg?w=600&amp;ssl=1 600w, https:\/\/i0.wp.com\/agrund.com\/wp-content\/uploads\/sites\/6\/2019\/10\/agrund-rosa-ALINE-LIMA-INFLUENCER.jpg?resize=200%2C300&amp;ssl=1 200w\" sizes=\"(max-width: 600px) 100vw, 600px\" data-recalc-dims=\"1\" \/><figcaption>Aline Lima, Influencer<\/figcaption><\/figure><\/div>\n\n\n\n<div class=\"wp-block-image\"><figure class=\"aligncenter\"><img data-attachment-id=\"203863\" data-permalink=\"https:\/\/agrund.com\/index.php\/spfw-n48-rosa-rosinha-rosao\/agrund-rosa-anapaula-calixto-professora-de-moda\/\" data-orig-file=\"https:\/\/i0.wp.com\/agrund.com\/wp-content\/uploads\/sites\/6\/2019\/10\/agrund-rosa-ANAPAULA-CALIXTO-PROFESSORA-DE-MODA.jpg?fit=600%2C900&amp;ssl=1\" data-orig-size=\"600,900\" data-comments-opened=\"1\" data-image-meta=\"{&quot;aperture&quot;:&quot;2.2&quot;,&quot;credit&quot;:&quot;&quot;,&quot;camera&quot;:&quot;Canon EOS 6D&quot;,&quot;caption&quot;:&quot;&quot;,&quot;created_timestamp&quot;:&quot;1571239257&quot;,&quot;copyright&quot;:&quot;&quot;,&quot;focal_length&quot;:&quot;50&quot;,&quot;iso&quot;:&quot;800&quot;,&quot;shutter_speed&quot;:&quot;0.008&quot;,&quot;title&quot;:&quot;&quot;,&quot;orientation&quot;:&quot;1&quot;}\" data-image-title=\"agrund-rosa-ANAPAULA-CALIXTO-PROFESSORA-DE-MODA\" data-image-description=\"\" data-image-caption=\"\" data-medium-file=\"https:\/\/i0.wp.com\/agrund.com\/wp-content\/uploads\/sites\/6\/2019\/10\/agrund-rosa-ANAPAULA-CALIXTO-PROFESSORA-DE-MODA.jpg?fit=200%2C300&amp;ssl=1\" data-large-file=\"https:\/\/i0.wp.com\/agrund.com\/wp-content\/uploads\/sites\/6\/2019\/10\/agrund-rosa-ANAPAULA-CALIXTO-PROFESSORA-DE-MODA.jpg?fit=600%2C900&amp;ssl=1\" decoding=\"async\" loading=\"lazy\" width=\"600\" height=\"900\" src=\"https:\/\/i0.wp.com\/www.agrund.com\/wp-content\/uploads\/sites\/6\/2019\/10\/agrund-rosa-ANAPAULA-CALIXTO-PROFESSORA-DE-MODA.jpg?resize=600%2C900&#038;ssl=1\" alt=\"\" class=\"wp-image-203863\" srcset=\"https:\/\/i0.wp.com\/agrund.com\/wp-content\/uploads\/sites\/6\/2019\/10\/agrund-rosa-ANAPAULA-CALIXTO-PROFESSORA-DE-MODA.jpg?w=600&amp;ssl=1 600w, https:\/\/i0.wp.com\/agrund.com\/wp-content\/uploads\/sites\/6\/2019\/10\/agrund-rosa-ANAPAULA-CALIXTO-PROFESSORA-DE-MODA.jpg?resize=200%2C300&amp;ssl=1 200w\" sizes=\"(max-width: 600px) 100vw, 600px\" data-recalc-dims=\"1\" \/><figcaption>Ana Paula Calixto, Professora de Moda<\/figcaption><\/figure><\/div>\n\n\n\n<div class=\"wp-block-image\"><figure class=\"aligncenter\"><img data-attachment-id=\"203864\" data-permalink=\"https:\/\/agrund.com\/index.php\/spfw-n48-rosa-rosinha-rosao\/agrund-rosa-kaique-moreira-social-media\/\" data-orig-file=\"https:\/\/i0.wp.com\/agrund.com\/wp-content\/uploads\/sites\/6\/2019\/10\/agrund-rosa-KAIQUE-MOREIRA-SOCIAL-MEDIA.jpg?fit=600%2C900&amp;ssl=1\" data-orig-size=\"600,900\" data-comments-opened=\"1\" data-image-meta=\"{&quot;aperture&quot;:&quot;3.2&quot;,&quot;credit&quot;:&quot;&quot;,&quot;camera&quot;:&quot;Canon EOS 6D&quot;,&quot;caption&quot;:&quot;&quot;,&quot;created_timestamp&quot;:&quot;1571237269&quot;,&quot;copyright&quot;:&quot;&quot;,&quot;focal_length&quot;:&quot;50&quot;,&quot;iso&quot;:&quot;1250&quot;,&quot;shutter_speed&quot;:&quot;0.008&quot;,&quot;title&quot;:&quot;&quot;,&quot;orientation&quot;:&quot;1&quot;}\" data-image-title=\"agrund-rosa-KAIQUE-MOREIRA-SOCIAL-MEDIA\" data-image-description=\"\" data-image-caption=\"\" data-medium-file=\"https:\/\/i0.wp.com\/agrund.com\/wp-content\/uploads\/sites\/6\/2019\/10\/agrund-rosa-KAIQUE-MOREIRA-SOCIAL-MEDIA.jpg?fit=200%2C300&amp;ssl=1\" data-large-file=\"https:\/\/i0.wp.com\/agrund.com\/wp-content\/uploads\/sites\/6\/2019\/10\/agrund-rosa-KAIQUE-MOREIRA-SOCIAL-MEDIA.jpg?fit=600%2C900&amp;ssl=1\" decoding=\"async\" loading=\"lazy\" width=\"600\" height=\"900\" src=\"https:\/\/i0.wp.com\/www.agrund.com\/wp-content\/uploads\/sites\/6\/2019\/10\/agrund-rosa-KAIQUE-MOREIRA-SOCIAL-MEDIA.jpg?resize=600%2C900&#038;ssl=1\" alt=\"\" class=\"wp-image-203864\" srcset=\"https:\/\/i0.wp.com\/agrund.com\/wp-content\/uploads\/sites\/6\/2019\/10\/agrund-rosa-KAIQUE-MOREIRA-SOCIAL-MEDIA.jpg?w=600&amp;ssl=1 600w, https:\/\/i0.wp.com\/agrund.com\/wp-content\/uploads\/sites\/6\/2019\/10\/agrund-rosa-KAIQUE-MOREIRA-SOCIAL-MEDIA.jpg?resize=200%2C300&amp;ssl=1 200w\" sizes=\"(max-width: 600px) 100vw, 600px\" data-recalc-dims=\"1\" \/><figcaption>Kaique Moreira, Social Media<\/figcaption><\/figure><\/div>\n\n\n\n<div class=\"wp-block-image\"><figure class=\"aligncenter\"><img data-attachment-id=\"203865\" data-permalink=\"https:\/\/agrund.com\/index.php\/spfw-n48-rosa-rosinha-rosao\/agrund-rosa-lele-santana-estudante\/\" data-orig-file=\"https:\/\/i0.wp.com\/agrund.com\/wp-content\/uploads\/sites\/6\/2019\/10\/agrund-rosa-LELE-SANTANa-ESTUDANTE.jpg?fit=600%2C900&amp;ssl=1\" data-orig-size=\"600,900\" data-comments-opened=\"1\" data-image-meta=\"{&quot;aperture&quot;:&quot;2.5&quot;,&quot;credit&quot;:&quot;&quot;,&quot;camera&quot;:&quot;Canon EOS 6D&quot;,&quot;caption&quot;:&quot;&quot;,&quot;created_timestamp&quot;:&quot;1571239454&quot;,&quot;copyright&quot;:&quot;&quot;,&quot;focal_length&quot;:&quot;50&quot;,&quot;iso&quot;:&quot;100&quot;,&quot;shutter_speed&quot;:&quot;0.00125&quot;,&quot;title&quot;:&quot;&quot;,&quot;orientation&quot;:&quot;1&quot;}\" data-image-title=\"agrund-rosa-LELE-SANTANa-ESTUDANTE\" data-image-description=\"\" data-image-caption=\"\" data-medium-file=\"https:\/\/i0.wp.com\/agrund.com\/wp-content\/uploads\/sites\/6\/2019\/10\/agrund-rosa-LELE-SANTANa-ESTUDANTE.jpg?fit=200%2C300&amp;ssl=1\" data-large-file=\"https:\/\/i0.wp.com\/agrund.com\/wp-content\/uploads\/sites\/6\/2019\/10\/agrund-rosa-LELE-SANTANa-ESTUDANTE.jpg?fit=600%2C900&amp;ssl=1\" decoding=\"async\" loading=\"lazy\" width=\"600\" height=\"900\" src=\"https:\/\/i0.wp.com\/www.agrund.com\/wp-content\/uploads\/sites\/6\/2019\/10\/agrund-rosa-LELE-SANTANa-ESTUDANTE.jpg?resize=600%2C900&#038;ssl=1\" alt=\"\" class=\"wp-image-203865\" srcset=\"https:\/\/i0.wp.com\/agrund.com\/wp-content\/uploads\/sites\/6\/2019\/10\/agrund-rosa-LELE-SANTANa-ESTUDANTE.jpg?w=600&amp;ssl=1 600w, https:\/\/i0.wp.com\/agrund.com\/wp-content\/uploads\/sites\/6\/2019\/10\/agrund-rosa-LELE-SANTANa-ESTUDANTE.jpg?resize=200%2C300&amp;ssl=1 200w\" sizes=\"(max-width: 600px) 100vw, 600px\" data-recalc-dims=\"1\" \/><figcaption>Lel\u00ea Santana, Estudante e Colunista do Agrund.com<\/figcaption><\/figure><\/div>\n\n\n\n<div class=\"wp-block-image\"><figure class=\"aligncenter\"><img data-attachment-id=\"203866\" data-permalink=\"https:\/\/agrund.com\/index.php\/spfw-n48-rosa-rosinha-rosao\/agrund-rosa-nathalia-kirilauskas-beauty-contente-creator\/\" data-orig-file=\"https:\/\/i0.wp.com\/agrund.com\/wp-content\/uploads\/sites\/6\/2019\/10\/agrund-rosa-NATHALIA-KIRILAUSKAS-BEAUTY-CONTENTE-CREATOR.jpg?fit=600%2C864&amp;ssl=1\" data-orig-size=\"600,864\" data-comments-opened=\"1\" data-image-meta=\"{&quot;aperture&quot;:&quot;3.2&quot;,&quot;credit&quot;:&quot;&quot;,&quot;camera&quot;:&quot;Canon EOS 6D&quot;,&quot;caption&quot;:&quot;&quot;,&quot;created_timestamp&quot;:&quot;1571236641&quot;,&quot;copyright&quot;:&quot;&quot;,&quot;focal_length&quot;:&quot;50&quot;,&quot;iso&quot;:&quot;1250&quot;,&quot;shutter_speed&quot;:&quot;0.01&quot;,&quot;title&quot;:&quot;&quot;,&quot;orientation&quot;:&quot;1&quot;}\" data-image-title=\"agrund-rosa-NATHALIA-KIRILAUSKAS-BEAUTY-CONTENTE-CREATOR\" data-image-description=\"\" data-image-caption=\"\" data-medium-file=\"https:\/\/i0.wp.com\/agrund.com\/wp-content\/uploads\/sites\/6\/2019\/10\/agrund-rosa-NATHALIA-KIRILAUSKAS-BEAUTY-CONTENTE-CREATOR.jpg?fit=208%2C300&amp;ssl=1\" data-large-file=\"https:\/\/i0.wp.com\/agrund.com\/wp-content\/uploads\/sites\/6\/2019\/10\/agrund-rosa-NATHALIA-KIRILAUSKAS-BEAUTY-CONTENTE-CREATOR.jpg?fit=600%2C864&amp;ssl=1\" decoding=\"async\" loading=\"lazy\" width=\"600\" height=\"864\" src=\"https:\/\/i0.wp.com\/www.agrund.com\/wp-content\/uploads\/sites\/6\/2019\/10\/agrund-rosa-NATHALIA-KIRILAUSKAS-BEAUTY-CONTENTE-CREATOR.jpg?resize=600%2C864&#038;ssl=1\" alt=\"\" class=\"wp-image-203866\" srcset=\"https:\/\/i0.wp.com\/agrund.com\/wp-content\/uploads\/sites\/6\/2019\/10\/agrund-rosa-NATHALIA-KIRILAUSKAS-BEAUTY-CONTENTE-CREATOR.jpg?w=600&amp;ssl=1 600w, https:\/\/i0.wp.com\/agrund.com\/wp-content\/uploads\/sites\/6\/2019\/10\/agrund-rosa-NATHALIA-KIRILAUSKAS-BEAUTY-CONTENTE-CREATOR.jpg?resize=208%2C300&amp;ssl=1 208w\" sizes=\"(max-width: 600px) 100vw, 600px\" data-recalc-dims=\"1\" \/><figcaption>Nathalia Kirilauskas, Beauty Content Creator<\/figcaption><\/figure><\/div>\n\n\n\n<div class=\"wp-block-image\"><figure class=\"aligncenter\"><img data-attachment-id=\"203867\" data-permalink=\"https:\/\/agrund.com\/index.php\/spfw-n48-rosa-rosinha-rosao\/agrund-rosa-vanessa-bittencourt-estilista\/\" data-orig-file=\"https:\/\/i0.wp.com\/agrund.com\/wp-content\/uploads\/sites\/6\/2019\/10\/agrund-rosa-VANESSA-BITTENCOURT-ESTILISTA.jpg?fit=600%2C900&amp;ssl=1\" data-orig-size=\"600,900\" data-comments-opened=\"1\" data-image-meta=\"{&quot;aperture&quot;:&quot;2.2&quot;,&quot;credit&quot;:&quot;&quot;,&quot;camera&quot;:&quot;Canon EOS 6D&quot;,&quot;caption&quot;:&quot;&quot;,&quot;created_timestamp&quot;:&quot;1571238826&quot;,&quot;copyright&quot;:&quot;&quot;,&quot;focal_length&quot;:&quot;50&quot;,&quot;iso&quot;:&quot;1000&quot;,&quot;shutter_speed&quot;:&quot;0.008&quot;,&quot;title&quot;:&quot;&quot;,&quot;orientation&quot;:&quot;1&quot;}\" data-image-title=\"agrund-rosa-VANESSA-BITTENCOURT-ESTILISTA\" data-image-description=\"\" data-image-caption=\"\" data-medium-file=\"https:\/\/i0.wp.com\/agrund.com\/wp-content\/uploads\/sites\/6\/2019\/10\/agrund-rosa-VANESSA-BITTENCOURT-ESTILISTA.jpg?fit=200%2C300&amp;ssl=1\" data-large-file=\"https:\/\/i0.wp.com\/agrund.com\/wp-content\/uploads\/sites\/6\/2019\/10\/agrund-rosa-VANESSA-BITTENCOURT-ESTILISTA.jpg?fit=600%2C900&amp;ssl=1\" decoding=\"async\" loading=\"lazy\" width=\"600\" height=\"900\" src=\"https:\/\/i0.wp.com\/www.agrund.com\/wp-content\/uploads\/sites\/6\/2019\/10\/agrund-rosa-VANESSA-BITTENCOURT-ESTILISTA.jpg?resize=600%2C900&#038;ssl=1\" alt=\"\" class=\"wp-image-203867\" srcset=\"https:\/\/i0.wp.com\/agrund.com\/wp-content\/uploads\/sites\/6\/2019\/10\/agrund-rosa-VANESSA-BITTENCOURT-ESTILISTA.jpg?w=600&amp;ssl=1 600w, https:\/\/i0.wp.com\/agrund.com\/wp-content\/uploads\/sites\/6\/2019\/10\/agrund-rosa-VANESSA-BITTENCOURT-ESTILISTA.jpg?resize=200%2C300&amp;ssl=1 200w\" sizes=\"(max-width: 600px) 100vw, 600px\" data-recalc-dims=\"1\" \/><figcaption>Vanessa Bittencourt, Estilista<\/figcaption><\/figure><\/div>\n\n\n\n<div class=\"wp-block-image\"><figure class=\"aligncenter\"><img data-attachment-id=\"203868\" data-permalink=\"https:\/\/agrund.com\/index.php\/spfw-n48-rosa-rosinha-rosao\/agrund-rosa-yaisa-bispo-costureira\/\" data-orig-file=\"https:\/\/i0.wp.com\/agrund.com\/wp-content\/uploads\/sites\/6\/2019\/10\/agrund-rosa-YAISA-BISPO-COSTUREIRA.jpg?fit=600%2C900&amp;ssl=1\" data-orig-size=\"600,900\" data-comments-opened=\"1\" data-image-meta=\"{&quot;aperture&quot;:&quot;3.2&quot;,&quot;credit&quot;:&quot;&quot;,&quot;camera&quot;:&quot;Canon EOS 6D&quot;,&quot;caption&quot;:&quot;&quot;,&quot;created_timestamp&quot;:&quot;1571237097&quot;,&quot;copyright&quot;:&quot;&quot;,&quot;focal_length&quot;:&quot;50&quot;,&quot;iso&quot;:&quot;1250&quot;,&quot;shutter_speed&quot;:&quot;0.008&quot;,&quot;title&quot;:&quot;&quot;,&quot;orientation&quot;:&quot;1&quot;}\" data-image-title=\"agrund-rosa-YAISA-BISPO-COSTUREIRA\" data-image-description=\"\" data-image-caption=\"\" data-medium-file=\"https:\/\/i0.wp.com\/agrund.com\/wp-content\/uploads\/sites\/6\/2019\/10\/agrund-rosa-YAISA-BISPO-COSTUREIRA.jpg?fit=200%2C300&amp;ssl=1\" data-large-file=\"https:\/\/i0.wp.com\/agrund.com\/wp-content\/uploads\/sites\/6\/2019\/10\/agrund-rosa-YAISA-BISPO-COSTUREIRA.jpg?fit=600%2C900&amp;ssl=1\" decoding=\"async\" loading=\"lazy\" width=\"600\" height=\"900\" src=\"https:\/\/i0.wp.com\/www.agrund.com\/wp-content\/uploads\/sites\/6\/2019\/10\/agrund-rosa-YAISA-BISPO-COSTUREIRA.jpg?resize=600%2C900&#038;ssl=1\" alt=\"\" class=\"wp-image-203868\" srcset=\"https:\/\/i0.wp.com\/agrund.com\/wp-content\/uploads\/sites\/6\/2019\/10\/agrund-rosa-YAISA-BISPO-COSTUREIRA.jpg?w=600&amp;ssl=1 600w, https:\/\/i0.wp.com\/agrund.com\/wp-content\/uploads\/sites\/6\/2019\/10\/agrund-rosa-YAISA-BISPO-COSTUREIRA.jpg?resize=200%2C300&amp;ssl=1 200w\" sizes=\"(max-width: 600px) 100vw, 600px\" data-recalc-dims=\"1\" \/><figcaption>Yaisa Bispo, Costureira<\/figcaption><\/figure><\/div>\n\n\n\n<p>Fotos: Charlie Sirife. <\/p>\n","protected":false},"excerpt":{"rendered":"<p>Por Thay Sanqueta&nbsp;| Edi\u00e7\u00e3o Rafaela Piovezani Tem um mar de rosas nos corredores deste segundo dia da\u00a0SPFW N48. Calma, calma&#8230; n\u00e3o estou falando das flores, mas sim da cor, em mais de 50 tons.\u00a0 Em looks monocrom\u00e1ticos, na maquiagem, como pontos de cor nos acess\u00f3rios, estampas e at\u00e9 nos cabelos! O tom rosa invadiu com [&hellip;]<\/p>\n","protected":false},"author":8,"featured_media":203869,"comment_status":"open","ping_status":"open","sticky":false,"template":"","format":"standard","meta":{"jetpack_post_was_ever_published":false,"_jetpack_newsletter_access":"","jetpack_publicize_message":"","jetpack_is_tweetstorm":false,"jetpack_publicize_feature_enabled":true,"jetpack_social_post_already_shared":true,"jetpack_social_options":{"image_generator_settings":{"template":"highway","enabled":false}}},"categories":[2,18],"tags":[],"jetpack_publicize_connections":[],"jetpack_featured_media_url":"https:\/\/i0.wp.com\/agrund.com\/wp-content\/uploads\/sites\/6\/2019\/10\/s-126.jpg?fit=960%2C300&ssl=1","jetpack_sharing_enabled":true,"jetpack_shortlink":"https:\/\/wp.me\/p3Hz0n-R1i","jetpack_likes_enabled":true,"_links":{"self":[{"href":"https:\/\/agrund.com\/index.php\/wp-json\/wp\/v2\/posts\/203812"}],"collection":[{"href":"https:\/\/agrund.com\/index.php\/wp-json\/wp\/v2\/posts"}],"about":[{"href":"https:\/\/agrund.com\/index.php\/wp-json\/wp\/v2\/types\/post"}],"author":[{"embeddable":true,"href":"https:\/\/agrund.com\/index.php\/wp-json\/wp\/v2\/users\/8"}],"replies":[{"embeddable":true,"href":"https:\/\/agrund.com\/index.php\/wp-json\/wp\/v2\/comments?post=203812"}],"version-history":[{"count":3,"href":"https:\/\/agrund.com\/index.php\/wp-json\/wp\/v2\/posts\/203812\/revisions"}],"predecessor-version":[{"id":203870,"href":"https:\/\/agrund.com\/index.php\/wp-json\/wp\/v2\/posts\/203812\/revisions\/203870"}],"wp:featuredmedia":[{"embeddable":true,"href":"https:\/\/agrund.com\/index.php\/wp-json\/wp\/v2\/media\/203869"}],"wp:attachment":[{"href":"https:\/\/agrund.com\/index.php\/wp-json\/wp\/v2\/media?parent=203812"}],"wp:term":[{"taxonomy":"category","embeddable":true,"href":"https:\/\/agrund.com\/index.php\/wp-json\/wp\/v2\/categories?post=203812"},{"taxonomy":"post_tag","embeddable":true,"href":"https:\/\/agrund.com\/index.php\/wp-json\/wp\/v2\/tags?post=203812"}],"curies":[{"name":"wp","href":"https:\/\/api.w.org\/{rel}","templated":true}]}}