{"id":203715,"date":"2019-10-16T11:00:50","date_gmt":"2019-10-16T14:00:50","guid":{"rendered":"http:\/\/www.agrund.com\/?p=203715"},"modified":"2019-10-16T11:21:19","modified_gmt":"2019-10-16T14:21:19","slug":"spfw-n48-moda-e-musica-com-barbara-fialho","status":"publish","type":"post","link":"https:\/\/agrund.com\/index.php\/spfw-n48-moda-e-musica-com-barbara-fialho\/","title":{"rendered":"SPFW N48 :: Moda e m\u00fasica com Barbara Fialho"},"content":{"rendered":"\n<p>Por Lel\u00ea Santhana<\/p>\n\n\n\n<p>Minutos antes do desfile de Fabiana Milazzo, a equipe do Agrund.com esteve no backstage da marca e conversou com B\u00e1rbara Fialho. Modelo reconhecida mundialmente, a mineira j\u00e1 atuou at\u00e9 como angel na Victoria\u2019s Secret, mas hoje, aos 31 anos, Barbara se dedica \u00e0 carreira musical.<\/p>\n\n\n\n<p>Enquanto terminava sua maquiagem para cantar na apresenta\u00e7\u00e3o de Fabiana Milazzo, nos contou: \u201cHoje eu tenho a oportunidade de cantar por causa da moda. Eu posso mostrar o que eu gostaria de fazer: servir \u00e0 moda, mas unindo as duas artes\u201d.<\/p>\n\n\n\n<p>Com uma carreira de modelo com mais de 17 anos, ela percebe como sua hist\u00f3ria com a moda ajuda o seu novo momento musical: \u201cTento trazer minha experi\u00eancia para essa outra carreira. \u00c9 muito dif\u00edcil para as modelos fazer uma transi\u00e7\u00e3o como essa, ent\u00e3o sou muito feliz de ter essa oportunidade\u201d.\u00a0<\/p>\n\n\n\n<p>Sobre o ritmo acelerado que a sociedade corre hoje em dia, Barbara \u00e9 decidida: \u201cUm dia de cada vez. Vou aprendendo e me encontrando como m\u00e3e, modelo e cantora. Equilibrar n\u00e3o \u00e9 f\u00e1cil, \u00e9 um desafio todos os dias\u201d.<\/p>\n\n\n\n<p>Sobre os seus pr\u00f3ximos projetos, nos revelou: \u201cTem m\u00fasica nova saindo em breve e estou produzindo uma outra coisa super especial para o fim do ano\u201d.\u00a0Desejamos muito sucesso!<\/p>\n\n\n\n<div class=\"wp-block-image\"><figure class=\"aligncenter\"><img data-attachment-id=\"203716\" data-permalink=\"https:\/\/agrund.com\/index.php\/spfw-n48-moda-e-musica-com-barbara-fialho\/agrund-beleza-fabiana-milazzo-1\/\" data-orig-file=\"https:\/\/i0.wp.com\/agrund.com\/wp-content\/uploads\/sites\/6\/2019\/10\/AGRUND-beleza-fabiana-milazzo-1.jpg?fit=600%2C900&amp;ssl=1\" data-orig-size=\"600,900\" data-comments-opened=\"1\" data-image-meta=\"{&quot;aperture&quot;:&quot;2.8&quot;,&quot;credit&quot;:&quot;&quot;,&quot;camera&quot;:&quot;Canon EOS 5D Mark II&quot;,&quot;caption&quot;:&quot;&quot;,&quot;created_timestamp&quot;:&quot;1571155979&quot;,&quot;copyright&quot;:&quot;&quot;,&quot;focal_length&quot;:&quot;28&quot;,&quot;iso&quot;:&quot;2000&quot;,&quot;shutter_speed&quot;:&quot;0.008&quot;,&quot;title&quot;:&quot;&quot;,&quot;orientation&quot;:&quot;1&quot;}\" data-image-title=\"AGRUND-beleza-fabiana-milazzo-1\" data-image-description=\"\" data-image-caption=\"\" data-medium-file=\"https:\/\/i0.wp.com\/agrund.com\/wp-content\/uploads\/sites\/6\/2019\/10\/AGRUND-beleza-fabiana-milazzo-1.jpg?fit=200%2C300&amp;ssl=1\" data-large-file=\"https:\/\/i0.wp.com\/agrund.com\/wp-content\/uploads\/sites\/6\/2019\/10\/AGRUND-beleza-fabiana-milazzo-1.jpg?fit=600%2C900&amp;ssl=1\" decoding=\"async\" loading=\"lazy\" width=\"600\" height=\"900\" src=\"https:\/\/i0.wp.com\/www.agrund.com\/wp-content\/uploads\/sites\/6\/2019\/10\/AGRUND-beleza-fabiana-milazzo-1.jpg?resize=600%2C900&#038;ssl=1\" alt=\"\" class=\"wp-image-203716\" srcset=\"https:\/\/i0.wp.com\/agrund.com\/wp-content\/uploads\/sites\/6\/2019\/10\/AGRUND-beleza-fabiana-milazzo-1.jpg?w=600&amp;ssl=1 600w, https:\/\/i0.wp.com\/agrund.com\/wp-content\/uploads\/sites\/6\/2019\/10\/AGRUND-beleza-fabiana-milazzo-1.jpg?resize=200%2C300&amp;ssl=1 200w\" sizes=\"(max-width: 600px) 100vw, 600px\" data-recalc-dims=\"1\" \/><figcaption>SPFW N48 :: Moda e m\u00fasica com Barbara Fialho <\/figcaption><\/figure><\/div>\n\n\n\n<p>Foto: Paulo Candido. <\/p>\n","protected":false},"excerpt":{"rendered":"<p>Por Lel\u00ea Santhana Minutos antes do desfile de Fabiana Milazzo, a equipe do Agrund.com esteve no backstage da marca e conversou com B\u00e1rbara Fialho. Modelo reconhecida mundialmente, a mineira j\u00e1 atuou at\u00e9 como angel na Victoria\u2019s Secret, mas hoje, aos 31 anos, Barbara se dedica \u00e0 carreira musical. Enquanto terminava sua maquiagem para cantar na [&hellip;]<\/p>\n","protected":false},"author":8,"featured_media":203717,"comment_status":"open","ping_status":"open","sticky":false,"template":"","format":"standard","meta":{"jetpack_post_was_ever_published":false,"_jetpack_newsletter_access":"","jetpack_publicize_message":"","jetpack_is_tweetstorm":false,"jetpack_publicize_feature_enabled":true,"jetpack_social_post_already_shared":true,"jetpack_social_options":{"image_generator_settings":{"template":"highway","enabled":false}}},"categories":[2,18],"tags":[],"jetpack_publicize_connections":[],"jetpack_featured_media_url":"https:\/\/i0.wp.com\/agrund.com\/wp-content\/uploads\/sites\/6\/2019\/10\/s-111.jpg?fit=960%2C300&ssl=1","jetpack_sharing_enabled":true,"jetpack_shortlink":"https:\/\/wp.me\/p3Hz0n-QZJ","jetpack_likes_enabled":true,"_links":{"self":[{"href":"https:\/\/agrund.com\/index.php\/wp-json\/wp\/v2\/posts\/203715"}],"collection":[{"href":"https:\/\/agrund.com\/index.php\/wp-json\/wp\/v2\/posts"}],"about":[{"href":"https:\/\/agrund.com\/index.php\/wp-json\/wp\/v2\/types\/post"}],"author":[{"embeddable":true,"href":"https:\/\/agrund.com\/index.php\/wp-json\/wp\/v2\/users\/8"}],"replies":[{"embeddable":true,"href":"https:\/\/agrund.com\/index.php\/wp-json\/wp\/v2\/comments?post=203715"}],"version-history":[{"count":1,"href":"https:\/\/agrund.com\/index.php\/wp-json\/wp\/v2\/posts\/203715\/revisions"}],"predecessor-version":[{"id":203718,"href":"https:\/\/agrund.com\/index.php\/wp-json\/wp\/v2\/posts\/203715\/revisions\/203718"}],"wp:featuredmedia":[{"embeddable":true,"href":"https:\/\/agrund.com\/index.php\/wp-json\/wp\/v2\/media\/203717"}],"wp:attachment":[{"href":"https:\/\/agrund.com\/index.php\/wp-json\/wp\/v2\/media?parent=203715"}],"wp:term":[{"taxonomy":"category","embeddable":true,"href":"https:\/\/agrund.com\/index.php\/wp-json\/wp\/v2\/categories?post=203715"},{"taxonomy":"post_tag","embeddable":true,"href":"https:\/\/agrund.com\/index.php\/wp-json\/wp\/v2\/tags?post=203715"}],"curies":[{"name":"wp","href":"https:\/\/api.w.org\/{rel}","templated":true}]}}