{"id":203670,"date":"2019-10-15T20:10:13","date_gmt":"2019-10-15T23:10:13","guid":{"rendered":"http:\/\/www.agrund.com\/?p=203670"},"modified":"2019-10-15T20:10:03","modified_gmt":"2019-10-15T23:10:03","slug":"spfw-n48-a-beleza-90s-de-lilly-sarti","status":"publish","type":"post","link":"https:\/\/agrund.com\/index.php\/spfw-n48-a-beleza-90s-de-lilly-sarti\/","title":{"rendered":"SPFW N48 :: A beleza 90s de Lilly Sarti"},"content":{"rendered":"\n<p>Pauta por Jo\u00e3o Macrae | Texto por Lari Mariano<\/p>\n\n\n\n<p>No meio da correria do primeiro dia de desfiles da SPFW, entramos no backstage e batemos um papo com Cris Biato, makeup artist que assina a beleza de Lilly Sarti. Com uma inspira\u00e7\u00e3o bem 90s, a make das modelos tem glitter feito de papel nos olhos, quase do tamanho de um paet\u00ea, e tri\u00e2ngulos no canto externo que trazem a impress\u00e3o de um delineado.<\/p>\n\n\n\n<p>A pele \u00e9 fresh e a boca natural, quase glossy. J\u00e1 os cabelos est\u00e3o soltos, penteados de lado, ou com tran\u00e7as de raiz.<\/p>\n\n\n\n<div class=\"wp-block-image\"><figure class=\"aligncenter\"><img data-attachment-id=\"203674\" data-permalink=\"https:\/\/agrund.com\/index.php\/spfw-n48-a-beleza-90s-de-lilly-sarti\/agrund-beleza-lilly-sarti\/\" data-orig-file=\"https:\/\/i0.wp.com\/agrund.com\/wp-content\/uploads\/sites\/6\/2019\/10\/agrund-beleza-lilly-sarti.jpg?fit=600%2C801&amp;ssl=1\" data-orig-size=\"600,801\" data-comments-opened=\"1\" data-image-meta=\"{&quot;aperture&quot;:&quot;2.8&quot;,&quot;credit&quot;:&quot;&quot;,&quot;camera&quot;:&quot;Canon EOS 5D Mark II&quot;,&quot;caption&quot;:&quot;&quot;,&quot;created_timestamp&quot;:&quot;1571163183&quot;,&quot;copyright&quot;:&quot;&quot;,&quot;focal_length&quot;:&quot;37&quot;,&quot;iso&quot;:&quot;640&quot;,&quot;shutter_speed&quot;:&quot;0.008&quot;,&quot;title&quot;:&quot;&quot;,&quot;orientation&quot;:&quot;1&quot;}\" data-image-title=\"agrund-beleza-lilly-sarti\" data-image-description=\"\" data-image-caption=\"\" data-medium-file=\"https:\/\/i0.wp.com\/agrund.com\/wp-content\/uploads\/sites\/6\/2019\/10\/agrund-beleza-lilly-sarti.jpg?fit=225%2C300&amp;ssl=1\" data-large-file=\"https:\/\/i0.wp.com\/agrund.com\/wp-content\/uploads\/sites\/6\/2019\/10\/agrund-beleza-lilly-sarti.jpg?fit=600%2C801&amp;ssl=1\" decoding=\"async\" loading=\"lazy\" width=\"600\" height=\"801\" src=\"https:\/\/i0.wp.com\/www.agrund.com\/wp-content\/uploads\/sites\/6\/2019\/10\/agrund-beleza-lilly-sarti.jpg?resize=600%2C801&#038;ssl=1\" alt=\"\" class=\"wp-image-203674\" srcset=\"https:\/\/i0.wp.com\/agrund.com\/wp-content\/uploads\/sites\/6\/2019\/10\/agrund-beleza-lilly-sarti.jpg?w=600&amp;ssl=1 600w, https:\/\/i0.wp.com\/agrund.com\/wp-content\/uploads\/sites\/6\/2019\/10\/agrund-beleza-lilly-sarti.jpg?resize=225%2C300&amp;ssl=1 225w\" sizes=\"(max-width: 600px) 100vw, 600px\" data-recalc-dims=\"1\" \/><figcaption>SPFW N48 :: A beleza 90s de Lilly Sarti-sarti<\/figcaption><\/figure><\/div>\n\n\n\n<div class=\"wp-block-image\"><figure class=\"aligncenter\"><img data-attachment-id=\"203675\" data-permalink=\"https:\/\/agrund.com\/index.php\/spfw-n48-a-beleza-90s-de-lilly-sarti\/agrund-beleza-lilly-sarti-2\/\" data-orig-file=\"https:\/\/i0.wp.com\/agrund.com\/wp-content\/uploads\/sites\/6\/2019\/10\/agrund-beleza-lilly-sarti-2.jpg?fit=600%2C766&amp;ssl=1\" data-orig-size=\"600,766\" data-comments-opened=\"1\" data-image-meta=\"{&quot;aperture&quot;:&quot;2.8&quot;,&quot;credit&quot;:&quot;&quot;,&quot;camera&quot;:&quot;Canon EOS 5D Mark II&quot;,&quot;caption&quot;:&quot;&quot;,&quot;created_timestamp&quot;:&quot;1571163192&quot;,&quot;copyright&quot;:&quot;&quot;,&quot;focal_length&quot;:&quot;42&quot;,&quot;iso&quot;:&quot;640&quot;,&quot;shutter_speed&quot;:&quot;0.008&quot;,&quot;title&quot;:&quot;&quot;,&quot;orientation&quot;:&quot;1&quot;}\" data-image-title=\"agrund-beleza-lilly-sarti-2\" data-image-description=\"\" data-image-caption=\"\" data-medium-file=\"https:\/\/i0.wp.com\/agrund.com\/wp-content\/uploads\/sites\/6\/2019\/10\/agrund-beleza-lilly-sarti-2.jpg?fit=235%2C300&amp;ssl=1\" data-large-file=\"https:\/\/i0.wp.com\/agrund.com\/wp-content\/uploads\/sites\/6\/2019\/10\/agrund-beleza-lilly-sarti-2.jpg?fit=600%2C766&amp;ssl=1\" decoding=\"async\" loading=\"lazy\" width=\"600\" height=\"766\" src=\"https:\/\/i0.wp.com\/www.agrund.com\/wp-content\/uploads\/sites\/6\/2019\/10\/agrund-beleza-lilly-sarti-2.jpg?resize=600%2C766&#038;ssl=1\" alt=\"\" class=\"wp-image-203675\" srcset=\"https:\/\/i0.wp.com\/agrund.com\/wp-content\/uploads\/sites\/6\/2019\/10\/agrund-beleza-lilly-sarti-2.jpg?w=600&amp;ssl=1 600w, https:\/\/i0.wp.com\/agrund.com\/wp-content\/uploads\/sites\/6\/2019\/10\/agrund-beleza-lilly-sarti-2.jpg?resize=235%2C300&amp;ssl=1 235w\" sizes=\"(max-width: 600px) 100vw, 600px\" data-recalc-dims=\"1\" \/><figcaption>SPFW N48 :: A beleza 90s de Lilly Sarti<\/figcaption><\/figure><\/div>\n\n\n\n<div class=\"wp-block-image\"><figure class=\"aligncenter\"><img data-attachment-id=\"203679\" data-permalink=\"https:\/\/agrund.com\/index.php\/spfw-n48-a-beleza-90s-de-lilly-sarti\/agrund-beleza-lilly-sarti-4\/\" data-orig-file=\"https:\/\/i0.wp.com\/agrund.com\/wp-content\/uploads\/sites\/6\/2019\/10\/agrund-beleza-lilly-sarti-4.jpg?fit=600%2C798&amp;ssl=1\" data-orig-size=\"600,798\" data-comments-opened=\"1\" data-image-meta=\"{&quot;aperture&quot;:&quot;2.8&quot;,&quot;credit&quot;:&quot;&quot;,&quot;camera&quot;:&quot;Canon EOS 5D Mark II&quot;,&quot;caption&quot;:&quot;&quot;,&quot;created_timestamp&quot;:&quot;1571163470&quot;,&quot;copyright&quot;:&quot;&quot;,&quot;focal_length&quot;:&quot;24&quot;,&quot;iso&quot;:&quot;640&quot;,&quot;shutter_speed&quot;:&quot;0.008&quot;,&quot;title&quot;:&quot;&quot;,&quot;orientation&quot;:&quot;1&quot;}\" data-image-title=\"agrund-beleza-lilly-sarti-4\" data-image-description=\"\" data-image-caption=\"\" data-medium-file=\"https:\/\/i0.wp.com\/agrund.com\/wp-content\/uploads\/sites\/6\/2019\/10\/agrund-beleza-lilly-sarti-4.jpg?fit=226%2C300&amp;ssl=1\" data-large-file=\"https:\/\/i0.wp.com\/agrund.com\/wp-content\/uploads\/sites\/6\/2019\/10\/agrund-beleza-lilly-sarti-4.jpg?fit=600%2C798&amp;ssl=1\" decoding=\"async\" loading=\"lazy\" width=\"600\" height=\"798\" src=\"https:\/\/i0.wp.com\/www.agrund.com\/wp-content\/uploads\/sites\/6\/2019\/10\/agrund-beleza-lilly-sarti-4.jpg?resize=600%2C798&#038;ssl=1\" alt=\"\" class=\"wp-image-203679\" srcset=\"https:\/\/i0.wp.com\/agrund.com\/wp-content\/uploads\/sites\/6\/2019\/10\/agrund-beleza-lilly-sarti-4.jpg?w=600&amp;ssl=1 600w, https:\/\/i0.wp.com\/agrund.com\/wp-content\/uploads\/sites\/6\/2019\/10\/agrund-beleza-lilly-sarti-4.jpg?resize=226%2C300&amp;ssl=1 226w\" sizes=\"(max-width: 600px) 100vw, 600px\" data-recalc-dims=\"1\" \/><\/figure><\/div>\n\n\n\n<div class=\"wp-block-image\"><figure class=\"aligncenter\"><img data-attachment-id=\"203677\" data-permalink=\"https:\/\/agrund.com\/index.php\/spfw-n48-a-beleza-90s-de-lilly-sarti\/agrund-beleza-lilly-sarti-5\/\" data-orig-file=\"https:\/\/i0.wp.com\/agrund.com\/wp-content\/uploads\/sites\/6\/2019\/10\/agrund-beleza-lilly-sarti-5.jpg?fit=600%2C776&amp;ssl=1\" data-orig-size=\"600,776\" data-comments-opened=\"1\" data-image-meta=\"{&quot;aperture&quot;:&quot;2.8&quot;,&quot;credit&quot;:&quot;&quot;,&quot;camera&quot;:&quot;Canon EOS 5D Mark II&quot;,&quot;caption&quot;:&quot;&quot;,&quot;created_timestamp&quot;:&quot;1571164296&quot;,&quot;copyright&quot;:&quot;&quot;,&quot;focal_length&quot;:&quot;51&quot;,&quot;iso&quot;:&quot;640&quot;,&quot;shutter_speed&quot;:&quot;0.008&quot;,&quot;title&quot;:&quot;&quot;,&quot;orientation&quot;:&quot;1&quot;}\" data-image-title=\"agrund-beleza-lilly-sarti-5\" data-image-description=\"\" data-image-caption=\"\" data-medium-file=\"https:\/\/i0.wp.com\/agrund.com\/wp-content\/uploads\/sites\/6\/2019\/10\/agrund-beleza-lilly-sarti-5.jpg?fit=232%2C300&amp;ssl=1\" data-large-file=\"https:\/\/i0.wp.com\/agrund.com\/wp-content\/uploads\/sites\/6\/2019\/10\/agrund-beleza-lilly-sarti-5.jpg?fit=600%2C776&amp;ssl=1\" decoding=\"async\" loading=\"lazy\" width=\"600\" height=\"776\" src=\"https:\/\/i0.wp.com\/www.agrund.com\/wp-content\/uploads\/sites\/6\/2019\/10\/agrund-beleza-lilly-sarti-5.jpg?resize=600%2C776&#038;ssl=1\" alt=\"\" class=\"wp-image-203677\" srcset=\"https:\/\/i0.wp.com\/agrund.com\/wp-content\/uploads\/sites\/6\/2019\/10\/agrund-beleza-lilly-sarti-5.jpg?w=600&amp;ssl=1 600w, https:\/\/i0.wp.com\/agrund.com\/wp-content\/uploads\/sites\/6\/2019\/10\/agrund-beleza-lilly-sarti-5.jpg?resize=232%2C300&amp;ssl=1 232w\" sizes=\"(max-width: 600px) 100vw, 600px\" data-recalc-dims=\"1\" \/><figcaption>SPFW N48 :: A beleza 90s de Lilly Sarti<\/figcaption><\/figure><\/div>\n\n\n\n<div class=\"wp-block-image\"><figure class=\"aligncenter\"><img data-attachment-id=\"203678\" data-permalink=\"https:\/\/agrund.com\/index.php\/spfw-n48-a-beleza-90s-de-lilly-sarti\/agrund-beleza-lilly-sarti-6\/\" data-orig-file=\"https:\/\/i0.wp.com\/agrund.com\/wp-content\/uploads\/sites\/6\/2019\/10\/agrund-beleza-lilly-sarti-6.jpg?fit=600%2C768&amp;ssl=1\" data-orig-size=\"600,768\" data-comments-opened=\"1\" data-image-meta=\"{&quot;aperture&quot;:&quot;2.8&quot;,&quot;credit&quot;:&quot;&quot;,&quot;camera&quot;:&quot;Canon EOS 5D Mark II&quot;,&quot;caption&quot;:&quot;&quot;,&quot;created_timestamp&quot;:&quot;1571164327&quot;,&quot;copyright&quot;:&quot;&quot;,&quot;focal_length&quot;:&quot;51&quot;,&quot;iso&quot;:&quot;640&quot;,&quot;shutter_speed&quot;:&quot;0.008&quot;,&quot;title&quot;:&quot;&quot;,&quot;orientation&quot;:&quot;1&quot;}\" data-image-title=\"agrund-beleza-lilly-sarti-6\" data-image-description=\"\" data-image-caption=\"\" data-medium-file=\"https:\/\/i0.wp.com\/agrund.com\/wp-content\/uploads\/sites\/6\/2019\/10\/agrund-beleza-lilly-sarti-6.jpg?fit=234%2C300&amp;ssl=1\" data-large-file=\"https:\/\/i0.wp.com\/agrund.com\/wp-content\/uploads\/sites\/6\/2019\/10\/agrund-beleza-lilly-sarti-6.jpg?fit=600%2C768&amp;ssl=1\" decoding=\"async\" loading=\"lazy\" width=\"600\" height=\"768\" src=\"https:\/\/i0.wp.com\/www.agrund.com\/wp-content\/uploads\/sites\/6\/2019\/10\/agrund-beleza-lilly-sarti-6.jpg?resize=600%2C768&#038;ssl=1\" alt=\"\" class=\"wp-image-203678\" srcset=\"https:\/\/i0.wp.com\/agrund.com\/wp-content\/uploads\/sites\/6\/2019\/10\/agrund-beleza-lilly-sarti-6.jpg?w=600&amp;ssl=1 600w, https:\/\/i0.wp.com\/agrund.com\/wp-content\/uploads\/sites\/6\/2019\/10\/agrund-beleza-lilly-sarti-6.jpg?resize=234%2C300&amp;ssl=1 234w\" sizes=\"(max-width: 600px) 100vw, 600px\" data-recalc-dims=\"1\" \/><figcaption>SPFW N48 :: A beleza 90s de Lilly Sarti<\/figcaption><\/figure><\/div>\n\n\n\n<p>Fotos: Paulo Candido. <\/p>\n","protected":false},"excerpt":{"rendered":"<p>Pauta por Jo\u00e3o Macrae | Texto por Lari Mariano No meio da correria do primeiro dia de desfiles da SPFW, entramos no backstage e batemos um papo com Cris Biato, makeup artist que assina a beleza de Lilly Sarti. Com uma inspira\u00e7\u00e3o bem 90s, a make das modelos tem glitter feito de papel nos olhos, [&hellip;]<\/p>\n","protected":false},"author":8,"featured_media":203680,"comment_status":"open","ping_status":"open","sticky":false,"template":"","format":"standard","meta":{"jetpack_post_was_ever_published":false,"_jetpack_newsletter_access":"","jetpack_publicize_message":"","jetpack_is_tweetstorm":false,"jetpack_publicize_feature_enabled":true,"jetpack_social_post_already_shared":true,"jetpack_social_options":{"image_generator_settings":{"template":"highway","enabled":false}}},"categories":[2,18],"tags":[],"jetpack_publicize_connections":[],"jetpack_featured_media_url":"https:\/\/i0.wp.com\/agrund.com\/wp-content\/uploads\/sites\/6\/2019\/10\/s-106.jpg?fit=960%2C300&ssl=1","jetpack_sharing_enabled":true,"jetpack_shortlink":"https:\/\/wp.me\/p3Hz0n-QZ0","jetpack_likes_enabled":true,"_links":{"self":[{"href":"https:\/\/agrund.com\/index.php\/wp-json\/wp\/v2\/posts\/203670"}],"collection":[{"href":"https:\/\/agrund.com\/index.php\/wp-json\/wp\/v2\/posts"}],"about":[{"href":"https:\/\/agrund.com\/index.php\/wp-json\/wp\/v2\/types\/post"}],"author":[{"embeddable":true,"href":"https:\/\/agrund.com\/index.php\/wp-json\/wp\/v2\/users\/8"}],"replies":[{"embeddable":true,"href":"https:\/\/agrund.com\/index.php\/wp-json\/wp\/v2\/comments?post=203670"}],"version-history":[{"count":2,"href":"https:\/\/agrund.com\/index.php\/wp-json\/wp\/v2\/posts\/203670\/revisions"}],"predecessor-version":[{"id":203681,"href":"https:\/\/agrund.com\/index.php\/wp-json\/wp\/v2\/posts\/203670\/revisions\/203681"}],"wp:featuredmedia":[{"embeddable":true,"href":"https:\/\/agrund.com\/index.php\/wp-json\/wp\/v2\/media\/203680"}],"wp:attachment":[{"href":"https:\/\/agrund.com\/index.php\/wp-json\/wp\/v2\/media?parent=203670"}],"wp:term":[{"taxonomy":"category","embeddable":true,"href":"https:\/\/agrund.com\/index.php\/wp-json\/wp\/v2\/categories?post=203670"},{"taxonomy":"post_tag","embeddable":true,"href":"https:\/\/agrund.com\/index.php\/wp-json\/wp\/v2\/tags?post=203670"}],"curies":[{"name":"wp","href":"https:\/\/api.w.org\/{rel}","templated":true}]}}