{"id":203656,"date":"2019-10-15T19:00:21","date_gmt":"2019-10-15T22:00:21","guid":{"rendered":"http:\/\/www.agrund.com\/?p=203656"},"modified":"2019-10-15T19:04:37","modified_gmt":"2019-10-15T22:04:37","slug":"spfw-n48-uma-conversa-com-pedro-korshi","status":"publish","type":"post","link":"https:\/\/agrund.com\/index.php\/spfw-n48-uma-conversa-com-pedro-korshi\/","title":{"rendered":"SPFW N48 :: Uma conversa com Pedro Korshi"},"content":{"rendered":"\n<p>Por Lel\u00ea Santhana<\/p>\n\n\n\n<p>O Agrund.com foi at\u00e9 o backstage da Korshi, marca participante do Projeto Estufa, para conversar com o estilista da marca, Pedro Korshi. Confira nosso bate-papo:<\/p>\n\n\n\n<p><strong>AGRUND: Qual a import\u00e2ncia de termos o Projeto Estufa em um evento como a S\u00e3o Paulo Fashion Week?<br><\/strong>PEDRO: \u201cO Projeto Estufa d\u00e1 oportunidade para novos designers e isso \u00e9 maravilhoso. Eu fico muito orgulhoso de participar. Sou amigo de todos os estilistas do Projeto Estufa\u201d.<\/p>\n\n\n\n<p><strong>AG: A Korshi faz parte da nova gera\u00e7\u00e3o da moda brasileira, que est\u00e1 vindo com um vi\u00e9s mais disruptivo. Como voc\u00ea enxerga esse momento?<br><\/strong>P: \u201cEu acho que a nova gera\u00e7\u00e3o est\u00e1 fazendo um \u00f3timo trabalho. Cada designer est\u00e1 falando sobre uma coisa, mas, ao mesmo tempo, no final das contas, falamos e queremos o mesmo\u201d.<br><\/p>\n\n\n\n<p><strong>AG: A\u00a0revolu\u00e7\u00e3o digital\u00a0afeta diretamente a moda e, diante deste momento, \u00e9 imposs\u00edvel uma marca n\u00e3o estar presente nas redes sociais. Qual o planejamento da Korshi quanto a isso?<br><\/strong>P: \u201cA gente tem e-commerce e temos um Instagram totalmente ativo, postamos quase todos os dias. \u00c9 muito importante estarmos presentes na vida das pessoas, nem que seja pelo celular, para elas n\u00e3o esquecerem da gente\u201d.\u00a0<\/p>\n\n\n\n<div class=\"wp-block-image\"><figure class=\"aligncenter\"><img data-attachment-id=\"203657\" data-permalink=\"https:\/\/agrund.com\/index.php\/spfw-n48-uma-conversa-com-pedro-korshi\/agrund-pedro-korshi\/\" data-orig-file=\"https:\/\/i0.wp.com\/agrund.com\/wp-content\/uploads\/sites\/6\/2019\/10\/agrund-pedro-korshi.jpg?fit=600%2C900&amp;ssl=1\" data-orig-size=\"600,900\" data-comments-opened=\"1\" data-image-meta=\"{&quot;aperture&quot;:&quot;2.8&quot;,&quot;credit&quot;:&quot;&quot;,&quot;camera&quot;:&quot;Canon EOS 5D Mark II&quot;,&quot;caption&quot;:&quot;&quot;,&quot;created_timestamp&quot;:&quot;1571150799&quot;,&quot;copyright&quot;:&quot;&quot;,&quot;focal_length&quot;:&quot;24&quot;,&quot;iso&quot;:&quot;400&quot;,&quot;shutter_speed&quot;:&quot;0.008&quot;,&quot;title&quot;:&quot;&quot;,&quot;orientation&quot;:&quot;1&quot;}\" data-image-title=\"agrund-pedro-korshi\" data-image-description=\"\" data-image-caption=\"\" data-medium-file=\"https:\/\/i0.wp.com\/agrund.com\/wp-content\/uploads\/sites\/6\/2019\/10\/agrund-pedro-korshi.jpg?fit=200%2C300&amp;ssl=1\" data-large-file=\"https:\/\/i0.wp.com\/agrund.com\/wp-content\/uploads\/sites\/6\/2019\/10\/agrund-pedro-korshi.jpg?fit=600%2C900&amp;ssl=1\" decoding=\"async\" loading=\"lazy\" width=\"600\" height=\"900\" src=\"https:\/\/i0.wp.com\/www.agrund.com\/wp-content\/uploads\/sites\/6\/2019\/10\/agrund-pedro-korshi.jpg?resize=600%2C900&#038;ssl=1\" alt=\"\" class=\"wp-image-203657\" srcset=\"https:\/\/i0.wp.com\/agrund.com\/wp-content\/uploads\/sites\/6\/2019\/10\/agrund-pedro-korshi.jpg?w=600&amp;ssl=1 600w, https:\/\/i0.wp.com\/agrund.com\/wp-content\/uploads\/sites\/6\/2019\/10\/agrund-pedro-korshi.jpg?resize=200%2C300&amp;ssl=1 200w\" sizes=\"(max-width: 600px) 100vw, 600px\" data-recalc-dims=\"1\" \/><figcaption>SPFW N48 :: Uma conversa com Pedro Korshi<\/figcaption><\/figure><\/div>\n\n\n\n<p>Foto: Paulo Candido. <\/p>\n","protected":false},"excerpt":{"rendered":"<p>Por Lel\u00ea Santhana O Agrund.com foi at\u00e9 o backstage da Korshi, marca participante do Projeto Estufa, para conversar com o estilista da marca, Pedro Korshi. Confira nosso bate-papo: AGRUND: Qual a import\u00e2ncia de termos o Projeto Estufa em um evento como a S\u00e3o Paulo Fashion Week?PEDRO: \u201cO Projeto Estufa d\u00e1 oportunidade para novos designers e [&hellip;]<\/p>\n","protected":false},"author":8,"featured_media":203658,"comment_status":"open","ping_status":"open","sticky":false,"template":"","format":"standard","meta":{"jetpack_post_was_ever_published":false,"_jetpack_newsletter_access":"","jetpack_publicize_message":"","jetpack_is_tweetstorm":false,"jetpack_publicize_feature_enabled":true,"jetpack_social_post_already_shared":true,"jetpack_social_options":{"image_generator_settings":{"template":"highway","enabled":false}}},"categories":[2,18],"tags":[],"jetpack_publicize_connections":[],"jetpack_featured_media_url":"https:\/\/i0.wp.com\/agrund.com\/wp-content\/uploads\/sites\/6\/2019\/10\/s-104.jpg?fit=960%2C300&ssl=1","jetpack_sharing_enabled":true,"jetpack_shortlink":"https:\/\/wp.me\/p3Hz0n-QYM","jetpack_likes_enabled":true,"_links":{"self":[{"href":"https:\/\/agrund.com\/index.php\/wp-json\/wp\/v2\/posts\/203656"}],"collection":[{"href":"https:\/\/agrund.com\/index.php\/wp-json\/wp\/v2\/posts"}],"about":[{"href":"https:\/\/agrund.com\/index.php\/wp-json\/wp\/v2\/types\/post"}],"author":[{"embeddable":true,"href":"https:\/\/agrund.com\/index.php\/wp-json\/wp\/v2\/users\/8"}],"replies":[{"embeddable":true,"href":"https:\/\/agrund.com\/index.php\/wp-json\/wp\/v2\/comments?post=203656"}],"version-history":[{"count":1,"href":"https:\/\/agrund.com\/index.php\/wp-json\/wp\/v2\/posts\/203656\/revisions"}],"predecessor-version":[{"id":203659,"href":"https:\/\/agrund.com\/index.php\/wp-json\/wp\/v2\/posts\/203656\/revisions\/203659"}],"wp:featuredmedia":[{"embeddable":true,"href":"https:\/\/agrund.com\/index.php\/wp-json\/wp\/v2\/media\/203658"}],"wp:attachment":[{"href":"https:\/\/agrund.com\/index.php\/wp-json\/wp\/v2\/media?parent=203656"}],"wp:term":[{"taxonomy":"category","embeddable":true,"href":"https:\/\/agrund.com\/index.php\/wp-json\/wp\/v2\/categories?post=203656"},{"taxonomy":"post_tag","embeddable":true,"href":"https:\/\/agrund.com\/index.php\/wp-json\/wp\/v2\/tags?post=203656"}],"curies":[{"name":"wp","href":"https:\/\/api.w.org\/{rel}","templated":true}]}}