{"id":203628,"date":"2019-10-15T17:50:04","date_gmt":"2019-10-15T20:50:04","guid":{"rendered":"http:\/\/www.agrund.com\/?p=203628"},"modified":"2019-10-15T17:49:19","modified_gmt":"2019-10-15T20:49:19","slug":"spfw-n48-bate-papo-com-fabiana-milazzo","status":"publish","type":"post","link":"https:\/\/agrund.com\/index.php\/spfw-n48-bate-papo-com-fabiana-milazzo\/","title":{"rendered":"SPFW N48 :: Bate-papo com Fabiana Milazzo"},"content":{"rendered":"\n<p>Por Lel\u00ea Santhana<\/p>\n\n\n\n<p>Continuando a tarde de desfiles, o Agrund.com esteve no backstage de Fabiana Milazzo para conferir as pe\u00e7as e conversar com a estilista. Sempre atenciosa, ela nos contou que a inspira\u00e7\u00e3o para a nova cole\u00e7\u00e3o nasceu em um dia de descanso na sua fazenda: \u201cUm dia ouvindo a m\u00fasica \u2018casa no campo\u2019, de Elis Regina, pensei que poderia come\u00e7ar criando ali. Sai colhendo flores e ramos que viraram estampas e depois bordados. Foi esse o esp\u00edrito que quis propor: conforto, aconchego, liberdade&#8230;\u201d.\u00a0<\/p>\n\n\n\n<p>Diante das araras, vimos muitas pe\u00e7as amplas, flu\u00eddas e com foco no bom design da alfaiataria, est\u00e9tica diferente do que vem \u00e0 mente quando se pensa em Fabiana Milazzo. Passando pela ascens\u00e3o na era dos bordados, a estilista mineira foi muito reconhecida pelo seu grandioso trabalho artesanal. Por\u00e9m, agora, aparece com outro vi\u00e9s: \u201cA moda est\u00e1 mostrando coisas al\u00e9m do bordado, eu me sinto mais \u00e0 vontade para mostrar minha alfaiataria. Nessa cole\u00e7\u00e3o, quis focar no meu casual\u201d.\u00a0<\/p>\n\n\n\n<p>Quanto ao momento atual, de mais cobran\u00e7as por sustentabilidade e cuidado com o meio-ambiente, Fabiana conta: \u201cEu j\u00e1 trabalho com mat\u00e9rias-primas sustent\u00e1veis h\u00e1 anos e fico muito feliz que, cada vez mais, outras marcas est\u00e3o caminhando para isso. Para mim, foi muito dif\u00edcil encontrar fornecedores conscientes. Ent\u00e3o, fa\u00e7o quest\u00e3o de divulgar para que todos saibam\u201d.\u00a0<\/p>\n\n\n\n<div class=\"wp-block-image\"><figure class=\"aligncenter\"><img data-attachment-id=\"203629\" data-permalink=\"https:\/\/agrund.com\/index.php\/spfw-n48-bate-papo-com-fabiana-milazzo\/agrund-fabiana-milazzo\/\" data-orig-file=\"https:\/\/i0.wp.com\/agrund.com\/wp-content\/uploads\/sites\/6\/2019\/10\/agrund-fabiana-Milazzo.jpg?fit=600%2C900&amp;ssl=1\" data-orig-size=\"600,900\" data-comments-opened=\"1\" data-image-meta=\"{&quot;aperture&quot;:&quot;2.8&quot;,&quot;credit&quot;:&quot;&quot;,&quot;camera&quot;:&quot;Canon EOS 5D Mark II&quot;,&quot;caption&quot;:&quot;&quot;,&quot;created_timestamp&quot;:&quot;1571155655&quot;,&quot;copyright&quot;:&quot;&quot;,&quot;focal_length&quot;:&quot;32&quot;,&quot;iso&quot;:&quot;1000&quot;,&quot;shutter_speed&quot;:&quot;0.008&quot;,&quot;title&quot;:&quot;&quot;,&quot;orientation&quot;:&quot;1&quot;}\" data-image-title=\"agrund-fabiana-Milazzo\" data-image-description=\"\" data-image-caption=\"\" data-medium-file=\"https:\/\/i0.wp.com\/agrund.com\/wp-content\/uploads\/sites\/6\/2019\/10\/agrund-fabiana-Milazzo.jpg?fit=200%2C300&amp;ssl=1\" data-large-file=\"https:\/\/i0.wp.com\/agrund.com\/wp-content\/uploads\/sites\/6\/2019\/10\/agrund-fabiana-Milazzo.jpg?fit=600%2C900&amp;ssl=1\" decoding=\"async\" loading=\"lazy\" width=\"600\" height=\"900\" src=\"https:\/\/i0.wp.com\/www.agrund.com\/wp-content\/uploads\/sites\/6\/2019\/10\/agrund-fabiana-Milazzo.jpg?resize=600%2C900&#038;ssl=1\" alt=\"\" class=\"wp-image-203629\" srcset=\"https:\/\/i0.wp.com\/agrund.com\/wp-content\/uploads\/sites\/6\/2019\/10\/agrund-fabiana-Milazzo.jpg?w=600&amp;ssl=1 600w, https:\/\/i0.wp.com\/agrund.com\/wp-content\/uploads\/sites\/6\/2019\/10\/agrund-fabiana-Milazzo.jpg?resize=200%2C300&amp;ssl=1 200w\" sizes=\"(max-width: 600px) 100vw, 600px\" data-recalc-dims=\"1\" \/><figcaption>SPFW N48 :: Bate-papo com Fabiana Milazzo <\/figcaption><\/figure><\/div>\n\n\n\n<div class=\"wp-block-image\"><figure class=\"aligncenter\"><img data-attachment-id=\"203630\" data-permalink=\"https:\/\/agrund.com\/index.php\/spfw-n48-bate-papo-com-fabiana-milazzo\/agrund-backstage-fabiana-milazzo-2\/\" data-orig-file=\"https:\/\/i0.wp.com\/agrund.com\/wp-content\/uploads\/sites\/6\/2019\/10\/agrund-backstage-fabiana-milazzo-2.jpg?fit=600%2C849&amp;ssl=1\" data-orig-size=\"600,849\" data-comments-opened=\"1\" data-image-meta=\"{&quot;aperture&quot;:&quot;2.8&quot;,&quot;credit&quot;:&quot;&quot;,&quot;camera&quot;:&quot;Canon EOS 5D Mark II&quot;,&quot;caption&quot;:&quot;&quot;,&quot;created_timestamp&quot;:&quot;1571155228&quot;,&quot;copyright&quot;:&quot;&quot;,&quot;focal_length&quot;:&quot;26&quot;,&quot;iso&quot;:&quot;1000&quot;,&quot;shutter_speed&quot;:&quot;0.008&quot;,&quot;title&quot;:&quot;&quot;,&quot;orientation&quot;:&quot;1&quot;}\" data-image-title=\"agrund-backstage-fabiana-milazzo-2\" data-image-description=\"\" data-image-caption=\"\" data-medium-file=\"https:\/\/i0.wp.com\/agrund.com\/wp-content\/uploads\/sites\/6\/2019\/10\/agrund-backstage-fabiana-milazzo-2.jpg?fit=212%2C300&amp;ssl=1\" data-large-file=\"https:\/\/i0.wp.com\/agrund.com\/wp-content\/uploads\/sites\/6\/2019\/10\/agrund-backstage-fabiana-milazzo-2.jpg?fit=600%2C849&amp;ssl=1\" decoding=\"async\" loading=\"lazy\" width=\"600\" height=\"849\" src=\"https:\/\/i0.wp.com\/www.agrund.com\/wp-content\/uploads\/sites\/6\/2019\/10\/agrund-backstage-fabiana-milazzo-2.jpg?resize=600%2C849&#038;ssl=1\" alt=\"\" class=\"wp-image-203630\" srcset=\"https:\/\/i0.wp.com\/agrund.com\/wp-content\/uploads\/sites\/6\/2019\/10\/agrund-backstage-fabiana-milazzo-2.jpg?w=600&amp;ssl=1 600w, https:\/\/i0.wp.com\/agrund.com\/wp-content\/uploads\/sites\/6\/2019\/10\/agrund-backstage-fabiana-milazzo-2.jpg?resize=212%2C300&amp;ssl=1 212w\" sizes=\"(max-width: 600px) 100vw, 600px\" data-recalc-dims=\"1\" \/><figcaption>SPFW N48 :: Bate-papo com Fabiana Milazzo <\/figcaption><\/figure><\/div>\n\n\n\n<div class=\"wp-block-image\"><figure class=\"aligncenter\"><img data-attachment-id=\"203631\" data-permalink=\"https:\/\/agrund.com\/index.php\/spfw-n48-bate-papo-com-fabiana-milazzo\/agrund-backstage-fabiana-milazzo-3\/\" data-orig-file=\"https:\/\/i0.wp.com\/agrund.com\/wp-content\/uploads\/sites\/6\/2019\/10\/agrund-backstage-fabiana-milazzo-3.jpg?fit=600%2C900&amp;ssl=1\" data-orig-size=\"600,900\" data-comments-opened=\"1\" data-image-meta=\"{&quot;aperture&quot;:&quot;2.8&quot;,&quot;credit&quot;:&quot;&quot;,&quot;camera&quot;:&quot;Canon EOS 5D Mark II&quot;,&quot;caption&quot;:&quot;&quot;,&quot;created_timestamp&quot;:&quot;1571155251&quot;,&quot;copyright&quot;:&quot;&quot;,&quot;focal_length&quot;:&quot;24&quot;,&quot;iso&quot;:&quot;1000&quot;,&quot;shutter_speed&quot;:&quot;0.008&quot;,&quot;title&quot;:&quot;&quot;,&quot;orientation&quot;:&quot;1&quot;}\" data-image-title=\"agrund-backstage-fabiana-milazzo-3\" data-image-description=\"\" data-image-caption=\"\" data-medium-file=\"https:\/\/i0.wp.com\/agrund.com\/wp-content\/uploads\/sites\/6\/2019\/10\/agrund-backstage-fabiana-milazzo-3.jpg?fit=200%2C300&amp;ssl=1\" data-large-file=\"https:\/\/i0.wp.com\/agrund.com\/wp-content\/uploads\/sites\/6\/2019\/10\/agrund-backstage-fabiana-milazzo-3.jpg?fit=600%2C900&amp;ssl=1\" decoding=\"async\" loading=\"lazy\" width=\"600\" height=\"900\" src=\"https:\/\/i0.wp.com\/www.agrund.com\/wp-content\/uploads\/sites\/6\/2019\/10\/agrund-backstage-fabiana-milazzo-3.jpg?resize=600%2C900&#038;ssl=1\" alt=\"\" class=\"wp-image-203631\" srcset=\"https:\/\/i0.wp.com\/agrund.com\/wp-content\/uploads\/sites\/6\/2019\/10\/agrund-backstage-fabiana-milazzo-3.jpg?w=600&amp;ssl=1 600w, https:\/\/i0.wp.com\/agrund.com\/wp-content\/uploads\/sites\/6\/2019\/10\/agrund-backstage-fabiana-milazzo-3.jpg?resize=200%2C300&amp;ssl=1 200w\" sizes=\"(max-width: 600px) 100vw, 600px\" data-recalc-dims=\"1\" \/><figcaption>SPFW N48 :: Bate-papo com Fabiana Milazzo <\/figcaption><\/figure><\/div>\n\n\n\n<div class=\"wp-block-image\"><figure class=\"aligncenter\"><img data-attachment-id=\"203632\" data-permalink=\"https:\/\/agrund.com\/index.php\/spfw-n48-bate-papo-com-fabiana-milazzo\/agrund-backstage-fabiana-milazzo-6\/\" data-orig-file=\"https:\/\/i0.wp.com\/agrund.com\/wp-content\/uploads\/sites\/6\/2019\/10\/agrund-backstage-fabiana-milazzo-6.jpg?fit=600%2C900&amp;ssl=1\" data-orig-size=\"600,900\" data-comments-opened=\"1\" data-image-meta=\"{&quot;aperture&quot;:&quot;2.8&quot;,&quot;credit&quot;:&quot;&quot;,&quot;camera&quot;:&quot;Canon EOS 5D Mark II&quot;,&quot;caption&quot;:&quot;&quot;,&quot;created_timestamp&quot;:&quot;1571155381&quot;,&quot;copyright&quot;:&quot;&quot;,&quot;focal_length&quot;:&quot;24&quot;,&quot;iso&quot;:&quot;1000&quot;,&quot;shutter_speed&quot;:&quot;0.008&quot;,&quot;title&quot;:&quot;&quot;,&quot;orientation&quot;:&quot;1&quot;}\" data-image-title=\"agrund-backstage-fabiana-milazzo-6\" data-image-description=\"\" data-image-caption=\"\" data-medium-file=\"https:\/\/i0.wp.com\/agrund.com\/wp-content\/uploads\/sites\/6\/2019\/10\/agrund-backstage-fabiana-milazzo-6.jpg?fit=200%2C300&amp;ssl=1\" data-large-file=\"https:\/\/i0.wp.com\/agrund.com\/wp-content\/uploads\/sites\/6\/2019\/10\/agrund-backstage-fabiana-milazzo-6.jpg?fit=600%2C900&amp;ssl=1\" decoding=\"async\" loading=\"lazy\" width=\"600\" height=\"900\" src=\"https:\/\/i0.wp.com\/www.agrund.com\/wp-content\/uploads\/sites\/6\/2019\/10\/agrund-backstage-fabiana-milazzo-6.jpg?resize=600%2C900&#038;ssl=1\" alt=\"\" class=\"wp-image-203632\" srcset=\"https:\/\/i0.wp.com\/agrund.com\/wp-content\/uploads\/sites\/6\/2019\/10\/agrund-backstage-fabiana-milazzo-6.jpg?w=600&amp;ssl=1 600w, https:\/\/i0.wp.com\/agrund.com\/wp-content\/uploads\/sites\/6\/2019\/10\/agrund-backstage-fabiana-milazzo-6.jpg?resize=200%2C300&amp;ssl=1 200w\" sizes=\"(max-width: 600px) 100vw, 600px\" data-recalc-dims=\"1\" \/><figcaption>SPFW N48 :: Bate-papo com Fabiana Milazzo <\/figcaption><\/figure><\/div>\n\n\n\n<div class=\"wp-block-image\"><figure class=\"aligncenter\"><img data-attachment-id=\"203633\" data-permalink=\"https:\/\/agrund.com\/index.php\/spfw-n48-bate-papo-com-fabiana-milazzo\/agrund-backstage-fabiana-milazzo\/\" data-orig-file=\"https:\/\/i0.wp.com\/agrund.com\/wp-content\/uploads\/sites\/6\/2019\/10\/agrund-backstage-fabiana-milazzo.jpg?fit=600%2C900&amp;ssl=1\" data-orig-size=\"600,900\" data-comments-opened=\"1\" data-image-meta=\"{&quot;aperture&quot;:&quot;2.8&quot;,&quot;credit&quot;:&quot;&quot;,&quot;camera&quot;:&quot;Canon EOS 5D Mark II&quot;,&quot;caption&quot;:&quot;&quot;,&quot;created_timestamp&quot;:&quot;1571155219&quot;,&quot;copyright&quot;:&quot;&quot;,&quot;focal_length&quot;:&quot;30&quot;,&quot;iso&quot;:&quot;1000&quot;,&quot;shutter_speed&quot;:&quot;0.008&quot;,&quot;title&quot;:&quot;&quot;,&quot;orientation&quot;:&quot;1&quot;}\" data-image-title=\"agrund-backstage-fabiana-milazzo\" data-image-description=\"\" data-image-caption=\"\" data-medium-file=\"https:\/\/i0.wp.com\/agrund.com\/wp-content\/uploads\/sites\/6\/2019\/10\/agrund-backstage-fabiana-milazzo.jpg?fit=200%2C300&amp;ssl=1\" data-large-file=\"https:\/\/i0.wp.com\/agrund.com\/wp-content\/uploads\/sites\/6\/2019\/10\/agrund-backstage-fabiana-milazzo.jpg?fit=600%2C900&amp;ssl=1\" decoding=\"async\" loading=\"lazy\" width=\"600\" height=\"900\" src=\"https:\/\/i0.wp.com\/www.agrund.com\/wp-content\/uploads\/sites\/6\/2019\/10\/agrund-backstage-fabiana-milazzo.jpg?resize=600%2C900&#038;ssl=1\" alt=\"\" class=\"wp-image-203633\" srcset=\"https:\/\/i0.wp.com\/agrund.com\/wp-content\/uploads\/sites\/6\/2019\/10\/agrund-backstage-fabiana-milazzo.jpg?w=600&amp;ssl=1 600w, https:\/\/i0.wp.com\/agrund.com\/wp-content\/uploads\/sites\/6\/2019\/10\/agrund-backstage-fabiana-milazzo.jpg?resize=200%2C300&amp;ssl=1 200w\" sizes=\"(max-width: 600px) 100vw, 600px\" data-recalc-dims=\"1\" \/><figcaption>SPFW N48 :: Bate-papo com Fabiana Milazzo <\/figcaption><\/figure><\/div>\n\n\n\n<p>Fotos: Paulo Candido. <\/p>\n","protected":false},"excerpt":{"rendered":"<p>Por Lel\u00ea Santhana Continuando a tarde de desfiles, o Agrund.com esteve no backstage de Fabiana Milazzo para conferir as pe\u00e7as e conversar com a estilista. Sempre atenciosa, ela nos contou que a inspira\u00e7\u00e3o para a nova cole\u00e7\u00e3o nasceu em um dia de descanso na sua fazenda: \u201cUm dia ouvindo a m\u00fasica \u2018casa no campo\u2019, de [&hellip;]<\/p>\n","protected":false},"author":8,"featured_media":203634,"comment_status":"open","ping_status":"open","sticky":false,"template":"","format":"standard","meta":{"jetpack_post_was_ever_published":false,"_jetpack_newsletter_access":"","jetpack_publicize_message":"","jetpack_is_tweetstorm":false,"jetpack_publicize_feature_enabled":true,"jetpack_social_post_already_shared":true,"jetpack_social_options":{"image_generator_settings":{"template":"highway","enabled":false}}},"categories":[2,18],"tags":[],"jetpack_publicize_connections":[],"jetpack_featured_media_url":"https:\/\/i0.wp.com\/agrund.com\/wp-content\/uploads\/sites\/6\/2019\/10\/s-101.jpg?fit=960%2C300&ssl=1","jetpack_sharing_enabled":true,"jetpack_shortlink":"https:\/\/wp.me\/p3Hz0n-QYk","jetpack_likes_enabled":true,"_links":{"self":[{"href":"https:\/\/agrund.com\/index.php\/wp-json\/wp\/v2\/posts\/203628"}],"collection":[{"href":"https:\/\/agrund.com\/index.php\/wp-json\/wp\/v2\/posts"}],"about":[{"href":"https:\/\/agrund.com\/index.php\/wp-json\/wp\/v2\/types\/post"}],"author":[{"embeddable":true,"href":"https:\/\/agrund.com\/index.php\/wp-json\/wp\/v2\/users\/8"}],"replies":[{"embeddable":true,"href":"https:\/\/agrund.com\/index.php\/wp-json\/wp\/v2\/comments?post=203628"}],"version-history":[{"count":2,"href":"https:\/\/agrund.com\/index.php\/wp-json\/wp\/v2\/posts\/203628\/revisions"}],"predecessor-version":[{"id":203636,"href":"https:\/\/agrund.com\/index.php\/wp-json\/wp\/v2\/posts\/203628\/revisions\/203636"}],"wp:featuredmedia":[{"embeddable":true,"href":"https:\/\/agrund.com\/index.php\/wp-json\/wp\/v2\/media\/203634"}],"wp:attachment":[{"href":"https:\/\/agrund.com\/index.php\/wp-json\/wp\/v2\/media?parent=203628"}],"wp:term":[{"taxonomy":"category","embeddable":true,"href":"https:\/\/agrund.com\/index.php\/wp-json\/wp\/v2\/categories?post=203628"},{"taxonomy":"post_tag","embeddable":true,"href":"https:\/\/agrund.com\/index.php\/wp-json\/wp\/v2\/tags?post=203628"}],"curies":[{"name":"wp","href":"https:\/\/api.w.org\/{rel}","templated":true}]}}