{"id":203621,"date":"2019-10-15T17:20:06","date_gmt":"2019-10-15T20:20:06","guid":{"rendered":"http:\/\/www.agrund.com\/?p=203621"},"modified":"2019-10-15T17:28:37","modified_gmt":"2019-10-15T20:28:37","slug":"spfw-n48-pele-luminosa-na-fabiana-milazzo","status":"publish","type":"post","link":"https:\/\/agrund.com\/index.php\/spfw-n48-pele-luminosa-na-fabiana-milazzo\/","title":{"rendered":"SPFW N48 :: Pele luminosa na Fabiana Milazzo"},"content":{"rendered":"\n<p>Pauta por Jo\u00e3o Macrae | Texto por Lari Mariano<\/p>\n\n\n\n<p>Assinada pelo maquiador Rodrigo Costa, a beleza do desfile de Fabiana Milazzo \u00e9 singela e natural. Super saud\u00e1vel, luminosa e bem hidratada, a pele das modelos parece ter acumulado o orvalho da manh\u00e3.\u00a0<\/p>\n\n\n\n<p>A make ainda tem um leve toque de glitter, o que d\u00e1 ainda mais luz. Para os cabelos, os rabos de cavalo baixos e com aspecto molhado s\u00e3o a maioria.\u00a0Vai copiar?<\/p>\n\n\n\n<div class=\"wp-block-image\"><figure class=\"aligncenter\"><img data-attachment-id=\"203622\" data-permalink=\"https:\/\/agrund.com\/index.php\/spfw-n48-pele-luminosa-na-fabiana-milazzo\/agrund-beleza-fabiana-milazzo-2\/\" data-orig-file=\"https:\/\/i0.wp.com\/agrund.com\/wp-content\/uploads\/sites\/6\/2019\/10\/AGRUND-beleza-fabiana-milazzo-2.jpg?fit=600%2C730&amp;ssl=1\" data-orig-size=\"600,730\" data-comments-opened=\"1\" data-image-meta=\"{&quot;aperture&quot;:&quot;2.8&quot;,&quot;credit&quot;:&quot;&quot;,&quot;camera&quot;:&quot;Canon EOS 5D Mark II&quot;,&quot;caption&quot;:&quot;&quot;,&quot;created_timestamp&quot;:&quot;1571159340&quot;,&quot;copyright&quot;:&quot;&quot;,&quot;focal_length&quot;:&quot;45&quot;,&quot;iso&quot;:&quot;640&quot;,&quot;shutter_speed&quot;:&quot;0.008&quot;,&quot;title&quot;:&quot;&quot;,&quot;orientation&quot;:&quot;1&quot;}\" data-image-title=\"AGRUND-beleza-fabiana-milazzo-2\" data-image-description=\"\" data-image-caption=\"\" data-medium-file=\"https:\/\/i0.wp.com\/agrund.com\/wp-content\/uploads\/sites\/6\/2019\/10\/AGRUND-beleza-fabiana-milazzo-2.jpg?fit=247%2C300&amp;ssl=1\" data-large-file=\"https:\/\/i0.wp.com\/agrund.com\/wp-content\/uploads\/sites\/6\/2019\/10\/AGRUND-beleza-fabiana-milazzo-2.jpg?fit=600%2C730&amp;ssl=1\" decoding=\"async\" loading=\"lazy\" width=\"600\" height=\"730\" src=\"https:\/\/i0.wp.com\/www.agrund.com\/wp-content\/uploads\/sites\/6\/2019\/10\/AGRUND-beleza-fabiana-milazzo-2.jpg?resize=600%2C730&#038;ssl=1\" alt=\"\" class=\"wp-image-203622\" srcset=\"https:\/\/i0.wp.com\/agrund.com\/wp-content\/uploads\/sites\/6\/2019\/10\/AGRUND-beleza-fabiana-milazzo-2.jpg?w=600&amp;ssl=1 600w, https:\/\/i0.wp.com\/agrund.com\/wp-content\/uploads\/sites\/6\/2019\/10\/AGRUND-beleza-fabiana-milazzo-2.jpg?resize=247%2C300&amp;ssl=1 247w\" sizes=\"(max-width: 600px) 100vw, 600px\" data-recalc-dims=\"1\" \/><figcaption>SPFW N48 :: Pele luminosa na Fabiana Milazzo <\/figcaption><\/figure><\/div>\n\n\n\n<div class=\"wp-block-image\"><figure class=\"aligncenter\"><img data-attachment-id=\"203623\" data-permalink=\"https:\/\/agrund.com\/index.php\/spfw-n48-pele-luminosa-na-fabiana-milazzo\/agrund-beleza-fabiana-milazzo-3\/\" data-orig-file=\"https:\/\/i0.wp.com\/agrund.com\/wp-content\/uploads\/sites\/6\/2019\/10\/AGRUND-beleza-fabiana-milazzo-3.jpg?fit=600%2C652&amp;ssl=1\" data-orig-size=\"600,652\" data-comments-opened=\"1\" data-image-meta=\"{&quot;aperture&quot;:&quot;2.8&quot;,&quot;credit&quot;:&quot;&quot;,&quot;camera&quot;:&quot;Canon EOS 5D Mark II&quot;,&quot;caption&quot;:&quot;&quot;,&quot;created_timestamp&quot;:&quot;1571159281&quot;,&quot;copyright&quot;:&quot;&quot;,&quot;focal_length&quot;:&quot;42&quot;,&quot;iso&quot;:&quot;640&quot;,&quot;shutter_speed&quot;:&quot;0.008&quot;,&quot;title&quot;:&quot;&quot;,&quot;orientation&quot;:&quot;1&quot;}\" data-image-title=\"AGRUND-beleza-fabiana-milazzo-3\" data-image-description=\"\" data-image-caption=\"\" data-medium-file=\"https:\/\/i0.wp.com\/agrund.com\/wp-content\/uploads\/sites\/6\/2019\/10\/AGRUND-beleza-fabiana-milazzo-3.jpg?fit=276%2C300&amp;ssl=1\" data-large-file=\"https:\/\/i0.wp.com\/agrund.com\/wp-content\/uploads\/sites\/6\/2019\/10\/AGRUND-beleza-fabiana-milazzo-3.jpg?fit=600%2C652&amp;ssl=1\" decoding=\"async\" loading=\"lazy\" width=\"600\" height=\"652\" src=\"https:\/\/i0.wp.com\/www.agrund.com\/wp-content\/uploads\/sites\/6\/2019\/10\/AGRUND-beleza-fabiana-milazzo-3.jpg?resize=600%2C652&#038;ssl=1\" alt=\"\" class=\"wp-image-203623\" srcset=\"https:\/\/i0.wp.com\/agrund.com\/wp-content\/uploads\/sites\/6\/2019\/10\/AGRUND-beleza-fabiana-milazzo-3.jpg?w=600&amp;ssl=1 600w, https:\/\/i0.wp.com\/agrund.com\/wp-content\/uploads\/sites\/6\/2019\/10\/AGRUND-beleza-fabiana-milazzo-3.jpg?resize=276%2C300&amp;ssl=1 276w\" sizes=\"(max-width: 600px) 100vw, 600px\" data-recalc-dims=\"1\" \/><figcaption>SPFW N48 :: Pele luminosa na Fabiana Milazzo <\/figcaption><\/figure><\/div>\n\n\n\n<div class=\"wp-block-image\"><figure class=\"aligncenter\"><img data-attachment-id=\"203624\" data-permalink=\"https:\/\/agrund.com\/index.php\/spfw-n48-pele-luminosa-na-fabiana-milazzo\/agrund-beleza-fabiana-milazzo-4\/\" data-orig-file=\"https:\/\/i0.wp.com\/agrund.com\/wp-content\/uploads\/sites\/6\/2019\/10\/AGRUND-beleza-fabiana-milazzo-4.jpg?fit=600%2C709&amp;ssl=1\" data-orig-size=\"600,709\" data-comments-opened=\"1\" data-image-meta=\"{&quot;aperture&quot;:&quot;2.8&quot;,&quot;credit&quot;:&quot;&quot;,&quot;camera&quot;:&quot;Canon EOS 5D Mark II&quot;,&quot;caption&quot;:&quot;&quot;,&quot;created_timestamp&quot;:&quot;1571159256&quot;,&quot;copyright&quot;:&quot;&quot;,&quot;focal_length&quot;:&quot;42&quot;,&quot;iso&quot;:&quot;640&quot;,&quot;shutter_speed&quot;:&quot;0.008&quot;,&quot;title&quot;:&quot;&quot;,&quot;orientation&quot;:&quot;1&quot;}\" data-image-title=\"AGRUND-beleza-fabiana-milazzo-4\" data-image-description=\"\" data-image-caption=\"\" data-medium-file=\"https:\/\/i0.wp.com\/agrund.com\/wp-content\/uploads\/sites\/6\/2019\/10\/AGRUND-beleza-fabiana-milazzo-4.jpg?fit=254%2C300&amp;ssl=1\" data-large-file=\"https:\/\/i0.wp.com\/agrund.com\/wp-content\/uploads\/sites\/6\/2019\/10\/AGRUND-beleza-fabiana-milazzo-4.jpg?fit=600%2C709&amp;ssl=1\" decoding=\"async\" loading=\"lazy\" width=\"600\" height=\"709\" src=\"https:\/\/i0.wp.com\/www.agrund.com\/wp-content\/uploads\/sites\/6\/2019\/10\/AGRUND-beleza-fabiana-milazzo-4.jpg?resize=600%2C709&#038;ssl=1\" alt=\"\" class=\"wp-image-203624\" srcset=\"https:\/\/i0.wp.com\/agrund.com\/wp-content\/uploads\/sites\/6\/2019\/10\/AGRUND-beleza-fabiana-milazzo-4.jpg?w=600&amp;ssl=1 600w, https:\/\/i0.wp.com\/agrund.com\/wp-content\/uploads\/sites\/6\/2019\/10\/AGRUND-beleza-fabiana-milazzo-4.jpg?resize=254%2C300&amp;ssl=1 254w\" sizes=\"(max-width: 600px) 100vw, 600px\" data-recalc-dims=\"1\" \/><figcaption>SPFW N48 :: Pele luminosa na Fabiana Milazzo <\/figcaption><\/figure><\/div>\n\n\n\n<div class=\"wp-block-image\"><figure class=\"aligncenter\"><img data-attachment-id=\"203625\" data-permalink=\"https:\/\/agrund.com\/index.php\/spfw-n48-pele-luminosa-na-fabiana-milazzo\/agrund-beleza-fabiana-milazzo\/\" data-orig-file=\"https:\/\/i0.wp.com\/agrund.com\/wp-content\/uploads\/sites\/6\/2019\/10\/AGRUND-beleza-fabiana-milazzo.jpg?fit=600%2C900&amp;ssl=1\" data-orig-size=\"600,900\" data-comments-opened=\"1\" data-image-meta=\"{&quot;aperture&quot;:&quot;2.8&quot;,&quot;credit&quot;:&quot;&quot;,&quot;camera&quot;:&quot;Canon EOS 5D Mark II&quot;,&quot;caption&quot;:&quot;&quot;,&quot;created_timestamp&quot;:&quot;1571155979&quot;,&quot;copyright&quot;:&quot;&quot;,&quot;focal_length&quot;:&quot;28&quot;,&quot;iso&quot;:&quot;2000&quot;,&quot;shutter_speed&quot;:&quot;0.008&quot;,&quot;title&quot;:&quot;&quot;,&quot;orientation&quot;:&quot;1&quot;}\" data-image-title=\"AGRUND-beleza-fabiana-milazzo\" data-image-description=\"\" data-image-caption=\"\" data-medium-file=\"https:\/\/i0.wp.com\/agrund.com\/wp-content\/uploads\/sites\/6\/2019\/10\/AGRUND-beleza-fabiana-milazzo.jpg?fit=200%2C300&amp;ssl=1\" data-large-file=\"https:\/\/i0.wp.com\/agrund.com\/wp-content\/uploads\/sites\/6\/2019\/10\/AGRUND-beleza-fabiana-milazzo.jpg?fit=600%2C900&amp;ssl=1\" decoding=\"async\" loading=\"lazy\" width=\"600\" height=\"900\" src=\"https:\/\/i0.wp.com\/www.agrund.com\/wp-content\/uploads\/sites\/6\/2019\/10\/AGRUND-beleza-fabiana-milazzo.jpg?resize=600%2C900&#038;ssl=1\" alt=\"\" class=\"wp-image-203625\" srcset=\"https:\/\/i0.wp.com\/agrund.com\/wp-content\/uploads\/sites\/6\/2019\/10\/AGRUND-beleza-fabiana-milazzo.jpg?w=600&amp;ssl=1 600w, https:\/\/i0.wp.com\/agrund.com\/wp-content\/uploads\/sites\/6\/2019\/10\/AGRUND-beleza-fabiana-milazzo.jpg?resize=200%2C300&amp;ssl=1 200w\" sizes=\"(max-width: 600px) 100vw, 600px\" data-recalc-dims=\"1\" \/><figcaption>SPFW N48 :: Pele luminosa na Fabiana Milazzo <\/figcaption><\/figure><\/div>\n\n\n\n<p>Fotos: Paulo Candido.<\/p>\n","protected":false},"excerpt":{"rendered":"<p>Pauta por Jo\u00e3o Macrae | Texto por Lari Mariano Assinada pelo maquiador Rodrigo Costa, a beleza do desfile de Fabiana Milazzo \u00e9 singela e natural. Super saud\u00e1vel, luminosa e bem hidratada, a pele das modelos parece ter acumulado o orvalho da manh\u00e3.\u00a0 A make ainda tem um leve toque de glitter, o que d\u00e1 ainda [&hellip;]<\/p>\n","protected":false},"author":8,"featured_media":203626,"comment_status":"open","ping_status":"open","sticky":false,"template":"","format":"standard","meta":{"jetpack_post_was_ever_published":false,"_jetpack_newsletter_access":"","jetpack_publicize_message":"","jetpack_is_tweetstorm":false,"jetpack_publicize_feature_enabled":true,"jetpack_social_post_already_shared":true,"jetpack_social_options":{"image_generator_settings":{"template":"highway","enabled":false}}},"categories":[2,18],"tags":[],"jetpack_publicize_connections":[],"jetpack_featured_media_url":"https:\/\/i0.wp.com\/agrund.com\/wp-content\/uploads\/sites\/6\/2019\/10\/s-100.jpg?fit=960%2C300&ssl=1","jetpack_sharing_enabled":true,"jetpack_shortlink":"https:\/\/wp.me\/p3Hz0n-QYd","jetpack_likes_enabled":true,"_links":{"self":[{"href":"https:\/\/agrund.com\/index.php\/wp-json\/wp\/v2\/posts\/203621"}],"collection":[{"href":"https:\/\/agrund.com\/index.php\/wp-json\/wp\/v2\/posts"}],"about":[{"href":"https:\/\/agrund.com\/index.php\/wp-json\/wp\/v2\/types\/post"}],"author":[{"embeddable":true,"href":"https:\/\/agrund.com\/index.php\/wp-json\/wp\/v2\/users\/8"}],"replies":[{"embeddable":true,"href":"https:\/\/agrund.com\/index.php\/wp-json\/wp\/v2\/comments?post=203621"}],"version-history":[{"count":1,"href":"https:\/\/agrund.com\/index.php\/wp-json\/wp\/v2\/posts\/203621\/revisions"}],"predecessor-version":[{"id":203627,"href":"https:\/\/agrund.com\/index.php\/wp-json\/wp\/v2\/posts\/203621\/revisions\/203627"}],"wp:featuredmedia":[{"embeddable":true,"href":"https:\/\/agrund.com\/index.php\/wp-json\/wp\/v2\/media\/203626"}],"wp:attachment":[{"href":"https:\/\/agrund.com\/index.php\/wp-json\/wp\/v2\/media?parent=203621"}],"wp:term":[{"taxonomy":"category","embeddable":true,"href":"https:\/\/agrund.com\/index.php\/wp-json\/wp\/v2\/categories?post=203621"},{"taxonomy":"post_tag","embeddable":true,"href":"https:\/\/agrund.com\/index.php\/wp-json\/wp\/v2\/tags?post=203621"}],"curies":[{"name":"wp","href":"https:\/\/api.w.org\/{rel}","templated":true}]}}