{"id":203565,"date":"2019-10-15T15:01:12","date_gmt":"2019-10-15T18:01:12","guid":{"rendered":"http:\/\/www.agrund.com\/?p=203565"},"modified":"2019-10-15T15:20:09","modified_gmt":"2019-10-15T18:20:09","slug":"spfw-n48-a-ellus-faz-uma-homenagem-a-sao-paulo","status":"publish","type":"post","link":"https:\/\/agrund.com\/index.php\/spfw-n48-a-ellus-faz-uma-homenagem-a-sao-paulo\/","title":{"rendered":"SPFW N48 :: A Ellus faz uma homenagem a S\u00e3o Paulo"},"content":{"rendered":"\n<p>Por Arlindo Grund<\/p>\n\n\n\n<p>A temporada de moda brasileira come\u00e7ou! A Ellus abre a edi\u00e7\u00e3o de n\u00famero 48 da S\u00e3o Paulo Fashion Week com uma homenagem \u00e0 cidade mais movimentada do Brasil. O desfile foi no Farol Santander, cart\u00e3o postal de SP. A rela\u00e7\u00e3o entre a marca e a cidade \u00e9 quase que siamesa. A moda da Ellus sempre foi cosmopolita, urbana, esportiva e, acima de tudo, com muita personalidade. Dessa vez, uniformes&nbsp;nortearam a cole\u00e7\u00e3o. A ordem da marca \u00e9 o consumo consciente. Comprar aquilo que realmente voc\u00ea vai usar, reusar e montar produ\u00e7\u00f5es criativas. Os tecidos criavam a mistura de texturas que a moda tanto ama:&nbsp;sarja, nylon, moletom, tricoline e meia malha, al\u00e9m do jeans e do leather denim, com uma cartela s\u00f3bria e pinceladas de laranja como ponto de luz. Os acess\u00f3rios ganharam destaque na apresenta\u00e7\u00e3o. Pochetes, bolsas e bolsos volumosos trouxeram o ar utilit\u00e1rio \u00e0 cole\u00e7\u00e3o. No fim, a passarela virou um grande manifesto mostrando a vis\u00e3o do futuro. A necessidade de preservar e a uni\u00e3o de diversos expoentes do esporte, m\u00fasica e projetos sociais trouxe o ar novo que a moda est\u00e1 buscando. Mudan\u00e7a! As roupas eram&nbsp;bem coerentes com o tema e ao mesmo tempo carregavam um DNA de moda super moderno.&nbsp;<\/p>\n\n\n\n<div class=\"wp-block-image\"><figure class=\"aligncenter\"><img data-attachment-id=\"203568\" data-permalink=\"https:\/\/agrund.com\/index.php\/spfw-n48-a-ellus-faz-uma-homenagem-a-sao-paulo\/ellus-spfw-n48-foto-marcelo-soubhia-fotosite\/\" data-orig-file=\"https:\/\/i0.wp.com\/agrund.com\/wp-content\/uploads\/sites\/6\/2019\/10\/ellus_n48_001.jpg?fit=600%2C900&amp;ssl=1\" data-orig-size=\"600,900\" data-comments-opened=\"1\" data-image-meta=\"{&quot;aperture&quot;:&quot;0&quot;,&quot;credit&quot;:&quot;Marcelo Soubhia\\\/FOTOSITE&quot;,&quot;camera&quot;:&quot;&quot;,&quot;caption&quot;:&quot;Ellus- SPFW N48-\\rFoto: Marcelo Soubhia\\\/FOTOSITE&quot;,&quot;created_timestamp&quot;:&quot;1571015295&quot;,&quot;copyright&quot;:&quot;Marcelo Soubhia\\\/FOTOSITE&quot;,&quot;focal_length&quot;:&quot;0&quot;,&quot;iso&quot;:&quot;0&quot;,&quot;shutter_speed&quot;:&quot;0&quot;,&quot;title&quot;:&quot;Ellus- SPFW N48-\\rFoto: Marcelo Soubhia\\\/FOTOSITE&quot;,&quot;orientation&quot;:&quot;1&quot;}\" data-image-title=\"Ellus- SPFW N48-\rFoto: Marcelo Soubhia\/FOTOSITE\" data-image-description=\"\" data-image-caption=\"&lt;p&gt;Ellus- SPFW N48-&lt;br \/&gt;\nFoto: Marcelo Soubhia\/FOTOSITE&lt;\/p&gt;\n\" data-medium-file=\"https:\/\/i0.wp.com\/agrund.com\/wp-content\/uploads\/sites\/6\/2019\/10\/ellus_n48_001.jpg?fit=200%2C300&amp;ssl=1\" data-large-file=\"https:\/\/i0.wp.com\/agrund.com\/wp-content\/uploads\/sites\/6\/2019\/10\/ellus_n48_001.jpg?fit=600%2C900&amp;ssl=1\" decoding=\"async\" loading=\"lazy\" width=\"600\" height=\"900\" src=\"https:\/\/i0.wp.com\/www.agrund.com\/wp-content\/uploads\/sites\/6\/2019\/10\/ellus_n48_001.jpg?resize=600%2C900&#038;ssl=1\" alt=\"\" class=\"wp-image-203568\" srcset=\"https:\/\/i0.wp.com\/agrund.com\/wp-content\/uploads\/sites\/6\/2019\/10\/ellus_n48_001.jpg?w=600&amp;ssl=1 600w, https:\/\/i0.wp.com\/agrund.com\/wp-content\/uploads\/sites\/6\/2019\/10\/ellus_n48_001.jpg?resize=200%2C300&amp;ssl=1 200w\" sizes=\"(max-width: 600px) 100vw, 600px\" data-recalc-dims=\"1\" \/><figcaption>SPFW N48 :: A Ellus faz uma homenagem a S\u00e3o Paulo<\/figcaption><\/figure><\/div>\n\n\n\n<div class=\"wp-block-image\"><figure class=\"aligncenter\"><img data-attachment-id=\"203569\" data-permalink=\"https:\/\/agrund.com\/index.php\/spfw-n48-a-ellus-faz-uma-homenagem-a-sao-paulo\/ellus-spfw-n48-foto-marcelo-soubhia-fotosite-2\/\" data-orig-file=\"https:\/\/i0.wp.com\/agrund.com\/wp-content\/uploads\/sites\/6\/2019\/10\/ellus_n48_004.jpg?fit=600%2C900&amp;ssl=1\" data-orig-size=\"600,900\" data-comments-opened=\"1\" data-image-meta=\"{&quot;aperture&quot;:&quot;0&quot;,&quot;credit&quot;:&quot;Marcelo Soubhia\\\/FOTOSITE&quot;,&quot;camera&quot;:&quot;&quot;,&quot;caption&quot;:&quot;Ellus- SPFW N48-\\rFoto: Marcelo Soubhia\\\/FOTOSITE&quot;,&quot;created_timestamp&quot;:&quot;1571024699&quot;,&quot;copyright&quot;:&quot;Marcelo Soubhia\\\/FOTOSITE&quot;,&quot;focal_length&quot;:&quot;0&quot;,&quot;iso&quot;:&quot;0&quot;,&quot;shutter_speed&quot;:&quot;0&quot;,&quot;title&quot;:&quot;Ellus- SPFW N48-\\rFoto: Marcelo Soubhia\\\/FOTOSITE&quot;,&quot;orientation&quot;:&quot;1&quot;}\" data-image-title=\"Ellus- SPFW N48-\rFoto: Marcelo Soubhia\/FOTOSITE\" data-image-description=\"\" data-image-caption=\"&lt;p&gt;Ellus- SPFW N48-&lt;br \/&gt;\nFoto: Marcelo Soubhia\/FOTOSITE&lt;\/p&gt;\n\" data-medium-file=\"https:\/\/i0.wp.com\/agrund.com\/wp-content\/uploads\/sites\/6\/2019\/10\/ellus_n48_004.jpg?fit=200%2C300&amp;ssl=1\" data-large-file=\"https:\/\/i0.wp.com\/agrund.com\/wp-content\/uploads\/sites\/6\/2019\/10\/ellus_n48_004.jpg?fit=600%2C900&amp;ssl=1\" decoding=\"async\" loading=\"lazy\" width=\"600\" height=\"900\" src=\"https:\/\/i0.wp.com\/www.agrund.com\/wp-content\/uploads\/sites\/6\/2019\/10\/ellus_n48_004.jpg?resize=600%2C900&#038;ssl=1\" alt=\"\" class=\"wp-image-203569\" srcset=\"https:\/\/i0.wp.com\/agrund.com\/wp-content\/uploads\/sites\/6\/2019\/10\/ellus_n48_004.jpg?w=600&amp;ssl=1 600w, https:\/\/i0.wp.com\/agrund.com\/wp-content\/uploads\/sites\/6\/2019\/10\/ellus_n48_004.jpg?resize=200%2C300&amp;ssl=1 200w\" sizes=\"(max-width: 600px) 100vw, 600px\" data-recalc-dims=\"1\" \/><figcaption>SPFW N48 :: A Ellus faz uma homenagem a S\u00e3o Paulo<\/figcaption><\/figure><\/div>\n\n\n\n<div class=\"wp-block-image\"><figure class=\"aligncenter\"><img data-attachment-id=\"203570\" data-permalink=\"https:\/\/agrund.com\/index.php\/spfw-n48-a-ellus-faz-uma-homenagem-a-sao-paulo\/ellus-spfw-n48-foto-marcelo-soubhia-fotosite-3\/\" data-orig-file=\"https:\/\/i0.wp.com\/agrund.com\/wp-content\/uploads\/sites\/6\/2019\/10\/ellus_n48_025.jpg?fit=600%2C900&amp;ssl=1\" data-orig-size=\"600,900\" data-comments-opened=\"1\" data-image-meta=\"{&quot;aperture&quot;:&quot;0&quot;,&quot;credit&quot;:&quot;Marcelo Soubhia\\\/FOTOSITE&quot;,&quot;camera&quot;:&quot;&quot;,&quot;caption&quot;:&quot;Ellus- SPFW N48-\\rFoto: Marcelo Soubhia\\\/FOTOSITE&quot;,&quot;created_timestamp&quot;:&quot;1571024744&quot;,&quot;copyright&quot;:&quot;Marcelo Soubhia\\\/FOTOSITE&quot;,&quot;focal_length&quot;:&quot;0&quot;,&quot;iso&quot;:&quot;0&quot;,&quot;shutter_speed&quot;:&quot;0&quot;,&quot;title&quot;:&quot;Ellus- SPFW N48-\\rFoto: Marcelo Soubhia\\\/FOTOSITE&quot;,&quot;orientation&quot;:&quot;1&quot;}\" data-image-title=\"Ellus- SPFW N48-\rFoto: Marcelo Soubhia\/FOTOSITE\" data-image-description=\"\" data-image-caption=\"&lt;p&gt;Ellus- SPFW N48-&lt;br \/&gt;\nFoto: Marcelo Soubhia\/FOTOSITE&lt;\/p&gt;\n\" data-medium-file=\"https:\/\/i0.wp.com\/agrund.com\/wp-content\/uploads\/sites\/6\/2019\/10\/ellus_n48_025.jpg?fit=200%2C300&amp;ssl=1\" data-large-file=\"https:\/\/i0.wp.com\/agrund.com\/wp-content\/uploads\/sites\/6\/2019\/10\/ellus_n48_025.jpg?fit=600%2C900&amp;ssl=1\" decoding=\"async\" loading=\"lazy\" width=\"600\" height=\"900\" src=\"https:\/\/i0.wp.com\/www.agrund.com\/wp-content\/uploads\/sites\/6\/2019\/10\/ellus_n48_025.jpg?resize=600%2C900&#038;ssl=1\" alt=\"\" class=\"wp-image-203570\" srcset=\"https:\/\/i0.wp.com\/agrund.com\/wp-content\/uploads\/sites\/6\/2019\/10\/ellus_n48_025.jpg?w=600&amp;ssl=1 600w, https:\/\/i0.wp.com\/agrund.com\/wp-content\/uploads\/sites\/6\/2019\/10\/ellus_n48_025.jpg?resize=200%2C300&amp;ssl=1 200w\" sizes=\"(max-width: 600px) 100vw, 600px\" data-recalc-dims=\"1\" \/><figcaption>SPFW N48 :: A Ellus faz uma homenagem a S\u00e3o Paulo<\/figcaption><\/figure><\/div>\n\n\n\n<div class=\"wp-block-image\"><figure class=\"aligncenter\"><img data-attachment-id=\"203571\" data-permalink=\"https:\/\/agrund.com\/index.php\/spfw-n48-a-ellus-faz-uma-homenagem-a-sao-paulo\/ellus-spfw-n48-foto-marcelo-soubhia-fotosite-4\/\" data-orig-file=\"https:\/\/i0.wp.com\/agrund.com\/wp-content\/uploads\/sites\/6\/2019\/10\/ellus_n48_052.jpg?fit=600%2C900&amp;ssl=1\" data-orig-size=\"600,900\" data-comments-opened=\"1\" data-image-meta=\"{&quot;aperture&quot;:&quot;0&quot;,&quot;credit&quot;:&quot;Marcelo Soubhia\\\/FOTOSITE&quot;,&quot;camera&quot;:&quot;&quot;,&quot;caption&quot;:&quot;Ellus- SPFW N48-\\rFoto: Marcelo Soubhia\\\/FOTOSITE&quot;,&quot;created_timestamp&quot;:&quot;1571024800&quot;,&quot;copyright&quot;:&quot;Marcelo Soubhia\\\/FOTOSITE&quot;,&quot;focal_length&quot;:&quot;0&quot;,&quot;iso&quot;:&quot;0&quot;,&quot;shutter_speed&quot;:&quot;0&quot;,&quot;title&quot;:&quot;Ellus- SPFW N48-\\rFoto: Marcelo Soubhia\\\/FOTOSITE&quot;,&quot;orientation&quot;:&quot;1&quot;}\" data-image-title=\"Ellus- SPFW N48-\rFoto: Marcelo Soubhia\/FOTOSITE\" data-image-description=\"\" data-image-caption=\"&lt;p&gt;Ellus- SPFW N48-&lt;br \/&gt;\nFoto: Marcelo Soubhia\/FOTOSITE&lt;\/p&gt;\n\" data-medium-file=\"https:\/\/i0.wp.com\/agrund.com\/wp-content\/uploads\/sites\/6\/2019\/10\/ellus_n48_052.jpg?fit=200%2C300&amp;ssl=1\" data-large-file=\"https:\/\/i0.wp.com\/agrund.com\/wp-content\/uploads\/sites\/6\/2019\/10\/ellus_n48_052.jpg?fit=600%2C900&amp;ssl=1\" decoding=\"async\" loading=\"lazy\" width=\"600\" height=\"900\" src=\"https:\/\/i0.wp.com\/www.agrund.com\/wp-content\/uploads\/sites\/6\/2019\/10\/ellus_n48_052.jpg?resize=600%2C900&#038;ssl=1\" alt=\"\" class=\"wp-image-203571\" srcset=\"https:\/\/i0.wp.com\/agrund.com\/wp-content\/uploads\/sites\/6\/2019\/10\/ellus_n48_052.jpg?w=600&amp;ssl=1 600w, https:\/\/i0.wp.com\/agrund.com\/wp-content\/uploads\/sites\/6\/2019\/10\/ellus_n48_052.jpg?resize=200%2C300&amp;ssl=1 200w\" sizes=\"(max-width: 600px) 100vw, 600px\" data-recalc-dims=\"1\" \/><figcaption>SPFW N48 :: A Ellus faz uma homenagem a S\u00e3o Paulo<\/figcaption><\/figure><\/div>\n\n\n\n<div class=\"wp-block-image\"><figure class=\"aligncenter\"><img data-attachment-id=\"203572\" data-permalink=\"https:\/\/agrund.com\/index.php\/spfw-n48-a-ellus-faz-uma-homenagem-a-sao-paulo\/ellus-spfw-n48-foto-marcelo-soubhia-fotosite-5\/\" data-orig-file=\"https:\/\/i0.wp.com\/agrund.com\/wp-content\/uploads\/sites\/6\/2019\/10\/ellus_n48_084.jpg?fit=600%2C900&amp;ssl=1\" data-orig-size=\"600,900\" data-comments-opened=\"1\" data-image-meta=\"{&quot;aperture&quot;:&quot;0&quot;,&quot;credit&quot;:&quot;Marcelo Soubhia\\\/FOTOSITE&quot;,&quot;camera&quot;:&quot;&quot;,&quot;caption&quot;:&quot;Ellus- SPFW N48-\\rFoto: Marcelo Soubhia\\\/FOTOSITE&quot;,&quot;created_timestamp&quot;:&quot;1571015337&quot;,&quot;copyright&quot;:&quot;Marcelo Soubhia\\\/FOTOSITE&quot;,&quot;focal_length&quot;:&quot;0&quot;,&quot;iso&quot;:&quot;0&quot;,&quot;shutter_speed&quot;:&quot;0&quot;,&quot;title&quot;:&quot;Ellus- SPFW N48-\\rFoto: Marcelo Soubhia\\\/FOTOSITE&quot;,&quot;orientation&quot;:&quot;1&quot;}\" data-image-title=\"Ellus- SPFW N48-\rFoto: Marcelo Soubhia\/FOTOSITE\" data-image-description=\"\" data-image-caption=\"&lt;p&gt;Ellus- SPFW N48-&lt;br \/&gt;\nFoto: Marcelo Soubhia\/FOTOSITE&lt;\/p&gt;\n\" data-medium-file=\"https:\/\/i0.wp.com\/agrund.com\/wp-content\/uploads\/sites\/6\/2019\/10\/ellus_n48_084.jpg?fit=200%2C300&amp;ssl=1\" data-large-file=\"https:\/\/i0.wp.com\/agrund.com\/wp-content\/uploads\/sites\/6\/2019\/10\/ellus_n48_084.jpg?fit=600%2C900&amp;ssl=1\" decoding=\"async\" loading=\"lazy\" width=\"600\" height=\"900\" src=\"https:\/\/i0.wp.com\/www.agrund.com\/wp-content\/uploads\/sites\/6\/2019\/10\/ellus_n48_084.jpg?resize=600%2C900&#038;ssl=1\" alt=\"\" class=\"wp-image-203572\" srcset=\"https:\/\/i0.wp.com\/agrund.com\/wp-content\/uploads\/sites\/6\/2019\/10\/ellus_n48_084.jpg?w=600&amp;ssl=1 600w, https:\/\/i0.wp.com\/agrund.com\/wp-content\/uploads\/sites\/6\/2019\/10\/ellus_n48_084.jpg?resize=200%2C300&amp;ssl=1 200w\" sizes=\"(max-width: 600px) 100vw, 600px\" data-recalc-dims=\"1\" \/><figcaption>SPFW N48 :: A Ellus faz uma homenagem a S\u00e3o Paulo<\/figcaption><\/figure><\/div>\n\n\n\n<div class=\"wp-block-image\"><figure class=\"aligncenter\"><img data-attachment-id=\"203573\" data-permalink=\"https:\/\/agrund.com\/index.php\/spfw-n48-a-ellus-faz-uma-homenagem-a-sao-paulo\/ellus-spfw-n48-foto-marcelo-soubhia-fotosite-6\/\" data-orig-file=\"https:\/\/i0.wp.com\/agrund.com\/wp-content\/uploads\/sites\/6\/2019\/10\/ellus_n48_104.jpg?fit=600%2C900&amp;ssl=1\" data-orig-size=\"600,900\" data-comments-opened=\"1\" data-image-meta=\"{&quot;aperture&quot;:&quot;0&quot;,&quot;credit&quot;:&quot;Marcelo Soubhia\\\/FOTOSITE&quot;,&quot;camera&quot;:&quot;&quot;,&quot;caption&quot;:&quot;Ellus- SPFW N48-\\rFoto: Marcelo Soubhia\\\/FOTOSITE&quot;,&quot;created_timestamp&quot;:&quot;1571015345&quot;,&quot;copyright&quot;:&quot;Marcelo Soubhia\\\/FOTOSITE&quot;,&quot;focal_length&quot;:&quot;0&quot;,&quot;iso&quot;:&quot;0&quot;,&quot;shutter_speed&quot;:&quot;0&quot;,&quot;title&quot;:&quot;Ellus- SPFW N48-\\rFoto: Marcelo Soubhia\\\/FOTOSITE&quot;,&quot;orientation&quot;:&quot;1&quot;}\" data-image-title=\"Ellus- SPFW N48-\rFoto: Marcelo Soubhia\/FOTOSITE\" data-image-description=\"\" data-image-caption=\"&lt;p&gt;Ellus- SPFW N48-&lt;br \/&gt;\nFoto: Marcelo Soubhia\/FOTOSITE&lt;\/p&gt;\n\" data-medium-file=\"https:\/\/i0.wp.com\/agrund.com\/wp-content\/uploads\/sites\/6\/2019\/10\/ellus_n48_104.jpg?fit=200%2C300&amp;ssl=1\" data-large-file=\"https:\/\/i0.wp.com\/agrund.com\/wp-content\/uploads\/sites\/6\/2019\/10\/ellus_n48_104.jpg?fit=600%2C900&amp;ssl=1\" decoding=\"async\" loading=\"lazy\" width=\"600\" height=\"900\" src=\"https:\/\/i0.wp.com\/www.agrund.com\/wp-content\/uploads\/sites\/6\/2019\/10\/ellus_n48_104.jpg?resize=600%2C900&#038;ssl=1\" alt=\"\" class=\"wp-image-203573\" srcset=\"https:\/\/i0.wp.com\/agrund.com\/wp-content\/uploads\/sites\/6\/2019\/10\/ellus_n48_104.jpg?w=600&amp;ssl=1 600w, https:\/\/i0.wp.com\/agrund.com\/wp-content\/uploads\/sites\/6\/2019\/10\/ellus_n48_104.jpg?resize=200%2C300&amp;ssl=1 200w\" sizes=\"(max-width: 600px) 100vw, 600px\" data-recalc-dims=\"1\" \/><figcaption>SPFW N48 :: A Ellus faz uma homenagem a S\u00e3o Paulo<\/figcaption><\/figure><\/div>\n\n\n\n<div class=\"wp-block-image\"><figure class=\"aligncenter\"><img data-attachment-id=\"203574\" data-permalink=\"https:\/\/agrund.com\/index.php\/spfw-n48-a-ellus-faz-uma-homenagem-a-sao-paulo\/ellus-spfw-n48-foto-marcelo-soubhia-fotosite-7\/\" data-orig-file=\"https:\/\/i0.wp.com\/agrund.com\/wp-content\/uploads\/sites\/6\/2019\/10\/ellus_n48_178.jpg?fit=600%2C900&amp;ssl=1\" data-orig-size=\"600,900\" data-comments-opened=\"1\" data-image-meta=\"{&quot;aperture&quot;:&quot;0&quot;,&quot;credit&quot;:&quot;Marcelo Soubhia\\\/FOTOSITE&quot;,&quot;camera&quot;:&quot;&quot;,&quot;caption&quot;:&quot;Ellus- SPFW N48-\\rFoto: Marcelo Soubhia\\\/FOTOSITE&quot;,&quot;created_timestamp&quot;:&quot;1571025123&quot;,&quot;copyright&quot;:&quot;Marcelo Soubhia\\\/FOTOSITE&quot;,&quot;focal_length&quot;:&quot;0&quot;,&quot;iso&quot;:&quot;0&quot;,&quot;shutter_speed&quot;:&quot;0&quot;,&quot;title&quot;:&quot;Ellus- SPFW N48-\\rFoto: Marcelo Soubhia\\\/FOTOSITE&quot;,&quot;orientation&quot;:&quot;1&quot;}\" data-image-title=\"Ellus- SPFW N48-\rFoto: Marcelo Soubhia\/FOTOSITE\" data-image-description=\"\" data-image-caption=\"&lt;p&gt;Ellus- SPFW N48-&lt;br \/&gt;\nFoto: Marcelo Soubhia\/FOTOSITE&lt;\/p&gt;\n\" data-medium-file=\"https:\/\/i0.wp.com\/agrund.com\/wp-content\/uploads\/sites\/6\/2019\/10\/ellus_n48_178.jpg?fit=200%2C300&amp;ssl=1\" data-large-file=\"https:\/\/i0.wp.com\/agrund.com\/wp-content\/uploads\/sites\/6\/2019\/10\/ellus_n48_178.jpg?fit=600%2C900&amp;ssl=1\" decoding=\"async\" loading=\"lazy\" width=\"600\" height=\"900\" src=\"https:\/\/i0.wp.com\/www.agrund.com\/wp-content\/uploads\/sites\/6\/2019\/10\/ellus_n48_178.jpg?resize=600%2C900&#038;ssl=1\" alt=\"\" class=\"wp-image-203574\" srcset=\"https:\/\/i0.wp.com\/agrund.com\/wp-content\/uploads\/sites\/6\/2019\/10\/ellus_n48_178.jpg?w=600&amp;ssl=1 600w, https:\/\/i0.wp.com\/agrund.com\/wp-content\/uploads\/sites\/6\/2019\/10\/ellus_n48_178.jpg?resize=200%2C300&amp;ssl=1 200w\" sizes=\"(max-width: 600px) 100vw, 600px\" data-recalc-dims=\"1\" \/><figcaption>SPFW N48 :: A Ellus faz uma homenagem a S\u00e3o Paulo<\/figcaption><\/figure><\/div>\n\n\n\n<div class=\"wp-block-image\"><figure class=\"aligncenter\"><img data-attachment-id=\"203575\" data-permalink=\"https:\/\/agrund.com\/index.php\/spfw-n48-a-ellus-faz-uma-homenagem-a-sao-paulo\/ellus-spfw-n48-foto-marcelo-soubhia-fotosite-8\/\" data-orig-file=\"https:\/\/i0.wp.com\/agrund.com\/wp-content\/uploads\/sites\/6\/2019\/10\/ellus_n48_209.jpg?fit=600%2C900&amp;ssl=1\" data-orig-size=\"600,900\" data-comments-opened=\"1\" data-image-meta=\"{&quot;aperture&quot;:&quot;0&quot;,&quot;credit&quot;:&quot;Marcelo Soubhia\\\/FOTOSITE&quot;,&quot;camera&quot;:&quot;&quot;,&quot;caption&quot;:&quot;Ellus- SPFW N48-\\rFoto: Marcelo Soubhia\\\/FOTOSITE&quot;,&quot;created_timestamp&quot;:&quot;1571015400&quot;,&quot;copyright&quot;:&quot;Marcelo Soubhia\\\/FOTOSITE&quot;,&quot;focal_length&quot;:&quot;0&quot;,&quot;iso&quot;:&quot;0&quot;,&quot;shutter_speed&quot;:&quot;0&quot;,&quot;title&quot;:&quot;Ellus- SPFW N48-\\rFoto: Marcelo Soubhia\\\/FOTOSITE&quot;,&quot;orientation&quot;:&quot;1&quot;}\" data-image-title=\"Ellus- SPFW N48-\rFoto: Marcelo Soubhia\/FOTOSITE\" data-image-description=\"\" data-image-caption=\"&lt;p&gt;Ellus- SPFW N48-&lt;br \/&gt;\nFoto: Marcelo Soubhia\/FOTOSITE&lt;\/p&gt;\n\" data-medium-file=\"https:\/\/i0.wp.com\/agrund.com\/wp-content\/uploads\/sites\/6\/2019\/10\/ellus_n48_209.jpg?fit=200%2C300&amp;ssl=1\" data-large-file=\"https:\/\/i0.wp.com\/agrund.com\/wp-content\/uploads\/sites\/6\/2019\/10\/ellus_n48_209.jpg?fit=600%2C900&amp;ssl=1\" decoding=\"async\" loading=\"lazy\" width=\"600\" height=\"900\" src=\"https:\/\/i0.wp.com\/www.agrund.com\/wp-content\/uploads\/sites\/6\/2019\/10\/ellus_n48_209.jpg?resize=600%2C900&#038;ssl=1\" alt=\"\" class=\"wp-image-203575\" srcset=\"https:\/\/i0.wp.com\/agrund.com\/wp-content\/uploads\/sites\/6\/2019\/10\/ellus_n48_209.jpg?w=600&amp;ssl=1 600w, https:\/\/i0.wp.com\/agrund.com\/wp-content\/uploads\/sites\/6\/2019\/10\/ellus_n48_209.jpg?resize=200%2C300&amp;ssl=1 200w\" sizes=\"(max-width: 600px) 100vw, 600px\" data-recalc-dims=\"1\" \/><figcaption>SPFW N48 :: A Ellus faz uma homenagem a S\u00e3o Paulo<\/figcaption><\/figure><\/div>\n\n\n\n<div class=\"wp-block-image\"><figure class=\"aligncenter\"><img data-attachment-id=\"203577\" data-permalink=\"https:\/\/agrund.com\/index.php\/spfw-n48-a-ellus-faz-uma-homenagem-a-sao-paulo\/ellus-spfw-n48-foto-marcelo-soubhia-fotosite-10\/\" data-orig-file=\"https:\/\/i0.wp.com\/agrund.com\/wp-content\/uploads\/sites\/6\/2019\/10\/ellus_n48_227.jpg?fit=600%2C900&amp;ssl=1\" data-orig-size=\"600,900\" data-comments-opened=\"1\" data-image-meta=\"{&quot;aperture&quot;:&quot;0&quot;,&quot;credit&quot;:&quot;Marcelo Soubhia\\\/FOTOSITE&quot;,&quot;camera&quot;:&quot;&quot;,&quot;caption&quot;:&quot;Ellus- SPFW N48-\\rFoto: Marcelo Soubhia\\\/FOTOSITE&quot;,&quot;created_timestamp&quot;:&quot;1571015409&quot;,&quot;copyright&quot;:&quot;Marcelo Soubhia\\\/FOTOSITE&quot;,&quot;focal_length&quot;:&quot;0&quot;,&quot;iso&quot;:&quot;0&quot;,&quot;shutter_speed&quot;:&quot;0&quot;,&quot;title&quot;:&quot;Ellus- SPFW N48-\\rFoto: Marcelo Soubhia\\\/FOTOSITE&quot;,&quot;orientation&quot;:&quot;1&quot;}\" data-image-title=\"Ellus- SPFW N48-\rFoto: Marcelo Soubhia\/FOTOSITE\" data-image-description=\"\" data-image-caption=\"&lt;p&gt;Ellus- SPFW N48-&lt;br \/&gt;\nFoto: Marcelo Soubhia\/FOTOSITE&lt;\/p&gt;\n\" data-medium-file=\"https:\/\/i0.wp.com\/agrund.com\/wp-content\/uploads\/sites\/6\/2019\/10\/ellus_n48_227.jpg?fit=200%2C300&amp;ssl=1\" data-large-file=\"https:\/\/i0.wp.com\/agrund.com\/wp-content\/uploads\/sites\/6\/2019\/10\/ellus_n48_227.jpg?fit=600%2C900&amp;ssl=1\" decoding=\"async\" loading=\"lazy\" width=\"600\" height=\"900\" src=\"https:\/\/i0.wp.com\/www.agrund.com\/wp-content\/uploads\/sites\/6\/2019\/10\/ellus_n48_227.jpg?resize=600%2C900&#038;ssl=1\" alt=\"\" class=\"wp-image-203577\" srcset=\"https:\/\/i0.wp.com\/agrund.com\/wp-content\/uploads\/sites\/6\/2019\/10\/ellus_n48_227.jpg?w=600&amp;ssl=1 600w, https:\/\/i0.wp.com\/agrund.com\/wp-content\/uploads\/sites\/6\/2019\/10\/ellus_n48_227.jpg?resize=200%2C300&amp;ssl=1 200w\" sizes=\"(max-width: 600px) 100vw, 600px\" data-recalc-dims=\"1\" \/><figcaption>SPFW N48 :: A Ellus faz uma homenagem a S\u00e3o Paulo<\/figcaption><\/figure><\/div>\n\n\n\n<div class=\"wp-block-image\"><figure class=\"aligncenter\"><img data-attachment-id=\"203576\" data-permalink=\"https:\/\/agrund.com\/index.php\/spfw-n48-a-ellus-faz-uma-homenagem-a-sao-paulo\/ellus-spfw-n48-foto-marcelo-soubhia-fotosite-9\/\" data-orig-file=\"https:\/\/i0.wp.com\/agrund.com\/wp-content\/uploads\/sites\/6\/2019\/10\/ellus_n48_242.jpg?fit=600%2C900&amp;ssl=1\" data-orig-size=\"600,900\" data-comments-opened=\"1\" data-image-meta=\"{&quot;aperture&quot;:&quot;0&quot;,&quot;credit&quot;:&quot;Marcelo Soubhia\\\/FOTOSITE&quot;,&quot;camera&quot;:&quot;&quot;,&quot;caption&quot;:&quot;Ellus- SPFW N48-\\rFoto: Marcelo Soubhia\\\/FOTOSITE&quot;,&quot;created_timestamp&quot;:&quot;1571015415&quot;,&quot;copyright&quot;:&quot;Marcelo Soubhia\\\/FOTOSITE&quot;,&quot;focal_length&quot;:&quot;0&quot;,&quot;iso&quot;:&quot;0&quot;,&quot;shutter_speed&quot;:&quot;0&quot;,&quot;title&quot;:&quot;Ellus- SPFW N48-\\rFoto: Marcelo Soubhia\\\/FOTOSITE&quot;,&quot;orientation&quot;:&quot;1&quot;}\" data-image-title=\"Ellus- SPFW N48-\rFoto: Marcelo Soubhia\/FOTOSITE\" data-image-description=\"\" data-image-caption=\"&lt;p&gt;Ellus- SPFW N48-&lt;br \/&gt;\nFoto: Marcelo Soubhia\/FOTOSITE&lt;\/p&gt;\n\" data-medium-file=\"https:\/\/i0.wp.com\/agrund.com\/wp-content\/uploads\/sites\/6\/2019\/10\/ellus_n48_242.jpg?fit=200%2C300&amp;ssl=1\" data-large-file=\"https:\/\/i0.wp.com\/agrund.com\/wp-content\/uploads\/sites\/6\/2019\/10\/ellus_n48_242.jpg?fit=600%2C900&amp;ssl=1\" decoding=\"async\" loading=\"lazy\" width=\"600\" height=\"900\" src=\"https:\/\/i0.wp.com\/www.agrund.com\/wp-content\/uploads\/sites\/6\/2019\/10\/ellus_n48_242.jpg?resize=600%2C900&#038;ssl=1\" alt=\"\" class=\"wp-image-203576\" srcset=\"https:\/\/i0.wp.com\/agrund.com\/wp-content\/uploads\/sites\/6\/2019\/10\/ellus_n48_242.jpg?w=600&amp;ssl=1 600w, https:\/\/i0.wp.com\/agrund.com\/wp-content\/uploads\/sites\/6\/2019\/10\/ellus_n48_242.jpg?resize=200%2C300&amp;ssl=1 200w\" sizes=\"(max-width: 600px) 100vw, 600px\" data-recalc-dims=\"1\" \/><figcaption>SPFW N48 :: A Ellus faz uma homenagem a S\u00e3o Paulo<\/figcaption><\/figure><\/div>\n\n\n\n<div class=\"wp-block-image\"><figure class=\"aligncenter\"><img data-attachment-id=\"203578\" data-permalink=\"https:\/\/agrund.com\/index.php\/spfw-n48-a-ellus-faz-uma-homenagem-a-sao-paulo\/ellus-spfw-n48-foto-marcelo-soubhia-fotosite-11\/\" data-orig-file=\"https:\/\/i0.wp.com\/agrund.com\/wp-content\/uploads\/sites\/6\/2019\/10\/ellus_n48_250.jpg?fit=600%2C400&amp;ssl=1\" data-orig-size=\"600,400\" data-comments-opened=\"1\" data-image-meta=\"{&quot;aperture&quot;:&quot;0&quot;,&quot;credit&quot;:&quot;Marcelo Soubhia\\\/FOTOSITE&quot;,&quot;camera&quot;:&quot;&quot;,&quot;caption&quot;:&quot;Ellus- SPFW N48-\\rFoto: Marcelo Soubhia\\\/FOTOSITE&quot;,&quot;created_timestamp&quot;:&quot;1571015424&quot;,&quot;copyright&quot;:&quot;Marcelo Soubhia\\\/FOTOSITE&quot;,&quot;focal_length&quot;:&quot;0&quot;,&quot;iso&quot;:&quot;0&quot;,&quot;shutter_speed&quot;:&quot;0&quot;,&quot;title&quot;:&quot;Ellus- SPFW N48-\\rFoto: Marcelo Soubhia\\\/FOTOSITE&quot;,&quot;orientation&quot;:&quot;1&quot;}\" data-image-title=\"Ellus- SPFW N48-\rFoto: Marcelo Soubhia\/FOTOSITE\" data-image-description=\"\" data-image-caption=\"&lt;p&gt;Ellus- SPFW N48-&lt;br \/&gt;\nFoto: Marcelo Soubhia\/FOTOSITE&lt;\/p&gt;\n\" data-medium-file=\"https:\/\/i0.wp.com\/agrund.com\/wp-content\/uploads\/sites\/6\/2019\/10\/ellus_n48_250.jpg?fit=300%2C200&amp;ssl=1\" data-large-file=\"https:\/\/i0.wp.com\/agrund.com\/wp-content\/uploads\/sites\/6\/2019\/10\/ellus_n48_250.jpg?fit=600%2C400&amp;ssl=1\" decoding=\"async\" loading=\"lazy\" width=\"600\" height=\"400\" src=\"https:\/\/i0.wp.com\/www.agrund.com\/wp-content\/uploads\/sites\/6\/2019\/10\/ellus_n48_250.jpg?resize=600%2C400&#038;ssl=1\" alt=\"\" class=\"wp-image-203578\" srcset=\"https:\/\/i0.wp.com\/agrund.com\/wp-content\/uploads\/sites\/6\/2019\/10\/ellus_n48_250.jpg?w=600&amp;ssl=1 600w, https:\/\/i0.wp.com\/agrund.com\/wp-content\/uploads\/sites\/6\/2019\/10\/ellus_n48_250.jpg?resize=300%2C200&amp;ssl=1 300w\" sizes=\"(max-width: 600px) 100vw, 600px\" data-recalc-dims=\"1\" \/><figcaption>SPFW N48 :: A Ellus faz uma homenagem a S\u00e3o Paulo<\/figcaption><\/figure><\/div>\n\n\n\n<p>Fotos: Divulga\u00e7\u00e3o\/ Z\u00e9 Takahashi\/ Marcelo Soubhia\/ Ag\u00eancia Fotosite. <\/p>\n","protected":false},"excerpt":{"rendered":"<p>Por Arlindo Grund A temporada de moda brasileira come\u00e7ou! A Ellus abre a edi\u00e7\u00e3o de n\u00famero 48 da S\u00e3o Paulo Fashion Week com uma homenagem \u00e0 cidade mais movimentada do Brasil. O desfile foi no Farol Santander, cart\u00e3o postal de SP. A rela\u00e7\u00e3o entre a marca e a cidade \u00e9 quase que siamesa. A moda [&hellip;]<\/p>\n","protected":false},"author":8,"featured_media":203579,"comment_status":"open","ping_status":"open","sticky":false,"template":"","format":"standard","meta":{"jetpack_post_was_ever_published":false,"_jetpack_newsletter_access":"","jetpack_publicize_message":"","jetpack_is_tweetstorm":false,"jetpack_publicize_feature_enabled":true,"jetpack_social_post_already_shared":true,"jetpack_social_options":{"image_generator_settings":{"template":"highway","enabled":false}}},"categories":[2,18],"tags":[],"jetpack_publicize_connections":[],"jetpack_featured_media_url":"https:\/\/i0.wp.com\/agrund.com\/wp-content\/uploads\/sites\/6\/2019\/10\/s-96.jpg?fit=960%2C300&ssl=1","jetpack_sharing_enabled":true,"jetpack_shortlink":"https:\/\/wp.me\/p3Hz0n-QXj","jetpack_likes_enabled":true,"_links":{"self":[{"href":"https:\/\/agrund.com\/index.php\/wp-json\/wp\/v2\/posts\/203565"}],"collection":[{"href":"https:\/\/agrund.com\/index.php\/wp-json\/wp\/v2\/posts"}],"about":[{"href":"https:\/\/agrund.com\/index.php\/wp-json\/wp\/v2\/types\/post"}],"author":[{"embeddable":true,"href":"https:\/\/agrund.com\/index.php\/wp-json\/wp\/v2\/users\/8"}],"replies":[{"embeddable":true,"href":"https:\/\/agrund.com\/index.php\/wp-json\/wp\/v2\/comments?post=203565"}],"version-history":[{"count":2,"href":"https:\/\/agrund.com\/index.php\/wp-json\/wp\/v2\/posts\/203565\/revisions"}],"predecessor-version":[{"id":203580,"href":"https:\/\/agrund.com\/index.php\/wp-json\/wp\/v2\/posts\/203565\/revisions\/203580"}],"wp:featuredmedia":[{"embeddable":true,"href":"https:\/\/agrund.com\/index.php\/wp-json\/wp\/v2\/media\/203579"}],"wp:attachment":[{"href":"https:\/\/agrund.com\/index.php\/wp-json\/wp\/v2\/media?parent=203565"}],"wp:term":[{"taxonomy":"category","embeddable":true,"href":"https:\/\/agrund.com\/index.php\/wp-json\/wp\/v2\/categories?post=203565"},{"taxonomy":"post_tag","embeddable":true,"href":"https:\/\/agrund.com\/index.php\/wp-json\/wp\/v2\/tags?post=203565"}],"curies":[{"name":"wp","href":"https:\/\/api.w.org\/{rel}","templated":true}]}}