{"id":203484,"date":"2019-10-11T14:00:08","date_gmt":"2019-10-11T17:00:08","guid":{"rendered":"http:\/\/www.agrund.com\/?p=203484"},"modified":"2019-10-11T13:23:40","modified_gmt":"2019-10-11T16:23:40","slug":"raf-simons-lanca-nova-parceria-com-a-dr-martens","status":"publish","type":"post","link":"https:\/\/agrund.com\/index.php\/raf-simons-lanca-nova-parceria-com-a-dr-martens\/","title":{"rendered":"Raf Simons lan\u00e7a nova parceria com a Dr. Martens"},"content":{"rendered":"\n<p>Parece que a parceria de Raf Simons para a Dr.Martens deu mesmo certo, pois o estilista acaba de assinar mais um cal\u00e7ado para a marca.\u00a0<\/p>\n\n\n\n<p>A nova vers\u00e3o do modelo derby cl\u00e1ssico \u00e9 feita em couro preto e traz placas de metal no bico que ficam aparentes gra\u00e7as a um recorte no couro, enquanto no solado foi mantida a famosa borracha semi-transparente da Dr.Martens. Chique e moderno ao mesmo tempo.<\/p>\n\n\n\n<p>O sapato j\u00e1 est\u00e1 \u00e0 venda nas lojas internacionais. Veja os detalhes na galeria abaixo:<\/p>\n\n\n\n<div class=\"wp-block-image\"><figure class=\"aligncenter\"><img data-attachment-id=\"203485\" data-permalink=\"https:\/\/agrund.com\/index.php\/raf-simons-lanca-nova-parceria-com-a-dr-martens\/agrund-raf-simons-dr-martens-2-2\/\" data-orig-file=\"https:\/\/i0.wp.com\/agrund.com\/wp-content\/uploads\/sites\/6\/2019\/10\/agrund-raf-simons-dr-martens-2.jpg?fit=600%2C400&amp;ssl=1\" data-orig-size=\"600,400\" data-comments-opened=\"1\" data-image-meta=\"{&quot;aperture&quot;:&quot;0&quot;,&quot;credit&quot;:&quot;&quot;,&quot;camera&quot;:&quot;&quot;,&quot;caption&quot;:&quot;&quot;,&quot;created_timestamp&quot;:&quot;0&quot;,&quot;copyright&quot;:&quot;&quot;,&quot;focal_length&quot;:&quot;0&quot;,&quot;iso&quot;:&quot;0&quot;,&quot;shutter_speed&quot;:&quot;0&quot;,&quot;title&quot;:&quot;&quot;,&quot;orientation&quot;:&quot;1&quot;}\" data-image-title=\"agrund-raf-simons-dr-martens-2\" data-image-description=\"\" data-image-caption=\"\" data-medium-file=\"https:\/\/i0.wp.com\/agrund.com\/wp-content\/uploads\/sites\/6\/2019\/10\/agrund-raf-simons-dr-martens-2.jpg?fit=300%2C200&amp;ssl=1\" data-large-file=\"https:\/\/i0.wp.com\/agrund.com\/wp-content\/uploads\/sites\/6\/2019\/10\/agrund-raf-simons-dr-martens-2.jpg?fit=600%2C400&amp;ssl=1\" decoding=\"async\" loading=\"lazy\" width=\"600\" height=\"400\" src=\"https:\/\/i0.wp.com\/www.agrund.com\/wp-content\/uploads\/sites\/6\/2019\/10\/agrund-raf-simons-dr-martens-2.jpg?resize=600%2C400&#038;ssl=1\" alt=\"\" class=\"wp-image-203485\" srcset=\"https:\/\/i0.wp.com\/agrund.com\/wp-content\/uploads\/sites\/6\/2019\/10\/agrund-raf-simons-dr-martens-2.jpg?w=600&amp;ssl=1 600w, https:\/\/i0.wp.com\/agrund.com\/wp-content\/uploads\/sites\/6\/2019\/10\/agrund-raf-simons-dr-martens-2.jpg?resize=300%2C200&amp;ssl=1 300w\" sizes=\"(max-width: 600px) 100vw, 600px\" data-recalc-dims=\"1\" \/><figcaption>Raf Simons lan\u00e7a nova parceria com a Dr. Martens <\/figcaption><\/figure><\/div>\n\n\n\n<div class=\"wp-block-image\"><figure class=\"aligncenter\"><img data-attachment-id=\"203486\" data-permalink=\"https:\/\/agrund.com\/index.php\/raf-simons-lanca-nova-parceria-com-a-dr-martens\/agrund-raf-simons-dr-martens-4\/\" data-orig-file=\"https:\/\/i0.wp.com\/agrund.com\/wp-content\/uploads\/sites\/6\/2019\/10\/agrund-raf-simons-dr-martens.jpg?fit=600%2C400&amp;ssl=1\" data-orig-size=\"600,400\" data-comments-opened=\"1\" data-image-meta=\"{&quot;aperture&quot;:&quot;0&quot;,&quot;credit&quot;:&quot;&quot;,&quot;camera&quot;:&quot;&quot;,&quot;caption&quot;:&quot;&quot;,&quot;created_timestamp&quot;:&quot;0&quot;,&quot;copyright&quot;:&quot;&quot;,&quot;focal_length&quot;:&quot;0&quot;,&quot;iso&quot;:&quot;0&quot;,&quot;shutter_speed&quot;:&quot;0&quot;,&quot;title&quot;:&quot;&quot;,&quot;orientation&quot;:&quot;1&quot;}\" data-image-title=\"agrund-raf-simons-dr-martens\" data-image-description=\"\" data-image-caption=\"\" data-medium-file=\"https:\/\/i0.wp.com\/agrund.com\/wp-content\/uploads\/sites\/6\/2019\/10\/agrund-raf-simons-dr-martens.jpg?fit=300%2C200&amp;ssl=1\" data-large-file=\"https:\/\/i0.wp.com\/agrund.com\/wp-content\/uploads\/sites\/6\/2019\/10\/agrund-raf-simons-dr-martens.jpg?fit=600%2C400&amp;ssl=1\" decoding=\"async\" loading=\"lazy\" width=\"600\" height=\"400\" src=\"https:\/\/i0.wp.com\/www.agrund.com\/wp-content\/uploads\/sites\/6\/2019\/10\/agrund-raf-simons-dr-martens.jpg?resize=600%2C400&#038;ssl=1\" alt=\"\" class=\"wp-image-203486\" srcset=\"https:\/\/i0.wp.com\/agrund.com\/wp-content\/uploads\/sites\/6\/2019\/10\/agrund-raf-simons-dr-martens.jpg?w=600&amp;ssl=1 600w, https:\/\/i0.wp.com\/agrund.com\/wp-content\/uploads\/sites\/6\/2019\/10\/agrund-raf-simons-dr-martens.jpg?resize=300%2C200&amp;ssl=1 300w\" sizes=\"(max-width: 600px) 100vw, 600px\" data-recalc-dims=\"1\" \/><figcaption>Raf Simons lan\u00e7a nova parceria com a Dr. Martens <\/figcaption><\/figure><\/div>\n\n\n\n<p>Fotos: Reprodu\u00e7\u00e3o\/ Dr. Martens. <\/p>\n","protected":false},"excerpt":{"rendered":"<p>Parece que a parceria de Raf Simons para a Dr.Martens deu mesmo certo, pois o estilista acaba de assinar mais um cal\u00e7ado para a marca.\u00a0 A nova vers\u00e3o do modelo derby cl\u00e1ssico \u00e9 feita em couro preto e traz placas de metal no bico que ficam aparentes gra\u00e7as a um recorte no couro, enquanto no [&hellip;]<\/p>\n","protected":false},"author":8,"featured_media":203487,"comment_status":"open","ping_status":"open","sticky":false,"template":"","format":"standard","meta":{"jetpack_post_was_ever_published":false,"_jetpack_newsletter_access":"","jetpack_publicize_message":"","jetpack_is_tweetstorm":false,"jetpack_publicize_feature_enabled":true,"jetpack_social_post_already_shared":true,"jetpack_social_options":{"image_generator_settings":{"template":"highway","enabled":false}}},"categories":[2],"tags":[],"jetpack_publicize_connections":[],"jetpack_featured_media_url":"https:\/\/i0.wp.com\/agrund.com\/wp-content\/uploads\/sites\/6\/2019\/10\/s-81.jpg?fit=960%2C300&ssl=1","jetpack_sharing_enabled":true,"jetpack_shortlink":"https:\/\/wp.me\/p3Hz0n-QW0","jetpack_likes_enabled":true,"_links":{"self":[{"href":"https:\/\/agrund.com\/index.php\/wp-json\/wp\/v2\/posts\/203484"}],"collection":[{"href":"https:\/\/agrund.com\/index.php\/wp-json\/wp\/v2\/posts"}],"about":[{"href":"https:\/\/agrund.com\/index.php\/wp-json\/wp\/v2\/types\/post"}],"author":[{"embeddable":true,"href":"https:\/\/agrund.com\/index.php\/wp-json\/wp\/v2\/users\/8"}],"replies":[{"embeddable":true,"href":"https:\/\/agrund.com\/index.php\/wp-json\/wp\/v2\/comments?post=203484"}],"version-history":[{"count":1,"href":"https:\/\/agrund.com\/index.php\/wp-json\/wp\/v2\/posts\/203484\/revisions"}],"predecessor-version":[{"id":203488,"href":"https:\/\/agrund.com\/index.php\/wp-json\/wp\/v2\/posts\/203484\/revisions\/203488"}],"wp:featuredmedia":[{"embeddable":true,"href":"https:\/\/agrund.com\/index.php\/wp-json\/wp\/v2\/media\/203487"}],"wp:attachment":[{"href":"https:\/\/agrund.com\/index.php\/wp-json\/wp\/v2\/media?parent=203484"}],"wp:term":[{"taxonomy":"category","embeddable":true,"href":"https:\/\/agrund.com\/index.php\/wp-json\/wp\/v2\/categories?post=203484"},{"taxonomy":"post_tag","embeddable":true,"href":"https:\/\/agrund.com\/index.php\/wp-json\/wp\/v2\/tags?post=203484"}],"curies":[{"name":"wp","href":"https:\/\/api.w.org\/{rel}","templated":true}]}}