{"id":203422,"date":"2019-10-10T13:00:00","date_gmt":"2019-10-10T16:00:00","guid":{"rendered":"http:\/\/www.agrund.com\/?p=203422"},"modified":"2019-10-10T11:56:50","modified_gmt":"2019-10-10T14:56:50","slug":"kendall-jenner-e-liu-wen-estrelam-campanha-da-calvin-klein","status":"publish","type":"post","link":"https:\/\/agrund.com\/index.php\/kendall-jenner-e-liu-wen-estrelam-campanha-da-calvin-klein\/","title":{"rendered":"Kendall Jenner e Liu Wen estrelam campanha da Calvin Klein"},"content":{"rendered":"\n<p>Voc\u00eas se lembram do v\u00eddeo que a Calvin Klein divulgou na semana passada para celebrar seus 50 anos (<a href=\"https:\/\/www.agrund.com\/justin-e-hailey-bieber-estrelam-campanha-da-calvin-klein\/\">AQUI<\/a>)?\u00a0<\/p>\n\n\n\n<p>Agora, a marca compartilhou algumas fotos da #CK50 estreladas por Kendall Jenner, Kyla Coleman e Liu Wen. As tr\u00eas modelos vestem pe\u00e7as de underwear e moda casual de uma cole\u00e7\u00e3o exclusiva e limitada para celebrar a data. Voc\u00ea gosta da logomania? Ent\u00e3o vai adorar os lan\u00e7amentos!\u00a0<\/p>\n\n\n\n<p>A fotografia \u00e9 de Glen Luchford e voc\u00ea confere na galeria abaixo:\u00a0<\/p>\n\n\n\n<div class=\"wp-block-image\"><figure class=\"aligncenter\"><img data-attachment-id=\"203423\" data-permalink=\"https:\/\/agrund.com\/index.php\/kendall-jenner-e-liu-wen-estrelam-campanha-da-calvin-klein\/agrund-kendall-jenner-calvin-klein-ck50\/\" data-orig-file=\"https:\/\/i0.wp.com\/agrund.com\/wp-content\/uploads\/sites\/6\/2019\/10\/agrund-Kendall-Jenner-Calvin-Klein-CK50.jpg?fit=600%2C450&amp;ssl=1\" data-orig-size=\"600,450\" data-comments-opened=\"1\" data-image-meta=\"{&quot;aperture&quot;:&quot;0&quot;,&quot;credit&quot;:&quot;&quot;,&quot;camera&quot;:&quot;&quot;,&quot;caption&quot;:&quot;&quot;,&quot;created_timestamp&quot;:&quot;0&quot;,&quot;copyright&quot;:&quot;&quot;,&quot;focal_length&quot;:&quot;0&quot;,&quot;iso&quot;:&quot;0&quot;,&quot;shutter_speed&quot;:&quot;0&quot;,&quot;title&quot;:&quot;&quot;,&quot;orientation&quot;:&quot;1&quot;}\" data-image-title=\"agrund-Kendall-Jenner-Calvin-Klein-CK50\" data-image-description=\"\" data-image-caption=\"\" data-medium-file=\"https:\/\/i0.wp.com\/agrund.com\/wp-content\/uploads\/sites\/6\/2019\/10\/agrund-Kendall-Jenner-Calvin-Klein-CK50.jpg?fit=300%2C225&amp;ssl=1\" data-large-file=\"https:\/\/i0.wp.com\/agrund.com\/wp-content\/uploads\/sites\/6\/2019\/10\/agrund-Kendall-Jenner-Calvin-Klein-CK50.jpg?fit=600%2C450&amp;ssl=1\" decoding=\"async\" loading=\"lazy\" width=\"600\" height=\"450\" src=\"https:\/\/i0.wp.com\/www.agrund.com\/wp-content\/uploads\/sites\/6\/2019\/10\/agrund-Kendall-Jenner-Calvin-Klein-CK50.jpg?resize=600%2C450&#038;ssl=1\" alt=\"\" class=\"wp-image-203423\" srcset=\"https:\/\/i0.wp.com\/agrund.com\/wp-content\/uploads\/sites\/6\/2019\/10\/agrund-Kendall-Jenner-Calvin-Klein-CK50.jpg?w=600&amp;ssl=1 600w, https:\/\/i0.wp.com\/agrund.com\/wp-content\/uploads\/sites\/6\/2019\/10\/agrund-Kendall-Jenner-Calvin-Klein-CK50.jpg?resize=300%2C225&amp;ssl=1 300w\" sizes=\"(max-width: 600px) 100vw, 600px\" data-recalc-dims=\"1\" \/><figcaption>Kendall Jenner e Liu Wen estrelam campanha da Calvin Klein <\/figcaption><\/figure><\/div>\n\n\n\n<div class=\"wp-block-image\"><figure class=\"aligncenter\"><img data-attachment-id=\"203424\" data-permalink=\"https:\/\/agrund.com\/index.php\/kendall-jenner-e-liu-wen-estrelam-campanha-da-calvin-klein\/agrund-kendall-jenner-calvin-klein-ck50-2\/\" data-orig-file=\"https:\/\/i0.wp.com\/agrund.com\/wp-content\/uploads\/sites\/6\/2019\/10\/agrund-Kendall-Jenner-Calvin-Klein-CK50-2.jpg?fit=600%2C450&amp;ssl=1\" data-orig-size=\"600,450\" data-comments-opened=\"1\" data-image-meta=\"{&quot;aperture&quot;:&quot;0&quot;,&quot;credit&quot;:&quot;&quot;,&quot;camera&quot;:&quot;&quot;,&quot;caption&quot;:&quot;&quot;,&quot;created_timestamp&quot;:&quot;0&quot;,&quot;copyright&quot;:&quot;&quot;,&quot;focal_length&quot;:&quot;0&quot;,&quot;iso&quot;:&quot;0&quot;,&quot;shutter_speed&quot;:&quot;0&quot;,&quot;title&quot;:&quot;&quot;,&quot;orientation&quot;:&quot;1&quot;}\" data-image-title=\"agrund-Kendall-Jenner-Calvin-Klein-CK50-2\" data-image-description=\"\" data-image-caption=\"\" data-medium-file=\"https:\/\/i0.wp.com\/agrund.com\/wp-content\/uploads\/sites\/6\/2019\/10\/agrund-Kendall-Jenner-Calvin-Klein-CK50-2.jpg?fit=300%2C225&amp;ssl=1\" data-large-file=\"https:\/\/i0.wp.com\/agrund.com\/wp-content\/uploads\/sites\/6\/2019\/10\/agrund-Kendall-Jenner-Calvin-Klein-CK50-2.jpg?fit=600%2C450&amp;ssl=1\" decoding=\"async\" loading=\"lazy\" width=\"600\" height=\"450\" src=\"https:\/\/i0.wp.com\/www.agrund.com\/wp-content\/uploads\/sites\/6\/2019\/10\/agrund-Kendall-Jenner-Calvin-Klein-CK50-2.jpg?resize=600%2C450&#038;ssl=1\" alt=\"\" class=\"wp-image-203424\" srcset=\"https:\/\/i0.wp.com\/agrund.com\/wp-content\/uploads\/sites\/6\/2019\/10\/agrund-Kendall-Jenner-Calvin-Klein-CK50-2.jpg?w=600&amp;ssl=1 600w, https:\/\/i0.wp.com\/agrund.com\/wp-content\/uploads\/sites\/6\/2019\/10\/agrund-Kendall-Jenner-Calvin-Klein-CK50-2.jpg?resize=300%2C225&amp;ssl=1 300w\" sizes=\"(max-width: 600px) 100vw, 600px\" data-recalc-dims=\"1\" \/><figcaption>Kendall Jenner e Liu Wen estrelam campanha da Calvin Klein <\/figcaption><\/figure><\/div>\n\n\n\n<div class=\"wp-block-image\"><figure class=\"aligncenter\"><img data-attachment-id=\"203425\" data-permalink=\"https:\/\/agrund.com\/index.php\/kendall-jenner-e-liu-wen-estrelam-campanha-da-calvin-klein\/agrund-kendall-jenner-calvin-klein-ck50-6\/\" data-orig-file=\"https:\/\/i0.wp.com\/agrund.com\/wp-content\/uploads\/sites\/6\/2019\/10\/agrund-Kendall-Jenner-Calvin-Klein-CK50-6.jpg?fit=600%2C450&amp;ssl=1\" data-orig-size=\"600,450\" data-comments-opened=\"1\" data-image-meta=\"{&quot;aperture&quot;:&quot;0&quot;,&quot;credit&quot;:&quot;&quot;,&quot;camera&quot;:&quot;&quot;,&quot;caption&quot;:&quot;&quot;,&quot;created_timestamp&quot;:&quot;0&quot;,&quot;copyright&quot;:&quot;&quot;,&quot;focal_length&quot;:&quot;0&quot;,&quot;iso&quot;:&quot;0&quot;,&quot;shutter_speed&quot;:&quot;0&quot;,&quot;title&quot;:&quot;&quot;,&quot;orientation&quot;:&quot;1&quot;}\" data-image-title=\"agrund-Kendall-Jenner-Calvin-Klein-CK50-6\" data-image-description=\"\" data-image-caption=\"\" data-medium-file=\"https:\/\/i0.wp.com\/agrund.com\/wp-content\/uploads\/sites\/6\/2019\/10\/agrund-Kendall-Jenner-Calvin-Klein-CK50-6.jpg?fit=300%2C225&amp;ssl=1\" data-large-file=\"https:\/\/i0.wp.com\/agrund.com\/wp-content\/uploads\/sites\/6\/2019\/10\/agrund-Kendall-Jenner-Calvin-Klein-CK50-6.jpg?fit=600%2C450&amp;ssl=1\" decoding=\"async\" loading=\"lazy\" width=\"600\" height=\"450\" src=\"https:\/\/i0.wp.com\/www.agrund.com\/wp-content\/uploads\/sites\/6\/2019\/10\/agrund-Kendall-Jenner-Calvin-Klein-CK50-6.jpg?resize=600%2C450&#038;ssl=1\" alt=\"\" class=\"wp-image-203425\" srcset=\"https:\/\/i0.wp.com\/agrund.com\/wp-content\/uploads\/sites\/6\/2019\/10\/agrund-Kendall-Jenner-Calvin-Klein-CK50-6.jpg?w=600&amp;ssl=1 600w, https:\/\/i0.wp.com\/agrund.com\/wp-content\/uploads\/sites\/6\/2019\/10\/agrund-Kendall-Jenner-Calvin-Klein-CK50-6.jpg?resize=300%2C225&amp;ssl=1 300w\" sizes=\"(max-width: 600px) 100vw, 600px\" data-recalc-dims=\"1\" \/><figcaption>Kendall Jenner e Liu Wen estrelam campanha da Calvin Klein <\/figcaption><\/figure><\/div>\n\n\n\n<div class=\"wp-block-image\"><figure class=\"aligncenter\"><img data-attachment-id=\"203426\" data-permalink=\"https:\/\/agrund.com\/index.php\/kendall-jenner-e-liu-wen-estrelam-campanha-da-calvin-klein\/agrund-kendall-jenner-calvin-klein-ck50-3\/\" data-orig-file=\"https:\/\/i0.wp.com\/agrund.com\/wp-content\/uploads\/sites\/6\/2019\/10\/agrund-Kendall-Jenner-Calvin-Klein-CK50-3.jpg?fit=600%2C750&amp;ssl=1\" data-orig-size=\"600,750\" data-comments-opened=\"1\" data-image-meta=\"{&quot;aperture&quot;:&quot;0&quot;,&quot;credit&quot;:&quot;&quot;,&quot;camera&quot;:&quot;&quot;,&quot;caption&quot;:&quot;&quot;,&quot;created_timestamp&quot;:&quot;0&quot;,&quot;copyright&quot;:&quot;&quot;,&quot;focal_length&quot;:&quot;0&quot;,&quot;iso&quot;:&quot;0&quot;,&quot;shutter_speed&quot;:&quot;0&quot;,&quot;title&quot;:&quot;&quot;,&quot;orientation&quot;:&quot;1&quot;}\" data-image-title=\"agrund-Kendall-Jenner-Calvin-Klein-CK50-3\" data-image-description=\"\" data-image-caption=\"\" data-medium-file=\"https:\/\/i0.wp.com\/agrund.com\/wp-content\/uploads\/sites\/6\/2019\/10\/agrund-Kendall-Jenner-Calvin-Klein-CK50-3.jpg?fit=240%2C300&amp;ssl=1\" data-large-file=\"https:\/\/i0.wp.com\/agrund.com\/wp-content\/uploads\/sites\/6\/2019\/10\/agrund-Kendall-Jenner-Calvin-Klein-CK50-3.jpg?fit=600%2C750&amp;ssl=1\" decoding=\"async\" loading=\"lazy\" width=\"600\" height=\"750\" src=\"https:\/\/i0.wp.com\/www.agrund.com\/wp-content\/uploads\/sites\/6\/2019\/10\/agrund-Kendall-Jenner-Calvin-Klein-CK50-3.jpg?resize=600%2C750&#038;ssl=1\" alt=\"\" class=\"wp-image-203426\" srcset=\"https:\/\/i0.wp.com\/agrund.com\/wp-content\/uploads\/sites\/6\/2019\/10\/agrund-Kendall-Jenner-Calvin-Klein-CK50-3.jpg?w=600&amp;ssl=1 600w, https:\/\/i0.wp.com\/agrund.com\/wp-content\/uploads\/sites\/6\/2019\/10\/agrund-Kendall-Jenner-Calvin-Klein-CK50-3.jpg?resize=240%2C300&amp;ssl=1 240w\" sizes=\"(max-width: 600px) 100vw, 600px\" data-recalc-dims=\"1\" \/><figcaption>Kendall Jenner e Liu Wen estrelam campanha da Calvin Klein <\/figcaption><\/figure><\/div>\n\n\n\n<div class=\"wp-block-image\"><figure class=\"aligncenter\"><img data-attachment-id=\"203427\" data-permalink=\"https:\/\/agrund.com\/index.php\/kendall-jenner-e-liu-wen-estrelam-campanha-da-calvin-klein\/agrund-kendall-jenner-calvin-klein-ck50-4\/\" data-orig-file=\"https:\/\/i0.wp.com\/agrund.com\/wp-content\/uploads\/sites\/6\/2019\/10\/agrund-Kendall-Jenner-Calvin-Klein-CK50-4.jpg?fit=600%2C452&amp;ssl=1\" data-orig-size=\"600,452\" data-comments-opened=\"1\" data-image-meta=\"{&quot;aperture&quot;:&quot;0&quot;,&quot;credit&quot;:&quot;&quot;,&quot;camera&quot;:&quot;&quot;,&quot;caption&quot;:&quot;&quot;,&quot;created_timestamp&quot;:&quot;0&quot;,&quot;copyright&quot;:&quot;&quot;,&quot;focal_length&quot;:&quot;0&quot;,&quot;iso&quot;:&quot;0&quot;,&quot;shutter_speed&quot;:&quot;0&quot;,&quot;title&quot;:&quot;&quot;,&quot;orientation&quot;:&quot;1&quot;}\" data-image-title=\"agrund-Kendall-Jenner-Calvin-Klein-CK50-4\" data-image-description=\"\" data-image-caption=\"\" data-medium-file=\"https:\/\/i0.wp.com\/agrund.com\/wp-content\/uploads\/sites\/6\/2019\/10\/agrund-Kendall-Jenner-Calvin-Klein-CK50-4.jpg?fit=300%2C226&amp;ssl=1\" data-large-file=\"https:\/\/i0.wp.com\/agrund.com\/wp-content\/uploads\/sites\/6\/2019\/10\/agrund-Kendall-Jenner-Calvin-Klein-CK50-4.jpg?fit=600%2C452&amp;ssl=1\" decoding=\"async\" loading=\"lazy\" width=\"600\" height=\"452\" src=\"https:\/\/i0.wp.com\/www.agrund.com\/wp-content\/uploads\/sites\/6\/2019\/10\/agrund-Kendall-Jenner-Calvin-Klein-CK50-4.jpg?resize=600%2C452&#038;ssl=1\" alt=\"\" class=\"wp-image-203427\" srcset=\"https:\/\/i0.wp.com\/agrund.com\/wp-content\/uploads\/sites\/6\/2019\/10\/agrund-Kendall-Jenner-Calvin-Klein-CK50-4.jpg?w=600&amp;ssl=1 600w, https:\/\/i0.wp.com\/agrund.com\/wp-content\/uploads\/sites\/6\/2019\/10\/agrund-Kendall-Jenner-Calvin-Klein-CK50-4.jpg?resize=300%2C226&amp;ssl=1 300w\" sizes=\"(max-width: 600px) 100vw, 600px\" data-recalc-dims=\"1\" \/><figcaption>Kendall Jenner e Liu Wen estrelam campanha da Calvin Klein <\/figcaption><\/figure><\/div>\n\n\n\n<div class=\"wp-block-image\"><figure class=\"aligncenter\"><img data-attachment-id=\"203428\" data-permalink=\"https:\/\/agrund.com\/index.php\/kendall-jenner-e-liu-wen-estrelam-campanha-da-calvin-klein\/agrund-kendall-jenner-calvin-klein-ck50-5\/\" data-orig-file=\"https:\/\/i0.wp.com\/agrund.com\/wp-content\/uploads\/sites\/6\/2019\/10\/agrund-Kendall-Jenner-Calvin-Klein-CK50-5.jpg?fit=600%2C750&amp;ssl=1\" data-orig-size=\"600,750\" data-comments-opened=\"1\" data-image-meta=\"{&quot;aperture&quot;:&quot;0&quot;,&quot;credit&quot;:&quot;&quot;,&quot;camera&quot;:&quot;&quot;,&quot;caption&quot;:&quot;&quot;,&quot;created_timestamp&quot;:&quot;0&quot;,&quot;copyright&quot;:&quot;&quot;,&quot;focal_length&quot;:&quot;0&quot;,&quot;iso&quot;:&quot;0&quot;,&quot;shutter_speed&quot;:&quot;0&quot;,&quot;title&quot;:&quot;&quot;,&quot;orientation&quot;:&quot;1&quot;}\" data-image-title=\"agrund-Kendall-Jenner-Calvin-Klein-CK50-5\" data-image-description=\"\" data-image-caption=\"\" data-medium-file=\"https:\/\/i0.wp.com\/agrund.com\/wp-content\/uploads\/sites\/6\/2019\/10\/agrund-Kendall-Jenner-Calvin-Klein-CK50-5.jpg?fit=240%2C300&amp;ssl=1\" data-large-file=\"https:\/\/i0.wp.com\/agrund.com\/wp-content\/uploads\/sites\/6\/2019\/10\/agrund-Kendall-Jenner-Calvin-Klein-CK50-5.jpg?fit=600%2C750&amp;ssl=1\" decoding=\"async\" loading=\"lazy\" width=\"600\" height=\"750\" src=\"https:\/\/i0.wp.com\/www.agrund.com\/wp-content\/uploads\/sites\/6\/2019\/10\/agrund-Kendall-Jenner-Calvin-Klein-CK50-5.jpg?resize=600%2C750&#038;ssl=1\" alt=\"\" class=\"wp-image-203428\" srcset=\"https:\/\/i0.wp.com\/agrund.com\/wp-content\/uploads\/sites\/6\/2019\/10\/agrund-Kendall-Jenner-Calvin-Klein-CK50-5.jpg?w=600&amp;ssl=1 600w, https:\/\/i0.wp.com\/agrund.com\/wp-content\/uploads\/sites\/6\/2019\/10\/agrund-Kendall-Jenner-Calvin-Klein-CK50-5.jpg?resize=240%2C300&amp;ssl=1 240w\" sizes=\"(max-width: 600px) 100vw, 600px\" data-recalc-dims=\"1\" \/><figcaption>Kendall Jenner e Liu Wen estrelam campanha da Calvin Klein <\/figcaption><\/figure><\/div>\n\n\n\n<p>Fotos: Reprodu\u00e7\u00e3o\/ Calvin Klein. <\/p>\n","protected":false},"excerpt":{"rendered":"<p>Voc\u00eas se lembram do v\u00eddeo que a Calvin Klein divulgou na semana passada para celebrar seus 50 anos (AQUI)?\u00a0 Agora, a marca compartilhou algumas fotos da #CK50 estreladas por Kendall Jenner, Kyla Coleman e Liu Wen. As tr\u00eas modelos vestem pe\u00e7as de underwear e moda casual de uma cole\u00e7\u00e3o exclusiva e limitada para celebrar a [&hellip;]<\/p>\n","protected":false},"author":8,"featured_media":203429,"comment_status":"open","ping_status":"open","sticky":false,"template":"","format":"standard","meta":{"jetpack_post_was_ever_published":false,"_jetpack_newsletter_access":"","jetpack_publicize_message":"","jetpack_is_tweetstorm":false,"jetpack_publicize_feature_enabled":true,"jetpack_social_post_already_shared":true,"jetpack_social_options":{"image_generator_settings":{"template":"highway","enabled":false}}},"categories":[2],"tags":[],"jetpack_publicize_connections":[],"jetpack_featured_media_url":"https:\/\/i0.wp.com\/agrund.com\/wp-content\/uploads\/sites\/6\/2019\/10\/s-75.jpg?fit=960%2C300&ssl=1","jetpack_sharing_enabled":true,"jetpack_shortlink":"https:\/\/wp.me\/p3Hz0n-QV0","jetpack_likes_enabled":true,"_links":{"self":[{"href":"https:\/\/agrund.com\/index.php\/wp-json\/wp\/v2\/posts\/203422"}],"collection":[{"href":"https:\/\/agrund.com\/index.php\/wp-json\/wp\/v2\/posts"}],"about":[{"href":"https:\/\/agrund.com\/index.php\/wp-json\/wp\/v2\/types\/post"}],"author":[{"embeddable":true,"href":"https:\/\/agrund.com\/index.php\/wp-json\/wp\/v2\/users\/8"}],"replies":[{"embeddable":true,"href":"https:\/\/agrund.com\/index.php\/wp-json\/wp\/v2\/comments?post=203422"}],"version-history":[{"count":1,"href":"https:\/\/agrund.com\/index.php\/wp-json\/wp\/v2\/posts\/203422\/revisions"}],"predecessor-version":[{"id":203430,"href":"https:\/\/agrund.com\/index.php\/wp-json\/wp\/v2\/posts\/203422\/revisions\/203430"}],"wp:featuredmedia":[{"embeddable":true,"href":"https:\/\/agrund.com\/index.php\/wp-json\/wp\/v2\/media\/203429"}],"wp:attachment":[{"href":"https:\/\/agrund.com\/index.php\/wp-json\/wp\/v2\/media?parent=203422"}],"wp:term":[{"taxonomy":"category","embeddable":true,"href":"https:\/\/agrund.com\/index.php\/wp-json\/wp\/v2\/categories?post=203422"},{"taxonomy":"post_tag","embeddable":true,"href":"https:\/\/agrund.com\/index.php\/wp-json\/wp\/v2\/tags?post=203422"}],"curies":[{"name":"wp","href":"https:\/\/api.w.org\/{rel}","templated":true}]}}