{"id":20282,"date":"2011-12-09T12:23:24","date_gmt":"2011-12-09T14:23:24","guid":{"rendered":"http:\/\/www.agrund.com\/blogs\/notas\/?p=20282"},"modified":"2011-12-09T12:23:24","modified_gmt":"2011-12-09T14:23:24","slug":"outlet-giuliana-romanno","status":"publish","type":"post","link":"https:\/\/agrund.com\/index.php\/outlet-giuliana-romanno\/","title":{"rendered":"Outlet Giuliana Romanno"},"content":{"rendered":"<p>Novo espa\u00e7o \u00a0da estilista Guiliana Romano tem pe\u00e7as de cole\u00e7\u00f5es anteriores com descontos entre 70 e 90% em pe\u00e7as de cole\u00e7\u00f5es anteriores.<\/p>\n<p>A estilista aproveitou a proximidade com o Natal para lan\u00e7ar seu mais novo ponto: um Outlet. O ponto, no Itaim, ser\u00e1 fixo e ganhar\u00e1 sempre novas pe\u00e7as. &#8220;O mix \u00e9 sempre novo porque, a cada cole\u00e7\u00e3o que sai da loja, enviamos novas pe\u00e7as \u00e0 outlet. Ent\u00e3o temos de tudo um pouco: de shorts de alfaiataria que s\u00e3o sempre coringas a biqu\u00ednis e cocktail dresses.&#8221; Afirma.<\/p>\n<p>Outlet Giuliana Romanno<\/p>\n<p>R. Maria Rosa, 71 &#8211; Itaim<\/p>\n<p>(11) 3071-2455<\/p>\n<p style=\"text-align: center\"><img decoding=\"async\" loading=\"lazy\" class=\"aligncenter size-full wp-image-20283\" src=\"\/wp-content\/uploads\/2011\/12\/14.jpg\" alt=\"\" width=\"325\" height=\"270\" \/><\/p>\n<p style=\"text-align: center\"><img decoding=\"async\" loading=\"lazy\" class=\"aligncenter size-full wp-image-20284\" src=\"\/wp-content\/uploads\/2011\/12\/2.jpg\" alt=\"\" width=\"272\" height=\"408\" \/><\/p>\n<p style=\"text-align: center\">\u00a0<img decoding=\"async\" loading=\"lazy\" class=\"aligncenter size-full wp-image-20286\" src=\"\/wp-content\/uploads\/2011\/12\/a.jpg\" alt=\"\" width=\"248\" height=\"496\" \/><\/p>\n<p style=\"text-align: center\"><img decoding=\"async\" loading=\"lazy\" class=\"aligncenter size-full wp-image-20287\" src=\"\/wp-content\/uploads\/2011\/12\/b.jpg\" alt=\"\" width=\"283\" height=\"425\" \/><\/p>\n","protected":false},"excerpt":{"rendered":"<p>Novo espa\u00e7o \u00a0da estilista Guiliana Romano tem pe\u00e7as de cole\u00e7\u00f5es anteriores com descontos entre 70 e 90% em pe\u00e7as de cole\u00e7\u00f5es anteriores. A estilista aproveitou a proximidade com o Natal para lan\u00e7ar seu mais novo ponto: um Outlet. O ponto, no Itaim, ser\u00e1 fixo e ganhar\u00e1 sempre novas pe\u00e7as. &#8220;O mix \u00e9 sempre novo porque, [&hellip;]<\/p>\n","protected":false},"author":8,"featured_media":20283,"comment_status":"open","ping_status":"open","sticky":false,"template":"","format":"standard","meta":{"jetpack_post_was_ever_published":false,"_jetpack_newsletter_access":"","jetpack_publicize_message":"","jetpack_is_tweetstorm":false,"jetpack_publicize_feature_enabled":true,"jetpack_social_post_already_shared":false,"jetpack_social_options":{"image_generator_settings":{"template":"highway","enabled":false}}},"categories":[2],"tags":[],"jetpack_publicize_connections":[],"jetpack_featured_media_url":"","jetpack_sharing_enabled":true,"jetpack_shortlink":"https:\/\/wp.me\/p3Hz0n-5h8","jetpack_likes_enabled":true,"_links":{"self":[{"href":"https:\/\/agrund.com\/index.php\/wp-json\/wp\/v2\/posts\/20282"}],"collection":[{"href":"https:\/\/agrund.com\/index.php\/wp-json\/wp\/v2\/posts"}],"about":[{"href":"https:\/\/agrund.com\/index.php\/wp-json\/wp\/v2\/types\/post"}],"author":[{"embeddable":true,"href":"https:\/\/agrund.com\/index.php\/wp-json\/wp\/v2\/users\/8"}],"replies":[{"embeddable":true,"href":"https:\/\/agrund.com\/index.php\/wp-json\/wp\/v2\/comments?post=20282"}],"version-history":[{"count":0,"href":"https:\/\/agrund.com\/index.php\/wp-json\/wp\/v2\/posts\/20282\/revisions"}],"wp:featuredmedia":[{"embeddable":true,"href":"https:\/\/agrund.com\/index.php\/wp-json\/"}],"wp:attachment":[{"href":"https:\/\/agrund.com\/index.php\/wp-json\/wp\/v2\/media?parent=20282"}],"wp:term":[{"taxonomy":"category","embeddable":true,"href":"https:\/\/agrund.com\/index.php\/wp-json\/wp\/v2\/categories?post=20282"},{"taxonomy":"post_tag","embeddable":true,"href":"https:\/\/agrund.com\/index.php\/wp-json\/wp\/v2\/tags?post=20282"}],"curies":[{"name":"wp","href":"https:\/\/api.w.org\/{rel}","templated":true}]}}