{"id":202619,"date":"2019-09-25T10:00:41","date_gmt":"2019-09-25T13:00:41","guid":{"rendered":"http:\/\/www.agrund.com\/?p=202619"},"modified":"2019-09-25T08:41:06","modified_gmt":"2019-09-25T11:41:06","slug":"look-do-dia-tons-sobrios","status":"publish","type":"post","link":"https:\/\/agrund.com\/index.php\/look-do-dia-tons-sobrios\/","title":{"rendered":"Look do Dia :: Tons s\u00f3brios"},"content":{"rendered":"\n<p>Ontem (24) foi dia de usar Zegna dos p\u00e9s \u00e0 cabe\u00e7a para o &#8216;Esquadr\u00e3o da Moda&#8217;. O look s\u00f3brio em cinza e preto ganhou um ponto de cor nos p\u00e9s. Styling de Fabio Paiva e Murilo Mahler. <\/p>\n\n\n\n<div class=\"wp-block-image\"><figure class=\"aligncenter\"><img data-attachment-id=\"202621\" data-permalink=\"https:\/\/agrund.com\/index.php\/look-do-dia-tons-sobrios\/agrund-look-arlindo-grund-10\/\" data-orig-file=\"https:\/\/i0.wp.com\/agrund.com\/wp-content\/uploads\/sites\/6\/2019\/09\/agrund-look-arlindo-grund-10.jpg?fit=550%2C638&amp;ssl=1\" data-orig-size=\"550,638\" data-comments-opened=\"1\" data-image-meta=\"{&quot;aperture&quot;:&quot;0&quot;,&quot;credit&quot;:&quot;&quot;,&quot;camera&quot;:&quot;&quot;,&quot;caption&quot;:&quot;&quot;,&quot;created_timestamp&quot;:&quot;0&quot;,&quot;copyright&quot;:&quot;&quot;,&quot;focal_length&quot;:&quot;0&quot;,&quot;iso&quot;:&quot;0&quot;,&quot;shutter_speed&quot;:&quot;0&quot;,&quot;title&quot;:&quot;&quot;,&quot;orientation&quot;:&quot;1&quot;}\" data-image-title=\"agrund-look-arlindo-grund-10\" data-image-description=\"\" data-image-caption=\"\" data-medium-file=\"https:\/\/i0.wp.com\/agrund.com\/wp-content\/uploads\/sites\/6\/2019\/09\/agrund-look-arlindo-grund-10.jpg?fit=259%2C300&amp;ssl=1\" data-large-file=\"https:\/\/i0.wp.com\/agrund.com\/wp-content\/uploads\/sites\/6\/2019\/09\/agrund-look-arlindo-grund-10.jpg?fit=550%2C638&amp;ssl=1\" decoding=\"async\" loading=\"lazy\" width=\"550\" height=\"638\" src=\"https:\/\/i0.wp.com\/www.agrund.com\/wp-content\/uploads\/sites\/6\/2019\/09\/agrund-look-arlindo-grund-10.jpg?resize=550%2C638&#038;ssl=1\" alt=\"\" class=\"wp-image-202621\" srcset=\"https:\/\/i0.wp.com\/agrund.com\/wp-content\/uploads\/sites\/6\/2019\/09\/agrund-look-arlindo-grund-10.jpg?w=550&amp;ssl=1 550w, https:\/\/i0.wp.com\/agrund.com\/wp-content\/uploads\/sites\/6\/2019\/09\/agrund-look-arlindo-grund-10.jpg?resize=259%2C300&amp;ssl=1 259w\" sizes=\"(max-width: 550px) 100vw, 550px\" data-recalc-dims=\"1\" \/><figcaption>Look do Dia :: Tons s\u00f3brios<\/figcaption><\/figure><\/div>\n\n\n\n<p>Foto: Agrund.com<\/p>\n","protected":false},"excerpt":{"rendered":"<p>Ontem (24) foi dia de usar Zegna dos p\u00e9s \u00e0 cabe\u00e7a para o &#8216;Esquadr\u00e3o da Moda&#8217;. O look s\u00f3brio em cinza e preto ganhou um ponto de cor nos p\u00e9s. Styling de Fabio Paiva e Murilo Mahler. Foto: Agrund.com<\/p>\n","protected":false},"author":8,"featured_media":202620,"comment_status":"open","ping_status":"open","sticky":false,"template":"","format":"standard","meta":{"jetpack_post_was_ever_published":false,"_jetpack_newsletter_access":"","jetpack_publicize_message":"","jetpack_is_tweetstorm":false,"jetpack_publicize_feature_enabled":true,"jetpack_social_post_already_shared":true,"jetpack_social_options":{"image_generator_settings":{"template":"highway","enabled":false}}},"categories":[346,7,2],"tags":[395,375,423,347,379,380,382,67,148,424,890],"jetpack_publicize_connections":[],"jetpack_featured_media_url":"https:\/\/i0.wp.com\/agrund.com\/wp-content\/uploads\/sites\/6\/2019\/09\/ss-2.jpg?fit=960%2C300&ssl=1","jetpack_sharing_enabled":true,"jetpack_shortlink":"https:\/\/wp.me\/p3Hz0n-QI3","jetpack_likes_enabled":true,"_links":{"self":[{"href":"https:\/\/agrund.com\/index.php\/wp-json\/wp\/v2\/posts\/202619"}],"collection":[{"href":"https:\/\/agrund.com\/index.php\/wp-json\/wp\/v2\/posts"}],"about":[{"href":"https:\/\/agrund.com\/index.php\/wp-json\/wp\/v2\/types\/post"}],"author":[{"embeddable":true,"href":"https:\/\/agrund.com\/index.php\/wp-json\/wp\/v2\/users\/8"}],"replies":[{"embeddable":true,"href":"https:\/\/agrund.com\/index.php\/wp-json\/wp\/v2\/comments?post=202619"}],"version-history":[{"count":1,"href":"https:\/\/agrund.com\/index.php\/wp-json\/wp\/v2\/posts\/202619\/revisions"}],"predecessor-version":[{"id":202622,"href":"https:\/\/agrund.com\/index.php\/wp-json\/wp\/v2\/posts\/202619\/revisions\/202622"}],"wp:featuredmedia":[{"embeddable":true,"href":"https:\/\/agrund.com\/index.php\/wp-json\/wp\/v2\/media\/202620"}],"wp:attachment":[{"href":"https:\/\/agrund.com\/index.php\/wp-json\/wp\/v2\/media?parent=202619"}],"wp:term":[{"taxonomy":"category","embeddable":true,"href":"https:\/\/agrund.com\/index.php\/wp-json\/wp\/v2\/categories?post=202619"},{"taxonomy":"post_tag","embeddable":true,"href":"https:\/\/agrund.com\/index.php\/wp-json\/wp\/v2\/tags?post=202619"}],"curies":[{"name":"wp","href":"https:\/\/api.w.org\/{rel}","templated":true}]}}