{"id":202597,"date":"2019-09-24T15:00:37","date_gmt":"2019-09-24T18:00:37","guid":{"rendered":"http:\/\/www.agrund.com\/?p=202597"},"modified":"2019-09-24T13:41:51","modified_gmt":"2019-09-24T16:41:51","slug":"look-do-dia-monocromatico-4","status":"publish","type":"post","link":"https:\/\/agrund.com\/index.php\/look-do-dia-monocromatico-4\/","title":{"rendered":"Look do Dia :: Monocrom\u00e1tico"},"content":{"rendered":"\n<p>As texturas diferenciadas podem dar um efeito de tridimensionalidade ao visual. Al\u00e9m disso o look monocrom\u00e1tico pode alongar a sua silhueta. Styling de Fabio Paiva e Murilo Mahler para o &#8216;Esquadr\u00e3o da Moda&#8217;.<\/p>\n\n\n\n<p>Camisa Boss<\/p>\n\n\n\n<p>Cinto Gucci<\/p>\n\n\n\n<p>Cal\u00e7a Cyano<\/p>\n\n\n\n<p>Botas Dr. Martens<\/p>\n\n\n\n<div class=\"wp-block-image\"><figure class=\"aligncenter\"><img data-attachment-id=\"202598\" data-permalink=\"https:\/\/agrund.com\/index.php\/look-do-dia-monocromatico-4\/agrund-look-arlindo-grund-9\/\" data-orig-file=\"https:\/\/i0.wp.com\/agrund.com\/wp-content\/uploads\/sites\/6\/2019\/09\/agrund-look-arlindo-grund-9.jpg?fit=500%2C624&amp;ssl=1\" data-orig-size=\"500,624\" data-comments-opened=\"1\" data-image-meta=\"{&quot;aperture&quot;:&quot;0&quot;,&quot;credit&quot;:&quot;&quot;,&quot;camera&quot;:&quot;&quot;,&quot;caption&quot;:&quot;&quot;,&quot;created_timestamp&quot;:&quot;0&quot;,&quot;copyright&quot;:&quot;&quot;,&quot;focal_length&quot;:&quot;0&quot;,&quot;iso&quot;:&quot;0&quot;,&quot;shutter_speed&quot;:&quot;0&quot;,&quot;title&quot;:&quot;&quot;,&quot;orientation&quot;:&quot;1&quot;}\" data-image-title=\"agrund-look-arlindo-grund-9\" data-image-description=\"\" data-image-caption=\"\" data-medium-file=\"https:\/\/i0.wp.com\/agrund.com\/wp-content\/uploads\/sites\/6\/2019\/09\/agrund-look-arlindo-grund-9.jpg?fit=240%2C300&amp;ssl=1\" data-large-file=\"https:\/\/i0.wp.com\/agrund.com\/wp-content\/uploads\/sites\/6\/2019\/09\/agrund-look-arlindo-grund-9.jpg?fit=500%2C624&amp;ssl=1\" decoding=\"async\" loading=\"lazy\" width=\"500\" height=\"624\" src=\"https:\/\/i0.wp.com\/www.agrund.com\/wp-content\/uploads\/sites\/6\/2019\/09\/agrund-look-arlindo-grund-9.jpg?resize=500%2C624&#038;ssl=1\" alt=\"\" class=\"wp-image-202598\" srcset=\"https:\/\/i0.wp.com\/agrund.com\/wp-content\/uploads\/sites\/6\/2019\/09\/agrund-look-arlindo-grund-9.jpg?w=500&amp;ssl=1 500w, https:\/\/i0.wp.com\/agrund.com\/wp-content\/uploads\/sites\/6\/2019\/09\/agrund-look-arlindo-grund-9.jpg?resize=240%2C300&amp;ssl=1 240w\" sizes=\"(max-width: 500px) 100vw, 500px\" data-recalc-dims=\"1\" \/><figcaption>Look do Dia :: Monocrom\u00e1tico<\/figcaption><\/figure><\/div>\n\n\n\n<p>Foto: Agrund.com <\/p>\n","protected":false},"excerpt":{"rendered":"<p>As texturas diferenciadas podem dar um efeito de tridimensionalidade ao visual. Al\u00e9m disso o look monocrom\u00e1tico pode alongar a sua silhueta. Styling de Fabio Paiva e Murilo Mahler para o &#8216;Esquadr\u00e3o da Moda&#8217;. Camisa Boss Cinto Gucci Cal\u00e7a Cyano Botas Dr. Martens Foto: Agrund.com<\/p>\n","protected":false},"author":8,"featured_media":202599,"comment_status":"open","ping_status":"open","sticky":false,"template":"","format":"standard","meta":{"jetpack_post_was_ever_published":false,"_jetpack_newsletter_access":"","jetpack_publicize_message":"","jetpack_is_tweetstorm":false,"jetpack_publicize_feature_enabled":true,"jetpack_social_post_already_shared":true,"jetpack_social_options":{"image_generator_settings":{"template":"highway","enabled":false}}},"categories":[346,7,2],"tags":[395,375,423,347,72,379,378,380,382,67,424],"jetpack_publicize_connections":[],"jetpack_featured_media_url":"https:\/\/i0.wp.com\/agrund.com\/wp-content\/uploads\/sites\/6\/2019\/09\/s-132.jpg?fit=960%2C300&ssl=1","jetpack_sharing_enabled":true,"jetpack_shortlink":"https:\/\/wp.me\/p3Hz0n-QHH","jetpack_likes_enabled":true,"_links":{"self":[{"href":"https:\/\/agrund.com\/index.php\/wp-json\/wp\/v2\/posts\/202597"}],"collection":[{"href":"https:\/\/agrund.com\/index.php\/wp-json\/wp\/v2\/posts"}],"about":[{"href":"https:\/\/agrund.com\/index.php\/wp-json\/wp\/v2\/types\/post"}],"author":[{"embeddable":true,"href":"https:\/\/agrund.com\/index.php\/wp-json\/wp\/v2\/users\/8"}],"replies":[{"embeddable":true,"href":"https:\/\/agrund.com\/index.php\/wp-json\/wp\/v2\/comments?post=202597"}],"version-history":[{"count":1,"href":"https:\/\/agrund.com\/index.php\/wp-json\/wp\/v2\/posts\/202597\/revisions"}],"predecessor-version":[{"id":202600,"href":"https:\/\/agrund.com\/index.php\/wp-json\/wp\/v2\/posts\/202597\/revisions\/202600"}],"wp:featuredmedia":[{"embeddable":true,"href":"https:\/\/agrund.com\/index.php\/wp-json\/wp\/v2\/media\/202599"}],"wp:attachment":[{"href":"https:\/\/agrund.com\/index.php\/wp-json\/wp\/v2\/media?parent=202597"}],"wp:term":[{"taxonomy":"category","embeddable":true,"href":"https:\/\/agrund.com\/index.php\/wp-json\/wp\/v2\/categories?post=202597"},{"taxonomy":"post_tag","embeddable":true,"href":"https:\/\/agrund.com\/index.php\/wp-json\/wp\/v2\/tags?post=202597"}],"curies":[{"name":"wp","href":"https:\/\/api.w.org\/{rel}","templated":true}]}}