{"id":202582,"date":"2019-09-24T11:00:44","date_gmt":"2019-09-24T14:00:44","guid":{"rendered":"http:\/\/www.agrund.com\/?p=202582"},"modified":"2019-09-24T09:09:00","modified_gmt":"2019-09-24T12:09:00","slug":"kylie-jenner-e-olivier-rousteing-lancam-colecao-de-maquiagem","status":"publish","type":"post","link":"https:\/\/agrund.com\/index.php\/kylie-jenner-e-olivier-rousteing-lancam-colecao-de-maquiagem\/","title":{"rendered":"Kylie Jenner e Olivier Rousteing lan\u00e7am cole\u00e7\u00e3o de maquiagem"},"content":{"rendered":"\n<p>Kylie Jenner acaba de anunciar uma parceria que promete movimentar o mundo da beleza. A empres\u00e1ria convocou Olivier Rousteing, diretor-criativo da Balmain, para desenvolver uma cole\u00e7\u00e3o de maquiagem para a Kylie Cosmetics. Gostou? Tem mais!\u00a0<\/p>\n\n\n\n<p>Todos os produtos ser\u00e3o utilizados para criar a beleza do desfile da Balmain, que acontece na pr\u00f3xima sexta-feira (27) durante a semana de moda de Paris, e Kylie estar\u00e1 no backstage para supervisionar e assinar a make.\u00a0<\/p>\n\n\n\n<p>A cole\u00e7\u00e3o ser\u00e1 lan\u00e7ada logo ap\u00f3s a apresenta\u00e7\u00e3o da grife e conta com lip kits, paleta de sombras e gloss inspirados na cole\u00e7\u00e3o de alta-costura ver\u00e3o 2020 da Balmain.\u00a0<\/p>\n\n\n\n<p>Confira as primeiras imagens divulgadas:<\/p>\n\n\n\n<div class=\"wp-block-image\"><figure class=\"aligncenter\"><img data-attachment-id=\"202583\" data-permalink=\"https:\/\/agrund.com\/index.php\/kylie-jenner-e-olivier-rousteing-lancam-colecao-de-maquiagem\/agrund-kylie-balmain-collab-2\/\" data-orig-file=\"https:\/\/i0.wp.com\/agrund.com\/wp-content\/uploads\/sites\/6\/2019\/09\/agrund-kylie-balmain-collab-2.jpg?fit=600%2C750&amp;ssl=1\" data-orig-size=\"600,750\" data-comments-opened=\"1\" data-image-meta=\"{&quot;aperture&quot;:&quot;0&quot;,&quot;credit&quot;:&quot;&quot;,&quot;camera&quot;:&quot;&quot;,&quot;caption&quot;:&quot;&quot;,&quot;created_timestamp&quot;:&quot;0&quot;,&quot;copyright&quot;:&quot;&quot;,&quot;focal_length&quot;:&quot;0&quot;,&quot;iso&quot;:&quot;0&quot;,&quot;shutter_speed&quot;:&quot;0&quot;,&quot;title&quot;:&quot;&quot;,&quot;orientation&quot;:&quot;1&quot;}\" data-image-title=\"agrund-kylie-balmain-collab-2\" data-image-description=\"\" data-image-caption=\"\" data-medium-file=\"https:\/\/i0.wp.com\/agrund.com\/wp-content\/uploads\/sites\/6\/2019\/09\/agrund-kylie-balmain-collab-2.jpg?fit=240%2C300&amp;ssl=1\" data-large-file=\"https:\/\/i0.wp.com\/agrund.com\/wp-content\/uploads\/sites\/6\/2019\/09\/agrund-kylie-balmain-collab-2.jpg?fit=600%2C750&amp;ssl=1\" decoding=\"async\" loading=\"lazy\" width=\"600\" height=\"750\" src=\"https:\/\/i0.wp.com\/www.agrund.com\/wp-content\/uploads\/sites\/6\/2019\/09\/agrund-kylie-balmain-collab-2.jpg?resize=600%2C750&#038;ssl=1\" alt=\"\" class=\"wp-image-202583\" srcset=\"https:\/\/i0.wp.com\/agrund.com\/wp-content\/uploads\/sites\/6\/2019\/09\/agrund-kylie-balmain-collab-2.jpg?w=600&amp;ssl=1 600w, https:\/\/i0.wp.com\/agrund.com\/wp-content\/uploads\/sites\/6\/2019\/09\/agrund-kylie-balmain-collab-2.jpg?resize=240%2C300&amp;ssl=1 240w\" sizes=\"(max-width: 600px) 100vw, 600px\" data-recalc-dims=\"1\" \/><figcaption>Kylie Jenner e Olivier Rousteing lan\u00e7am cole\u00e7\u00e3o de maquiagem  <\/figcaption><\/figure><\/div>\n\n\n\n<div class=\"wp-block-image\"><figure class=\"aligncenter\"><img data-attachment-id=\"202585\" data-permalink=\"https:\/\/agrund.com\/index.php\/kylie-jenner-e-olivier-rousteing-lancam-colecao-de-maquiagem\/agrund-kylie-balmain-collab\/\" data-orig-file=\"https:\/\/i0.wp.com\/agrund.com\/wp-content\/uploads\/sites\/6\/2019\/09\/agrund-kylie-balmain-collab.jpg?fit=600%2C750&amp;ssl=1\" data-orig-size=\"600,750\" data-comments-opened=\"1\" data-image-meta=\"{&quot;aperture&quot;:&quot;0&quot;,&quot;credit&quot;:&quot;&quot;,&quot;camera&quot;:&quot;&quot;,&quot;caption&quot;:&quot;&quot;,&quot;created_timestamp&quot;:&quot;0&quot;,&quot;copyright&quot;:&quot;&quot;,&quot;focal_length&quot;:&quot;0&quot;,&quot;iso&quot;:&quot;0&quot;,&quot;shutter_speed&quot;:&quot;0&quot;,&quot;title&quot;:&quot;&quot;,&quot;orientation&quot;:&quot;1&quot;}\" data-image-title=\"agrund-kylie-balmain-collab\" data-image-description=\"\" data-image-caption=\"\" data-medium-file=\"https:\/\/i0.wp.com\/agrund.com\/wp-content\/uploads\/sites\/6\/2019\/09\/agrund-kylie-balmain-collab.jpg?fit=240%2C300&amp;ssl=1\" data-large-file=\"https:\/\/i0.wp.com\/agrund.com\/wp-content\/uploads\/sites\/6\/2019\/09\/agrund-kylie-balmain-collab.jpg?fit=600%2C750&amp;ssl=1\" decoding=\"async\" loading=\"lazy\" width=\"600\" height=\"750\" src=\"https:\/\/i0.wp.com\/www.agrund.com\/wp-content\/uploads\/sites\/6\/2019\/09\/agrund-kylie-balmain-collab.jpg?resize=600%2C750&#038;ssl=1\" alt=\"\" class=\"wp-image-202585\" srcset=\"https:\/\/i0.wp.com\/agrund.com\/wp-content\/uploads\/sites\/6\/2019\/09\/agrund-kylie-balmain-collab.jpg?w=600&amp;ssl=1 600w, https:\/\/i0.wp.com\/agrund.com\/wp-content\/uploads\/sites\/6\/2019\/09\/agrund-kylie-balmain-collab.jpg?resize=240%2C300&amp;ssl=1 240w\" sizes=\"(max-width: 600px) 100vw, 600px\" data-recalc-dims=\"1\" \/><figcaption>Kylie Jenner e Olivier Rousteing lan\u00e7am cole\u00e7\u00e3o de maquiagem  <\/figcaption><\/figure><\/div>\n\n\n\n<p>Fotos: Reprodu\u00e7\u00e3o\/ Kylie Cosmetics. <\/p>\n","protected":false},"excerpt":{"rendered":"<p>Kylie Jenner acaba de anunciar uma parceria que promete movimentar o mundo da beleza. A empres\u00e1ria convocou Olivier Rousteing, diretor-criativo da Balmain, para desenvolver uma cole\u00e7\u00e3o de maquiagem para a Kylie Cosmetics. Gostou? Tem mais!\u00a0 Todos os produtos ser\u00e3o utilizados para criar a beleza do desfile da Balmain, que acontece na pr\u00f3xima sexta-feira (27) durante [&hellip;]<\/p>\n","protected":false},"author":8,"featured_media":202586,"comment_status":"open","ping_status":"open","sticky":false,"template":"","format":"standard","meta":{"jetpack_post_was_ever_published":false,"_jetpack_newsletter_access":"","jetpack_publicize_message":"","jetpack_is_tweetstorm":false,"jetpack_publicize_feature_enabled":true,"jetpack_social_post_already_shared":true,"jetpack_social_options":{"image_generator_settings":{"template":"highway","enabled":false}}},"categories":[2],"tags":[395,375,353,352,884,347,507,692,371,372,67],"jetpack_publicize_connections":[],"jetpack_featured_media_url":"https:\/\/i0.wp.com\/agrund.com\/wp-content\/uploads\/sites\/6\/2019\/09\/s-130.jpg?fit=960%2C300&ssl=1","jetpack_sharing_enabled":true,"jetpack_shortlink":"https:\/\/wp.me\/p3Hz0n-QHs","jetpack_likes_enabled":true,"_links":{"self":[{"href":"https:\/\/agrund.com\/index.php\/wp-json\/wp\/v2\/posts\/202582"}],"collection":[{"href":"https:\/\/agrund.com\/index.php\/wp-json\/wp\/v2\/posts"}],"about":[{"href":"https:\/\/agrund.com\/index.php\/wp-json\/wp\/v2\/types\/post"}],"author":[{"embeddable":true,"href":"https:\/\/agrund.com\/index.php\/wp-json\/wp\/v2\/users\/8"}],"replies":[{"embeddable":true,"href":"https:\/\/agrund.com\/index.php\/wp-json\/wp\/v2\/comments?post=202582"}],"version-history":[{"count":1,"href":"https:\/\/agrund.com\/index.php\/wp-json\/wp\/v2\/posts\/202582\/revisions"}],"predecessor-version":[{"id":202587,"href":"https:\/\/agrund.com\/index.php\/wp-json\/wp\/v2\/posts\/202582\/revisions\/202587"}],"wp:featuredmedia":[{"embeddable":true,"href":"https:\/\/agrund.com\/index.php\/wp-json\/wp\/v2\/media\/202586"}],"wp:attachment":[{"href":"https:\/\/agrund.com\/index.php\/wp-json\/wp\/v2\/media?parent=202582"}],"wp:term":[{"taxonomy":"category","embeddable":true,"href":"https:\/\/agrund.com\/index.php\/wp-json\/wp\/v2\/categories?post=202582"},{"taxonomy":"post_tag","embeddable":true,"href":"https:\/\/agrund.com\/index.php\/wp-json\/wp\/v2\/tags?post=202582"}],"curies":[{"name":"wp","href":"https:\/\/api.w.org\/{rel}","templated":true}]}}