{"id":202561,"date":"2019-09-23T19:00:26","date_gmt":"2019-09-23T22:00:26","guid":{"rendered":"http:\/\/www.agrund.com\/?p=202561"},"modified":"2019-09-23T19:16:52","modified_gmt":"2019-09-23T22:16:52","slug":"chanel-lanca-serie-de-videos-sobre-skincare","status":"publish","type":"post","link":"https:\/\/agrund.com\/index.php\/chanel-lanca-serie-de-videos-sobre-skincare\/","title":{"rendered":"Chanel lan\u00e7a s\u00e9rie de v\u00eddeos sobre skincare"},"content":{"rendered":"\n<div class=\"wp-block-image\"><figure class=\"aligncenter\"><img data-attachment-id=\"202562\" data-permalink=\"https:\/\/agrund.com\/index.php\/chanel-lanca-serie-de-videos-sobre-skincare\/agrund-chanel-sublimage-beyond-the-jar\/\" data-orig-file=\"https:\/\/i0.wp.com\/agrund.com\/wp-content\/uploads\/sites\/6\/2019\/09\/agrund-chanel-sublimage-beyond-the-jar.jpg?fit=600%2C400&amp;ssl=1\" data-orig-size=\"600,400\" data-comments-opened=\"1\" data-image-meta=\"{&quot;aperture&quot;:&quot;0&quot;,&quot;credit&quot;:&quot;&quot;,&quot;camera&quot;:&quot;&quot;,&quot;caption&quot;:&quot;&quot;,&quot;created_timestamp&quot;:&quot;0&quot;,&quot;copyright&quot;:&quot;&quot;,&quot;focal_length&quot;:&quot;0&quot;,&quot;iso&quot;:&quot;0&quot;,&quot;shutter_speed&quot;:&quot;0&quot;,&quot;title&quot;:&quot;&quot;,&quot;orientation&quot;:&quot;1&quot;}\" data-image-title=\"agrund-chanel-sublimage-beyond-the-jar\" data-image-description=\"\" data-image-caption=\"\" data-medium-file=\"https:\/\/i0.wp.com\/agrund.com\/wp-content\/uploads\/sites\/6\/2019\/09\/agrund-chanel-sublimage-beyond-the-jar.jpg?fit=300%2C200&amp;ssl=1\" data-large-file=\"https:\/\/i0.wp.com\/agrund.com\/wp-content\/uploads\/sites\/6\/2019\/09\/agrund-chanel-sublimage-beyond-the-jar.jpg?fit=600%2C400&amp;ssl=1\" decoding=\"async\" loading=\"lazy\" width=\"600\" height=\"400\" src=\"https:\/\/i0.wp.com\/www.agrund.com\/wp-content\/uploads\/sites\/6\/2019\/09\/agrund-chanel-sublimage-beyond-the-jar.jpg?resize=600%2C400&#038;ssl=1\" alt=\"\" class=\"wp-image-202562\" srcset=\"https:\/\/i0.wp.com\/agrund.com\/wp-content\/uploads\/sites\/6\/2019\/09\/agrund-chanel-sublimage-beyond-the-jar.jpg?w=600&amp;ssl=1 600w, https:\/\/i0.wp.com\/agrund.com\/wp-content\/uploads\/sites\/6\/2019\/09\/agrund-chanel-sublimage-beyond-the-jar.jpg?resize=300%2C200&amp;ssl=1 300w\" sizes=\"(max-width: 600px) 100vw, 600px\" data-recalc-dims=\"1\" \/><figcaption>Chanel lan\u00e7a s\u00e9rie de v\u00eddeos sobre skincare  <\/figcaption><\/figure><\/div>\n\n\n\n<p>Quem gosta de skincare acaba de ganhar mais uma fonte de inspira\u00e7\u00e3o e ela \u00e9 bem especial. A Chanel lan\u00e7ou uma s\u00e9rie de v\u00eddeos dedicados aos cuidados com a pele e seus produtos dessa categoria.\u00a0<\/p>\n\n\n\n<p>Chamada\u00a0\u201cBeyond the Jar\u201d (&#8220;Al\u00e9m do frasco&#8221;, em portugu\u00eas), ela promete revelar detalhes dos estudos e ingredientes utilizados pela grife. No primeiro epis\u00f3dio publicado no Youtube \u00e9 poss\u00edvel entender o que \u00e9 e quais s\u00e3o os benef\u00edcios da planta\u00a0Vanilla Planifolia, principal ingrediente da linha &#8216;Sublimage&#8217;. A produ\u00e7\u00e3o est\u00e1 realmente incr\u00edvel e vale o play!\u00a0<\/p>\n\n\n\n<figure class=\"wp-block-embed-youtube wp-block-embed is-type-video is-provider-youtube wp-embed-aspect-16-9 wp-has-aspect-ratio\"><div class=\"wp-block-embed__wrapper\">\n<span class=\"embed-youtube\" style=\"text-align:center; display: block;\"><iframe loading=\"lazy\" class=\"youtube-player\" width=\"640\" height=\"360\" src=\"https:\/\/www.youtube.com\/embed\/MOAr4KspJ8Q?version=3&#038;rel=1&#038;showsearch=0&#038;showinfo=1&#038;iv_load_policy=1&#038;fs=1&#038;hl=pt-BR&#038;autohide=2&#038;wmode=transparent\" allowfullscreen=\"true\" style=\"border:0;\" sandbox=\"allow-scripts allow-same-origin allow-popups allow-presentation\"><\/iframe><\/span>\n<\/div><\/figure>\n\n\n\n<p>Foto e V\u00eddeo: Reprodu\u00e7\u00e3o\/ Chanel. <\/p>\n","protected":false},"excerpt":{"rendered":"<p>Quem gosta de skincare acaba de ganhar mais uma fonte de inspira\u00e7\u00e3o e ela \u00e9 bem especial. A Chanel lan\u00e7ou uma s\u00e9rie de v\u00eddeos dedicados aos cuidados com a pele e seus produtos dessa categoria.\u00a0 Chamada\u00a0\u201cBeyond the Jar\u201d (&#8220;Al\u00e9m do frasco&#8221;, em portugu\u00eas), ela promete revelar detalhes dos estudos e ingredientes utilizados pela grife. No [&hellip;]<\/p>\n","protected":false},"author":8,"featured_media":202563,"comment_status":"open","ping_status":"open","sticky":false,"template":"","format":"standard","meta":{"jetpack_post_was_ever_published":false,"_jetpack_newsletter_access":"","jetpack_publicize_message":"","jetpack_is_tweetstorm":false,"jetpack_publicize_feature_enabled":true,"jetpack_social_post_already_shared":true,"jetpack_social_options":{"image_generator_settings":{"template":"highway","enabled":false}}},"categories":[2],"tags":[395,375,353,352,56,674,347,360,67,332,675,882],"jetpack_publicize_connections":[],"jetpack_featured_media_url":"https:\/\/i0.wp.com\/agrund.com\/wp-content\/uploads\/sites\/6\/2019\/09\/s-126.jpg?fit=960%2C300&ssl=1","jetpack_sharing_enabled":true,"jetpack_shortlink":"https:\/\/wp.me\/p3Hz0n-QH7","jetpack_likes_enabled":true,"_links":{"self":[{"href":"https:\/\/agrund.com\/index.php\/wp-json\/wp\/v2\/posts\/202561"}],"collection":[{"href":"https:\/\/agrund.com\/index.php\/wp-json\/wp\/v2\/posts"}],"about":[{"href":"https:\/\/agrund.com\/index.php\/wp-json\/wp\/v2\/types\/post"}],"author":[{"embeddable":true,"href":"https:\/\/agrund.com\/index.php\/wp-json\/wp\/v2\/users\/8"}],"replies":[{"embeddable":true,"href":"https:\/\/agrund.com\/index.php\/wp-json\/wp\/v2\/comments?post=202561"}],"version-history":[{"count":1,"href":"https:\/\/agrund.com\/index.php\/wp-json\/wp\/v2\/posts\/202561\/revisions"}],"predecessor-version":[{"id":202564,"href":"https:\/\/agrund.com\/index.php\/wp-json\/wp\/v2\/posts\/202561\/revisions\/202564"}],"wp:featuredmedia":[{"embeddable":true,"href":"https:\/\/agrund.com\/index.php\/wp-json\/wp\/v2\/media\/202563"}],"wp:attachment":[{"href":"https:\/\/agrund.com\/index.php\/wp-json\/wp\/v2\/media?parent=202561"}],"wp:term":[{"taxonomy":"category","embeddable":true,"href":"https:\/\/agrund.com\/index.php\/wp-json\/wp\/v2\/categories?post=202561"},{"taxonomy":"post_tag","embeddable":true,"href":"https:\/\/agrund.com\/index.php\/wp-json\/wp\/v2\/tags?post=202561"}],"curies":[{"name":"wp","href":"https:\/\/api.w.org\/{rel}","templated":true}]}}