{"id":202550,"date":"2019-09-23T17:00:56","date_gmt":"2019-09-23T20:00:56","guid":{"rendered":"http:\/\/www.agrund.com\/?p=202550"},"modified":"2019-09-23T16:08:55","modified_gmt":"2019-09-23T19:08:55","slug":"louis-vuitton-mostra-os-bastidores-em-novo-projeto","status":"publish","type":"post","link":"https:\/\/agrund.com\/index.php\/louis-vuitton-mostra-os-bastidores-em-novo-projeto\/","title":{"rendered":"Louis Vuitton mostra os bastidores em novo projeto"},"content":{"rendered":"\n<div class=\"wp-block-image\"><figure class=\"aligncenter\"><img data-attachment-id=\"202551\" data-permalink=\"https:\/\/agrund.com\/index.php\/louis-vuitton-mostra-os-bastidores-em-novo-projeto\/agrund-lv-4\/\" data-orig-file=\"https:\/\/i0.wp.com\/agrund.com\/wp-content\/uploads\/sites\/6\/2019\/09\/agrund-lv.jpg?fit=600%2C335&amp;ssl=1\" data-orig-size=\"600,335\" data-comments-opened=\"1\" data-image-meta=\"{&quot;aperture&quot;:&quot;0&quot;,&quot;credit&quot;:&quot;&quot;,&quot;camera&quot;:&quot;&quot;,&quot;caption&quot;:&quot;&quot;,&quot;created_timestamp&quot;:&quot;0&quot;,&quot;copyright&quot;:&quot;&quot;,&quot;focal_length&quot;:&quot;0&quot;,&quot;iso&quot;:&quot;0&quot;,&quot;shutter_speed&quot;:&quot;0&quot;,&quot;title&quot;:&quot;&quot;,&quot;orientation&quot;:&quot;1&quot;}\" data-image-title=\"agrund-lv\" data-image-description=\"\" data-image-caption=\"\" data-medium-file=\"https:\/\/i0.wp.com\/agrund.com\/wp-content\/uploads\/sites\/6\/2019\/09\/agrund-lv.jpg?fit=300%2C168&amp;ssl=1\" data-large-file=\"https:\/\/i0.wp.com\/agrund.com\/wp-content\/uploads\/sites\/6\/2019\/09\/agrund-lv.jpg?fit=600%2C335&amp;ssl=1\" decoding=\"async\" loading=\"lazy\" width=\"600\" height=\"335\" src=\"https:\/\/i0.wp.com\/www.agrund.com\/wp-content\/uploads\/sites\/6\/2019\/09\/agrund-lv.jpg?resize=600%2C335&#038;ssl=1\" alt=\"\" class=\"wp-image-202551\" srcset=\"https:\/\/i0.wp.com\/agrund.com\/wp-content\/uploads\/sites\/6\/2019\/09\/agrund-lv.jpg?w=600&amp;ssl=1 600w, https:\/\/i0.wp.com\/agrund.com\/wp-content\/uploads\/sites\/6\/2019\/09\/agrund-lv.jpg?resize=300%2C168&amp;ssl=1 300w\" sizes=\"(max-width: 600px) 100vw, 600px\" data-recalc-dims=\"1\" \/><figcaption>Louis Vuitton mostra os bastidores em novo projeto  <\/figcaption><\/figure><\/div>\n\n\n\n<p>Se voc\u00ea tinha curiosidade de ver um pouco mais do que acontece nos bastidores de uma grife, a Louis Vuitton vai te permitir fazer isso.\u00a0<\/p>\n\n\n\n<p>A marca acaba de lan\u00e7ar uma plataforma onde ir\u00e1 compartilhar v\u00eddeos de cinco temas pr\u00e9-definidos: savoir-faire, institucional, amigos da Casa, viagem e campanhas.\u00a0<\/p>\n\n\n\n<p>Chamado LVTV, o projeto ser\u00e1 disponibilizado no canal de Youtube da Louis Vuitton e promete dar uma vis\u00e3o 360\u00b0 do mundo LV.\u00a0<\/p>\n\n\n\n<p>No primeiro epis\u00f3dio &#8211; j\u00e1 dispon\u00edvel &#8211; voc\u00ea descobrir\u00e1 como \u00e9 o minucioso trabalho de confec\u00e7\u00e3o dos cal\u00e7ados da grife. Aperte o play:\u00a0<\/p>\n\n\n\n<figure class=\"wp-block-embed-youtube aligncenter wp-block-embed is-type-video is-provider-youtube wp-embed-aspect-16-9 wp-has-aspect-ratio\"><div class=\"wp-block-embed__wrapper\">\n<span class=\"embed-youtube\" style=\"text-align:center; display: block;\"><iframe loading=\"lazy\" class=\"youtube-player\" width=\"640\" height=\"360\" src=\"https:\/\/www.youtube.com\/embed\/-h1pJkdcYgI?version=3&#038;rel=1&#038;showsearch=0&#038;showinfo=1&#038;iv_load_policy=1&#038;fs=1&#038;hl=pt-BR&#038;autohide=2&#038;wmode=transparent\" allowfullscreen=\"true\" style=\"border:0;\" sandbox=\"allow-scripts allow-same-origin allow-popups allow-presentation\"><\/iframe><\/span>\n<\/div><\/figure>\n\n\n\n<p>Fotos e V\u00eddeo: Reprodu\u00e7\u00e3o\/ Louis Vuitton. <\/p>\n","protected":false},"excerpt":{"rendered":"<p>Se voc\u00ea tinha curiosidade de ver um pouco mais do que acontece nos bastidores de uma grife, a Louis Vuitton vai te permitir fazer isso.\u00a0 A marca acaba de lan\u00e7ar uma plataforma onde ir\u00e1 compartilhar v\u00eddeos de cinco temas pr\u00e9-definidos: savoir-faire, institucional, amigos da Casa, viagem e campanhas.\u00a0 Chamado LVTV, o projeto ser\u00e1 disponibilizado no [&hellip;]<\/p>\n","protected":false},"author":8,"featured_media":202552,"comment_status":"open","ping_status":"open","sticky":false,"template":"","format":"standard","meta":{"jetpack_post_was_ever_published":false,"_jetpack_newsletter_access":"","jetpack_publicize_message":"","jetpack_is_tweetstorm":false,"jetpack_publicize_feature_enabled":true,"jetpack_social_post_already_shared":true,"jetpack_social_options":{"image_generator_settings":{"template":"highway","enabled":false}}},"categories":[2],"tags":[395,375,423,347,149,430,382,67,525,148,424,862],"jetpack_publicize_connections":[],"jetpack_featured_media_url":"https:\/\/i0.wp.com\/agrund.com\/wp-content\/uploads\/sites\/6\/2019\/09\/s-124.jpg?fit=960%2C300&ssl=1","jetpack_sharing_enabled":true,"jetpack_shortlink":"https:\/\/wp.me\/p3Hz0n-QGW","jetpack_likes_enabled":true,"_links":{"self":[{"href":"https:\/\/agrund.com\/index.php\/wp-json\/wp\/v2\/posts\/202550"}],"collection":[{"href":"https:\/\/agrund.com\/index.php\/wp-json\/wp\/v2\/posts"}],"about":[{"href":"https:\/\/agrund.com\/index.php\/wp-json\/wp\/v2\/types\/post"}],"author":[{"embeddable":true,"href":"https:\/\/agrund.com\/index.php\/wp-json\/wp\/v2\/users\/8"}],"replies":[{"embeddable":true,"href":"https:\/\/agrund.com\/index.php\/wp-json\/wp\/v2\/comments?post=202550"}],"version-history":[{"count":1,"href":"https:\/\/agrund.com\/index.php\/wp-json\/wp\/v2\/posts\/202550\/revisions"}],"predecessor-version":[{"id":202553,"href":"https:\/\/agrund.com\/index.php\/wp-json\/wp\/v2\/posts\/202550\/revisions\/202553"}],"wp:featuredmedia":[{"embeddable":true,"href":"https:\/\/agrund.com\/index.php\/wp-json\/wp\/v2\/media\/202552"}],"wp:attachment":[{"href":"https:\/\/agrund.com\/index.php\/wp-json\/wp\/v2\/media?parent=202550"}],"wp:term":[{"taxonomy":"category","embeddable":true,"href":"https:\/\/agrund.com\/index.php\/wp-json\/wp\/v2\/categories?post=202550"},{"taxonomy":"post_tag","embeddable":true,"href":"https:\/\/agrund.com\/index.php\/wp-json\/wp\/v2\/tags?post=202550"}],"curies":[{"name":"wp","href":"https:\/\/api.w.org\/{rel}","templated":true}]}}