{"id":202508,"date":"2019-09-20T18:00:57","date_gmt":"2019-09-20T21:00:57","guid":{"rendered":"http:\/\/www.agrund.com\/?p=202508"},"modified":"2019-09-20T17:12:32","modified_gmt":"2019-09-20T20:12:32","slug":"famosas-ensinam-a-usar-monocromia-com-cores-da-moda","status":"publish","type":"post","link":"https:\/\/agrund.com\/index.php\/famosas-ensinam-a-usar-monocromia-com-cores-da-moda\/","title":{"rendered":"Famosas ensinam a usar monocromia com cores da moda"},"content":{"rendered":"\n<p>Uma das principais armas para alongar a silhueta \u00e9 a monocromia. Se aliada a outros recursos, o efeito \u00e9 ainda melhor. Nesta semana, seis famosas apostam em looks de uma s\u00f3 cor, mostrando como ficar elegante sem esfor\u00e7o. E ainda escolheram cores que s\u00e3o tend\u00eancias atuais e que prometem arrasar no ver\u00e3o.<\/p>\n\n\n\n<p>Camila Queiroz, Eliana, Fernanda Motta, Fabiana Karla, Erika Januza e Fiorella Mattheis deram li\u00e7\u00e3o de estilo e de eleg\u00e2ncia com pe\u00e7as variadas: vestido, macac\u00e3o, pantalona, blazer, saia, blusa cropped. Veja os looks e inspire-se.<\/p>\n\n\n\n<div class=\"wp-block-image\"><figure class=\"aligncenter\"><img data-attachment-id=\"202509\" data-permalink=\"https:\/\/agrund.com\/index.php\/famosas-ensinam-a-usar-monocromia-com-cores-da-moda\/5r\/\" data-orig-file=\"https:\/\/i0.wp.com\/agrund.com\/wp-content\/uploads\/sites\/6\/2019\/09\/5r.jpg?fit=500%2C749&amp;ssl=1\" data-orig-size=\"500,749\" data-comments-opened=\"1\" data-image-meta=\"{&quot;aperture&quot;:&quot;0&quot;,&quot;credit&quot;:&quot;&quot;,&quot;camera&quot;:&quot;&quot;,&quot;caption&quot;:&quot;&quot;,&quot;created_timestamp&quot;:&quot;0&quot;,&quot;copyright&quot;:&quot;&quot;,&quot;focal_length&quot;:&quot;0&quot;,&quot;iso&quot;:&quot;0&quot;,&quot;shutter_speed&quot;:&quot;0&quot;,&quot;title&quot;:&quot;&quot;,&quot;orientation&quot;:&quot;1&quot;}\" data-image-title=\"5r\" data-image-description=\"\" data-image-caption=\"\" data-medium-file=\"https:\/\/i0.wp.com\/agrund.com\/wp-content\/uploads\/sites\/6\/2019\/09\/5r.jpg?fit=200%2C300&amp;ssl=1\" data-large-file=\"https:\/\/i0.wp.com\/agrund.com\/wp-content\/uploads\/sites\/6\/2019\/09\/5r.jpg?fit=500%2C749&amp;ssl=1\" decoding=\"async\" loading=\"lazy\" width=\"500\" height=\"749\" src=\"https:\/\/i0.wp.com\/www.agrund.com\/wp-content\/uploads\/sites\/6\/2019\/09\/5r.jpg?resize=500%2C749&#038;ssl=1\" alt=\"\" class=\"wp-image-202509\" srcset=\"https:\/\/i0.wp.com\/agrund.com\/wp-content\/uploads\/sites\/6\/2019\/09\/5r.jpg?w=500&amp;ssl=1 500w, https:\/\/i0.wp.com\/agrund.com\/wp-content\/uploads\/sites\/6\/2019\/09\/5r.jpg?resize=200%2C300&amp;ssl=1 200w\" sizes=\"(max-width: 500px) 100vw, 500px\" data-recalc-dims=\"1\" \/><figcaption>Famosas ensinam a usar monocromia com cores da moda<\/figcaption><\/figure><\/div>\n\n\n\n<p>O azul-claro foi a cor escolhida por <strong>Camila Queiroz<\/strong> para compor o look com saia longa e blusa cropped. \u00c9 cor em alta e \u00f3tima escolha para os dias mais quentes. Monocromia \u00e9 sempre aliada do alongamento porque n\u00e3o h\u00e1 elementos de corte visual.<\/p>\n\n\n\n<div class=\"wp-block-image\"><figure class=\"aligncenter\"><img data-attachment-id=\"202510\" data-permalink=\"https:\/\/agrund.com\/index.php\/famosas-ensinam-a-usar-monocromia-com-cores-da-moda\/2r-3\/\" data-orig-file=\"https:\/\/i0.wp.com\/agrund.com\/wp-content\/uploads\/sites\/6\/2019\/09\/2r.jpg?fit=500%2C738&amp;ssl=1\" data-orig-size=\"500,738\" data-comments-opened=\"1\" data-image-meta=\"{&quot;aperture&quot;:&quot;0&quot;,&quot;credit&quot;:&quot;&quot;,&quot;camera&quot;:&quot;&quot;,&quot;caption&quot;:&quot;&quot;,&quot;created_timestamp&quot;:&quot;0&quot;,&quot;copyright&quot;:&quot;&quot;,&quot;focal_length&quot;:&quot;0&quot;,&quot;iso&quot;:&quot;0&quot;,&quot;shutter_speed&quot;:&quot;0&quot;,&quot;title&quot;:&quot;&quot;,&quot;orientation&quot;:&quot;1&quot;}\" data-image-title=\"2r\" data-image-description=\"\" data-image-caption=\"\" data-medium-file=\"https:\/\/i0.wp.com\/agrund.com\/wp-content\/uploads\/sites\/6\/2019\/09\/2r.jpg?fit=203%2C300&amp;ssl=1\" data-large-file=\"https:\/\/i0.wp.com\/agrund.com\/wp-content\/uploads\/sites\/6\/2019\/09\/2r.jpg?fit=500%2C738&amp;ssl=1\" decoding=\"async\" loading=\"lazy\" width=\"500\" height=\"738\" src=\"https:\/\/i0.wp.com\/www.agrund.com\/wp-content\/uploads\/sites\/6\/2019\/09\/2r.jpg?resize=500%2C738&#038;ssl=1\" alt=\"\" class=\"wp-image-202510\" srcset=\"https:\/\/i0.wp.com\/agrund.com\/wp-content\/uploads\/sites\/6\/2019\/09\/2r.jpg?w=500&amp;ssl=1 500w, https:\/\/i0.wp.com\/agrund.com\/wp-content\/uploads\/sites\/6\/2019\/09\/2r.jpg?resize=203%2C300&amp;ssl=1 203w\" sizes=\"(max-width: 500px) 100vw, 500px\" data-recalc-dims=\"1\" \/><figcaption>Famosas ensinam a usar monocromia com cores da moda<\/figcaption><\/figure><\/div>\n\n\n\n<p>O laranja \u00e9 outra cor que n\u00e3o sai de moda nunca. E, o melhor, combina com todos os tipos de pele e cabelo.<strong> Eliana<\/strong> apostou no macac\u00e3o na cor, com cinto que marca a cintura e decote em V. Elementos que alongam e modelam a silhueta.<\/p>\n\n\n\n<div class=\"wp-block-image\"><figure class=\"aligncenter\"><img data-attachment-id=\"202511\" data-permalink=\"https:\/\/agrund.com\/index.php\/famosas-ensinam-a-usar-monocromia-com-cores-da-moda\/3r-2\/\" data-orig-file=\"https:\/\/i0.wp.com\/agrund.com\/wp-content\/uploads\/sites\/6\/2019\/09\/3r.jpg?fit=500%2C975&amp;ssl=1\" data-orig-size=\"500,975\" data-comments-opened=\"1\" data-image-meta=\"{&quot;aperture&quot;:&quot;0&quot;,&quot;credit&quot;:&quot;&quot;,&quot;camera&quot;:&quot;&quot;,&quot;caption&quot;:&quot;&quot;,&quot;created_timestamp&quot;:&quot;0&quot;,&quot;copyright&quot;:&quot;&quot;,&quot;focal_length&quot;:&quot;0&quot;,&quot;iso&quot;:&quot;0&quot;,&quot;shutter_speed&quot;:&quot;0&quot;,&quot;title&quot;:&quot;&quot;,&quot;orientation&quot;:&quot;1&quot;}\" data-image-title=\"3r\" data-image-description=\"\" data-image-caption=\"\" data-medium-file=\"https:\/\/i0.wp.com\/agrund.com\/wp-content\/uploads\/sites\/6\/2019\/09\/3r.jpg?fit=154%2C300&amp;ssl=1\" data-large-file=\"https:\/\/i0.wp.com\/agrund.com\/wp-content\/uploads\/sites\/6\/2019\/09\/3r.jpg?fit=500%2C975&amp;ssl=1\" decoding=\"async\" loading=\"lazy\" width=\"500\" height=\"975\" src=\"https:\/\/i0.wp.com\/www.agrund.com\/wp-content\/uploads\/sites\/6\/2019\/09\/3r.jpg?resize=500%2C975&#038;ssl=1\" alt=\"\" class=\"wp-image-202511\" srcset=\"https:\/\/i0.wp.com\/agrund.com\/wp-content\/uploads\/sites\/6\/2019\/09\/3r.jpg?w=500&amp;ssl=1 500w, https:\/\/i0.wp.com\/agrund.com\/wp-content\/uploads\/sites\/6\/2019\/09\/3r.jpg?resize=154%2C300&amp;ssl=1 154w\" sizes=\"(max-width: 500px) 100vw, 500px\" data-recalc-dims=\"1\" \/><figcaption>Famosas ensinam a usar monocromia com cores da moda<\/figcaption><\/figure><\/div>\n\n\n\n<p>A modelo <strong>Fernanda Motta<\/strong> apostou na monocromia em verde-mint, um das tend\u00eancias atuais da cartela de cores. A modelagem larga tamb\u00e9m \u00e9 tend\u00eancia quente. Pode apostar para a primavera-ver\u00e3o sem erros.<\/p>\n\n\n\n<div class=\"wp-block-image\"><figure class=\"aligncenter\"><img data-attachment-id=\"202512\" data-permalink=\"https:\/\/agrund.com\/index.php\/famosas-ensinam-a-usar-monocromia-com-cores-da-moda\/6-18-2\/\" data-orig-file=\"https:\/\/i0.wp.com\/agrund.com\/wp-content\/uploads\/sites\/6\/2019\/09\/6-18.jpg?fit=500%2C714&amp;ssl=1\" data-orig-size=\"500,714\" data-comments-opened=\"1\" data-image-meta=\"{&quot;aperture&quot;:&quot;0&quot;,&quot;credit&quot;:&quot;&quot;,&quot;camera&quot;:&quot;&quot;,&quot;caption&quot;:&quot;&quot;,&quot;created_timestamp&quot;:&quot;0&quot;,&quot;copyright&quot;:&quot;&quot;,&quot;focal_length&quot;:&quot;0&quot;,&quot;iso&quot;:&quot;0&quot;,&quot;shutter_speed&quot;:&quot;0&quot;,&quot;title&quot;:&quot;&quot;,&quot;orientation&quot;:&quot;1&quot;}\" data-image-title=\"6-18\" data-image-description=\"\" data-image-caption=\"\" data-medium-file=\"https:\/\/i0.wp.com\/agrund.com\/wp-content\/uploads\/sites\/6\/2019\/09\/6-18.jpg?fit=210%2C300&amp;ssl=1\" data-large-file=\"https:\/\/i0.wp.com\/agrund.com\/wp-content\/uploads\/sites\/6\/2019\/09\/6-18.jpg?fit=500%2C714&amp;ssl=1\" decoding=\"async\" loading=\"lazy\" width=\"500\" height=\"714\" src=\"https:\/\/i0.wp.com\/www.agrund.com\/wp-content\/uploads\/sites\/6\/2019\/09\/6-18.jpg?resize=500%2C714&#038;ssl=1\" alt=\"\" class=\"wp-image-202512\" srcset=\"https:\/\/i0.wp.com\/agrund.com\/wp-content\/uploads\/sites\/6\/2019\/09\/6-18.jpg?w=500&amp;ssl=1 500w, https:\/\/i0.wp.com\/agrund.com\/wp-content\/uploads\/sites\/6\/2019\/09\/6-18.jpg?resize=210%2C300&amp;ssl=1 210w\" sizes=\"(max-width: 500px) 100vw, 500px\" data-recalc-dims=\"1\" \/><figcaption>Famosas ensinam a usar monocromia com cores da moda<\/figcaption><\/figure><\/div>\n\n\n\n<p>O look de<strong> Fabiana Karla<\/strong> \u00e9 perfeito para todos os tipos de mulheres e, principalmente, para quem tem a silhueta oval como ela. O vestido tipo envelope alonga a silhueta e modela a cintura. Com monocromia, n\u00e3o tem como errar.\u00a0<\/p>\n\n\n\n<div class=\"wp-block-image\"><figure class=\"aligncenter\"><img data-attachment-id=\"202513\" data-permalink=\"https:\/\/agrund.com\/index.php\/famosas-ensinam-a-usar-monocromia-com-cores-da-moda\/1r-3\/\" data-orig-file=\"https:\/\/i0.wp.com\/agrund.com\/wp-content\/uploads\/sites\/6\/2019\/09\/1r.jpg?fit=500%2C786&amp;ssl=1\" data-orig-size=\"500,786\" data-comments-opened=\"1\" data-image-meta=\"{&quot;aperture&quot;:&quot;0&quot;,&quot;credit&quot;:&quot;&quot;,&quot;camera&quot;:&quot;&quot;,&quot;caption&quot;:&quot;&quot;,&quot;created_timestamp&quot;:&quot;0&quot;,&quot;copyright&quot;:&quot;&quot;,&quot;focal_length&quot;:&quot;0&quot;,&quot;iso&quot;:&quot;0&quot;,&quot;shutter_speed&quot;:&quot;0&quot;,&quot;title&quot;:&quot;&quot;,&quot;orientation&quot;:&quot;1&quot;}\" data-image-title=\"1r\" data-image-description=\"\" data-image-caption=\"\" data-medium-file=\"https:\/\/i0.wp.com\/agrund.com\/wp-content\/uploads\/sites\/6\/2019\/09\/1r.jpg?fit=191%2C300&amp;ssl=1\" data-large-file=\"https:\/\/i0.wp.com\/agrund.com\/wp-content\/uploads\/sites\/6\/2019\/09\/1r.jpg?fit=500%2C786&amp;ssl=1\" decoding=\"async\" loading=\"lazy\" width=\"500\" height=\"786\" src=\"https:\/\/i0.wp.com\/www.agrund.com\/wp-content\/uploads\/sites\/6\/2019\/09\/1r.jpg?resize=500%2C786&#038;ssl=1\" alt=\"\" class=\"wp-image-202513\" srcset=\"https:\/\/i0.wp.com\/agrund.com\/wp-content\/uploads\/sites\/6\/2019\/09\/1r.jpg?w=500&amp;ssl=1 500w, https:\/\/i0.wp.com\/agrund.com\/wp-content\/uploads\/sites\/6\/2019\/09\/1r.jpg?resize=191%2C300&amp;ssl=1 191w\" sizes=\"(max-width: 500px) 100vw, 500px\" data-recalc-dims=\"1\" \/><figcaption>Famosas ensinam a usar monocromia com cores da moda<\/figcaption><\/figure><\/div>\n\n\n\n<p><strong>Branco total <\/strong>\u00e9 tend\u00eancia sempre e ainda mais agora, que marcam presen\u00e7a nas passarelas internacionais de ver\u00e3o 2020.<strong> Erika Januza<\/strong> arrasou com este vestido tubinho, com decote que deixa em evid\u00eancia os ombros, deixando a silhueta equilibrada e sofisticada.<\/p>\n\n\n\n<div class=\"wp-block-image\"><figure class=\"aligncenter\"><img data-attachment-id=\"202514\" data-permalink=\"https:\/\/agrund.com\/index.php\/famosas-ensinam-a-usar-monocromia-com-cores-da-moda\/4r-2\/\" data-orig-file=\"https:\/\/i0.wp.com\/agrund.com\/wp-content\/uploads\/sites\/6\/2019\/09\/4r.jpg?fit=500%2C841&amp;ssl=1\" data-orig-size=\"500,841\" data-comments-opened=\"1\" data-image-meta=\"{&quot;aperture&quot;:&quot;0&quot;,&quot;credit&quot;:&quot;&quot;,&quot;camera&quot;:&quot;&quot;,&quot;caption&quot;:&quot;&quot;,&quot;created_timestamp&quot;:&quot;0&quot;,&quot;copyright&quot;:&quot;&quot;,&quot;focal_length&quot;:&quot;0&quot;,&quot;iso&quot;:&quot;0&quot;,&quot;shutter_speed&quot;:&quot;0&quot;,&quot;title&quot;:&quot;&quot;,&quot;orientation&quot;:&quot;1&quot;}\" data-image-title=\"4r\" data-image-description=\"\" data-image-caption=\"\" data-medium-file=\"https:\/\/i0.wp.com\/agrund.com\/wp-content\/uploads\/sites\/6\/2019\/09\/4r.jpg?fit=178%2C300&amp;ssl=1\" data-large-file=\"https:\/\/i0.wp.com\/agrund.com\/wp-content\/uploads\/sites\/6\/2019\/09\/4r.jpg?fit=500%2C841&amp;ssl=1\" decoding=\"async\" loading=\"lazy\" width=\"500\" height=\"841\" src=\"https:\/\/i0.wp.com\/www.agrund.com\/wp-content\/uploads\/sites\/6\/2019\/09\/4r.jpg?resize=500%2C841&#038;ssl=1\" alt=\"\" class=\"wp-image-202514\" srcset=\"https:\/\/i0.wp.com\/agrund.com\/wp-content\/uploads\/sites\/6\/2019\/09\/4r.jpg?w=500&amp;ssl=1 500w, https:\/\/i0.wp.com\/agrund.com\/wp-content\/uploads\/sites\/6\/2019\/09\/4r.jpg?resize=178%2C300&amp;ssl=1 178w\" sizes=\"(max-width: 500px) 100vw, 500px\" data-recalc-dims=\"1\" \/><figcaption>Famosas ensinam a usar monocromia com cores da moda<\/figcaption><\/figure><\/div>\n\n\n\n<p><strong>Fiorella Mattheis<\/strong> apostou na monocromia do blazer rosa, usado com bermuda ciclista por baixo. \u00c9 tend\u00eancia, \u00e9 bonito, \u00e9 chique. Lembrando que o acabamento do palet\u00f3 \u00e9 fundamental<strong> <\/strong>para que o look fique elegante. Ela acertou em tudo.<\/p>\n\n\n\n<p>Fotos: Reprodu\u00e7\u00e3o. <\/p>\n\n\n\n<h3 class=\"wp-block-heading\"><\/h3>\n","protected":false},"excerpt":{"rendered":"<p>Uma das principais armas para alongar a silhueta \u00e9 a monocromia. Se aliada a outros recursos, o efeito \u00e9 ainda melhor. Nesta semana, seis famosas apostam em looks de uma s\u00f3 cor, mostrando como ficar elegante sem esfor\u00e7o. E ainda escolheram cores que s\u00e3o tend\u00eancias atuais e que prometem arrasar no ver\u00e3o. Camila Queiroz, Eliana, [&hellip;]<\/p>\n","protected":false},"author":8,"featured_media":202515,"comment_status":"open","ping_status":"open","sticky":false,"template":"","format":"standard","meta":{"jetpack_post_was_ever_published":false,"_jetpack_newsletter_access":"","jetpack_publicize_message":"","jetpack_is_tweetstorm":false,"jetpack_publicize_feature_enabled":true,"jetpack_social_post_already_shared":true,"jetpack_social_options":{"image_generator_settings":{"template":"highway","enabled":false}}},"categories":[2],"tags":[395,375,348,347,438,877,878,67,525,876,875],"jetpack_publicize_connections":[],"jetpack_featured_media_url":"https:\/\/i0.wp.com\/agrund.com\/wp-content\/uploads\/sites\/6\/2019\/09\/s-118.jpg?fit=960%2C300&ssl=1","jetpack_sharing_enabled":true,"jetpack_shortlink":"https:\/\/wp.me\/p3Hz0n-QGg","jetpack_likes_enabled":true,"_links":{"self":[{"href":"https:\/\/agrund.com\/index.php\/wp-json\/wp\/v2\/posts\/202508"}],"collection":[{"href":"https:\/\/agrund.com\/index.php\/wp-json\/wp\/v2\/posts"}],"about":[{"href":"https:\/\/agrund.com\/index.php\/wp-json\/wp\/v2\/types\/post"}],"author":[{"embeddable":true,"href":"https:\/\/agrund.com\/index.php\/wp-json\/wp\/v2\/users\/8"}],"replies":[{"embeddable":true,"href":"https:\/\/agrund.com\/index.php\/wp-json\/wp\/v2\/comments?post=202508"}],"version-history":[{"count":1,"href":"https:\/\/agrund.com\/index.php\/wp-json\/wp\/v2\/posts\/202508\/revisions"}],"predecessor-version":[{"id":202516,"href":"https:\/\/agrund.com\/index.php\/wp-json\/wp\/v2\/posts\/202508\/revisions\/202516"}],"wp:featuredmedia":[{"embeddable":true,"href":"https:\/\/agrund.com\/index.php\/wp-json\/wp\/v2\/media\/202515"}],"wp:attachment":[{"href":"https:\/\/agrund.com\/index.php\/wp-json\/wp\/v2\/media?parent=202508"}],"wp:term":[{"taxonomy":"category","embeddable":true,"href":"https:\/\/agrund.com\/index.php\/wp-json\/wp\/v2\/categories?post=202508"},{"taxonomy":"post_tag","embeddable":true,"href":"https:\/\/agrund.com\/index.php\/wp-json\/wp\/v2\/tags?post=202508"}],"curies":[{"name":"wp","href":"https:\/\/api.w.org\/{rel}","templated":true}]}}