{"id":202455,"date":"2019-09-20T12:00:42","date_gmt":"2019-09-20T15:00:42","guid":{"rendered":"http:\/\/www.agrund.com\/?p=202455"},"modified":"2019-09-20T10:46:09","modified_gmt":"2019-09-20T13:46:09","slug":"ralph-lauren-divulga-campanha-com-taylor-hill","status":"publish","type":"post","link":"https:\/\/agrund.com\/index.php\/ralph-lauren-divulga-campanha-com-taylor-hill\/","title":{"rendered":"Ralph Lauren divulga campanha com Taylor Hill"},"content":{"rendered":"\n<p>Taylor Hill est\u00e1 de volta em mais uma campanha da Ralph Lauren. Desta vez, a embaixadora da grife nos apresenta a cole\u00e7\u00e3o outono\/inverno 2019 recheada de pe\u00e7as com a eleg\u00e2ncia da mulher Ralph Lauren.\u00a0<\/p>\n\n\n\n<p>A modelo posou em um est\u00fadio de fundo cinza vestindo diversos modelos de ternos e blazers.\u00a0 Voc\u00ea est\u00e1 na lista de mulheres que ainda n\u00e3o se sentem seguras para usar essa pe\u00e7a? Ent\u00e3o aproveite os cliques para se apaixonar por Taylor usando desde o modelo cl\u00e1ssico em preto como tamb\u00e9m alguns mais despojados, em tons vivos e bem coloridos.\u00a0<\/p>\n\n\n\n<p>Cl\u00e1ssico, chique e elegante! A fotografia \u00e9 de Lachlan Bailey e voc\u00ea confere aqui:\u00a0<\/p>\n\n\n\n<div class=\"wp-block-image\"><figure class=\"aligncenter\"><img data-attachment-id=\"202457\" data-permalink=\"https:\/\/agrund.com\/index.php\/ralph-lauren-divulga-campanha-com-taylor-hill\/agrund-taylor-hill-ralph-lauren-fall\/\" data-orig-file=\"https:\/\/i0.wp.com\/agrund.com\/wp-content\/uploads\/sites\/6\/2019\/09\/agrund-Taylor-Hill-Ralph-Lauren-Fall.jpg?fit=600%2C450&amp;ssl=1\" data-orig-size=\"600,450\" data-comments-opened=\"1\" data-image-meta=\"{&quot;aperture&quot;:&quot;0&quot;,&quot;credit&quot;:&quot;&quot;,&quot;camera&quot;:&quot;&quot;,&quot;caption&quot;:&quot;&quot;,&quot;created_timestamp&quot;:&quot;0&quot;,&quot;copyright&quot;:&quot;&quot;,&quot;focal_length&quot;:&quot;0&quot;,&quot;iso&quot;:&quot;0&quot;,&quot;shutter_speed&quot;:&quot;0&quot;,&quot;title&quot;:&quot;&quot;,&quot;orientation&quot;:&quot;1&quot;}\" data-image-title=\"agrund-Taylor-Hill-Ralph-Lauren-Fall\" data-image-description=\"\" data-image-caption=\"\" data-medium-file=\"https:\/\/i0.wp.com\/agrund.com\/wp-content\/uploads\/sites\/6\/2019\/09\/agrund-Taylor-Hill-Ralph-Lauren-Fall.jpg?fit=300%2C225&amp;ssl=1\" data-large-file=\"https:\/\/i0.wp.com\/agrund.com\/wp-content\/uploads\/sites\/6\/2019\/09\/agrund-Taylor-Hill-Ralph-Lauren-Fall.jpg?fit=600%2C450&amp;ssl=1\" decoding=\"async\" loading=\"lazy\" width=\"600\" height=\"450\" src=\"https:\/\/i0.wp.com\/www.agrund.com\/wp-content\/uploads\/sites\/6\/2019\/09\/agrund-Taylor-Hill-Ralph-Lauren-Fall.jpg?resize=600%2C450&#038;ssl=1\" alt=\"\" class=\"wp-image-202457\" srcset=\"https:\/\/i0.wp.com\/agrund.com\/wp-content\/uploads\/sites\/6\/2019\/09\/agrund-Taylor-Hill-Ralph-Lauren-Fall.jpg?w=600&amp;ssl=1 600w, https:\/\/i0.wp.com\/agrund.com\/wp-content\/uploads\/sites\/6\/2019\/09\/agrund-Taylor-Hill-Ralph-Lauren-Fall.jpg?resize=300%2C225&amp;ssl=1 300w\" sizes=\"(max-width: 600px) 100vw, 600px\" data-recalc-dims=\"1\" \/><figcaption>Ralph Lauren divulga campanha com Taylor Hill <\/figcaption><\/figure><\/div>\n\n\n\n<div class=\"wp-block-image\"><figure class=\"aligncenter\"><img data-attachment-id=\"202458\" data-permalink=\"https:\/\/agrund.com\/index.php\/ralph-lauren-divulga-campanha-com-taylor-hill\/agrund-taylor-hill-ralph-lauren-fall-8\/\" data-orig-file=\"https:\/\/i0.wp.com\/agrund.com\/wp-content\/uploads\/sites\/6\/2019\/09\/agrund-Taylor-Hill-Ralph-Lauren-Fall-8.jpg?fit=600%2C750&amp;ssl=1\" data-orig-size=\"600,750\" data-comments-opened=\"1\" data-image-meta=\"{&quot;aperture&quot;:&quot;0&quot;,&quot;credit&quot;:&quot;&quot;,&quot;camera&quot;:&quot;&quot;,&quot;caption&quot;:&quot;&quot;,&quot;created_timestamp&quot;:&quot;0&quot;,&quot;copyright&quot;:&quot;&quot;,&quot;focal_length&quot;:&quot;0&quot;,&quot;iso&quot;:&quot;0&quot;,&quot;shutter_speed&quot;:&quot;0&quot;,&quot;title&quot;:&quot;&quot;,&quot;orientation&quot;:&quot;1&quot;}\" data-image-title=\"agrund-Taylor-Hill-Ralph-Lauren-Fall-8\" data-image-description=\"\" data-image-caption=\"\" data-medium-file=\"https:\/\/i0.wp.com\/agrund.com\/wp-content\/uploads\/sites\/6\/2019\/09\/agrund-Taylor-Hill-Ralph-Lauren-Fall-8.jpg?fit=240%2C300&amp;ssl=1\" data-large-file=\"https:\/\/i0.wp.com\/agrund.com\/wp-content\/uploads\/sites\/6\/2019\/09\/agrund-Taylor-Hill-Ralph-Lauren-Fall-8.jpg?fit=600%2C750&amp;ssl=1\" decoding=\"async\" loading=\"lazy\" width=\"600\" height=\"750\" src=\"https:\/\/i0.wp.com\/www.agrund.com\/wp-content\/uploads\/sites\/6\/2019\/09\/agrund-Taylor-Hill-Ralph-Lauren-Fall-8.jpg?resize=600%2C750&#038;ssl=1\" alt=\"\" class=\"wp-image-202458\" srcset=\"https:\/\/i0.wp.com\/agrund.com\/wp-content\/uploads\/sites\/6\/2019\/09\/agrund-Taylor-Hill-Ralph-Lauren-Fall-8.jpg?w=600&amp;ssl=1 600w, https:\/\/i0.wp.com\/agrund.com\/wp-content\/uploads\/sites\/6\/2019\/09\/agrund-Taylor-Hill-Ralph-Lauren-Fall-8.jpg?resize=240%2C300&amp;ssl=1 240w\" sizes=\"(max-width: 600px) 100vw, 600px\" data-recalc-dims=\"1\" \/><figcaption>Ralph Lauren divulga campanha com Taylor Hill <\/figcaption><\/figure><\/div>\n\n\n\n<div class=\"wp-block-image\"><figure class=\"aligncenter\"><img data-attachment-id=\"202459\" data-permalink=\"https:\/\/agrund.com\/index.php\/ralph-lauren-divulga-campanha-com-taylor-hill\/agrund-taylor-hill-ralph-lauren-fall-2\/\" data-orig-file=\"https:\/\/i0.wp.com\/agrund.com\/wp-content\/uploads\/sites\/6\/2019\/09\/agrund-Taylor-Hill-Ralph-Lauren-Fall-2.jpg?fit=600%2C750&amp;ssl=1\" data-orig-size=\"600,750\" data-comments-opened=\"1\" data-image-meta=\"{&quot;aperture&quot;:&quot;0&quot;,&quot;credit&quot;:&quot;&quot;,&quot;camera&quot;:&quot;&quot;,&quot;caption&quot;:&quot;&quot;,&quot;created_timestamp&quot;:&quot;0&quot;,&quot;copyright&quot;:&quot;&quot;,&quot;focal_length&quot;:&quot;0&quot;,&quot;iso&quot;:&quot;0&quot;,&quot;shutter_speed&quot;:&quot;0&quot;,&quot;title&quot;:&quot;&quot;,&quot;orientation&quot;:&quot;1&quot;}\" data-image-title=\"agrund-Taylor-Hill-Ralph-Lauren-Fall-2\" data-image-description=\"\" data-image-caption=\"\" data-medium-file=\"https:\/\/i0.wp.com\/agrund.com\/wp-content\/uploads\/sites\/6\/2019\/09\/agrund-Taylor-Hill-Ralph-Lauren-Fall-2.jpg?fit=240%2C300&amp;ssl=1\" data-large-file=\"https:\/\/i0.wp.com\/agrund.com\/wp-content\/uploads\/sites\/6\/2019\/09\/agrund-Taylor-Hill-Ralph-Lauren-Fall-2.jpg?fit=600%2C750&amp;ssl=1\" decoding=\"async\" loading=\"lazy\" width=\"600\" height=\"750\" src=\"https:\/\/i0.wp.com\/www.agrund.com\/wp-content\/uploads\/sites\/6\/2019\/09\/agrund-Taylor-Hill-Ralph-Lauren-Fall-2.jpg?resize=600%2C750&#038;ssl=1\" alt=\"\" class=\"wp-image-202459\" srcset=\"https:\/\/i0.wp.com\/agrund.com\/wp-content\/uploads\/sites\/6\/2019\/09\/agrund-Taylor-Hill-Ralph-Lauren-Fall-2.jpg?w=600&amp;ssl=1 600w, https:\/\/i0.wp.com\/agrund.com\/wp-content\/uploads\/sites\/6\/2019\/09\/agrund-Taylor-Hill-Ralph-Lauren-Fall-2.jpg?resize=240%2C300&amp;ssl=1 240w\" sizes=\"(max-width: 600px) 100vw, 600px\" data-recalc-dims=\"1\" \/><figcaption>Ralph Lauren divulga campanha com Taylor Hill <\/figcaption><\/figure><\/div>\n\n\n\n<div class=\"wp-block-image\"><figure class=\"aligncenter\"><img data-attachment-id=\"202460\" data-permalink=\"https:\/\/agrund.com\/index.php\/ralph-lauren-divulga-campanha-com-taylor-hill\/agrund-taylor-hill-ralph-lauren-fall-4\/\" data-orig-file=\"https:\/\/i0.wp.com\/agrund.com\/wp-content\/uploads\/sites\/6\/2019\/09\/agrund-Taylor-Hill-Ralph-Lauren-Fall-4.jpg?fit=600%2C375&amp;ssl=1\" data-orig-size=\"600,375\" data-comments-opened=\"1\" data-image-meta=\"{&quot;aperture&quot;:&quot;0&quot;,&quot;credit&quot;:&quot;&quot;,&quot;camera&quot;:&quot;&quot;,&quot;caption&quot;:&quot;&quot;,&quot;created_timestamp&quot;:&quot;0&quot;,&quot;copyright&quot;:&quot;&quot;,&quot;focal_length&quot;:&quot;0&quot;,&quot;iso&quot;:&quot;0&quot;,&quot;shutter_speed&quot;:&quot;0&quot;,&quot;title&quot;:&quot;&quot;,&quot;orientation&quot;:&quot;1&quot;}\" data-image-title=\"agrund-Taylor-Hill-Ralph-Lauren-Fall-4\" data-image-description=\"\" data-image-caption=\"\" data-medium-file=\"https:\/\/i0.wp.com\/agrund.com\/wp-content\/uploads\/sites\/6\/2019\/09\/agrund-Taylor-Hill-Ralph-Lauren-Fall-4.jpg?fit=300%2C188&amp;ssl=1\" data-large-file=\"https:\/\/i0.wp.com\/agrund.com\/wp-content\/uploads\/sites\/6\/2019\/09\/agrund-Taylor-Hill-Ralph-Lauren-Fall-4.jpg?fit=600%2C375&amp;ssl=1\" decoding=\"async\" loading=\"lazy\" width=\"600\" height=\"375\" src=\"https:\/\/i0.wp.com\/www.agrund.com\/wp-content\/uploads\/sites\/6\/2019\/09\/agrund-Taylor-Hill-Ralph-Lauren-Fall-4.jpg?resize=600%2C375&#038;ssl=1\" alt=\"\" class=\"wp-image-202460\" srcset=\"https:\/\/i0.wp.com\/agrund.com\/wp-content\/uploads\/sites\/6\/2019\/09\/agrund-Taylor-Hill-Ralph-Lauren-Fall-4.jpg?w=600&amp;ssl=1 600w, https:\/\/i0.wp.com\/agrund.com\/wp-content\/uploads\/sites\/6\/2019\/09\/agrund-Taylor-Hill-Ralph-Lauren-Fall-4.jpg?resize=300%2C188&amp;ssl=1 300w\" sizes=\"(max-width: 600px) 100vw, 600px\" data-recalc-dims=\"1\" \/><figcaption>Ralph Lauren divulga campanha com Taylor Hill <\/figcaption><\/figure><\/div>\n\n\n\n<div class=\"wp-block-image\"><figure class=\"aligncenter\"><img data-attachment-id=\"202461\" data-permalink=\"https:\/\/agrund.com\/index.php\/ralph-lauren-divulga-campanha-com-taylor-hill\/agrund-taylor-hill-ralph-lauren-fall-3\/\" data-orig-file=\"https:\/\/i0.wp.com\/agrund.com\/wp-content\/uploads\/sites\/6\/2019\/09\/agrund-Taylor-Hill-Ralph-Lauren-Fall-3.jpg?fit=600%2C450&amp;ssl=1\" data-orig-size=\"600,450\" data-comments-opened=\"1\" data-image-meta=\"{&quot;aperture&quot;:&quot;0&quot;,&quot;credit&quot;:&quot;&quot;,&quot;camera&quot;:&quot;&quot;,&quot;caption&quot;:&quot;&quot;,&quot;created_timestamp&quot;:&quot;0&quot;,&quot;copyright&quot;:&quot;&quot;,&quot;focal_length&quot;:&quot;0&quot;,&quot;iso&quot;:&quot;0&quot;,&quot;shutter_speed&quot;:&quot;0&quot;,&quot;title&quot;:&quot;&quot;,&quot;orientation&quot;:&quot;1&quot;}\" data-image-title=\"agrund-Taylor-Hill-Ralph-Lauren-Fall-3\" data-image-description=\"\" data-image-caption=\"\" data-medium-file=\"https:\/\/i0.wp.com\/agrund.com\/wp-content\/uploads\/sites\/6\/2019\/09\/agrund-Taylor-Hill-Ralph-Lauren-Fall-3.jpg?fit=300%2C225&amp;ssl=1\" data-large-file=\"https:\/\/i0.wp.com\/agrund.com\/wp-content\/uploads\/sites\/6\/2019\/09\/agrund-Taylor-Hill-Ralph-Lauren-Fall-3.jpg?fit=600%2C450&amp;ssl=1\" decoding=\"async\" loading=\"lazy\" width=\"600\" height=\"450\" src=\"https:\/\/i0.wp.com\/www.agrund.com\/wp-content\/uploads\/sites\/6\/2019\/09\/agrund-Taylor-Hill-Ralph-Lauren-Fall-3.jpg?resize=600%2C450&#038;ssl=1\" alt=\"\" class=\"wp-image-202461\" srcset=\"https:\/\/i0.wp.com\/agrund.com\/wp-content\/uploads\/sites\/6\/2019\/09\/agrund-Taylor-Hill-Ralph-Lauren-Fall-3.jpg?w=600&amp;ssl=1 600w, https:\/\/i0.wp.com\/agrund.com\/wp-content\/uploads\/sites\/6\/2019\/09\/agrund-Taylor-Hill-Ralph-Lauren-Fall-3.jpg?resize=300%2C225&amp;ssl=1 300w\" sizes=\"(max-width: 600px) 100vw, 600px\" data-recalc-dims=\"1\" \/><figcaption>Ralph Lauren divulga campanha com Taylor Hill <\/figcaption><\/figure><\/div>\n\n\n\n<div class=\"wp-block-image\"><figure class=\"aligncenter\"><img data-attachment-id=\"202462\" data-permalink=\"https:\/\/agrund.com\/index.php\/ralph-lauren-divulga-campanha-com-taylor-hill\/agrund-taylor-hill-ralph-lauren-fall-5\/\" data-orig-file=\"https:\/\/i0.wp.com\/agrund.com\/wp-content\/uploads\/sites\/6\/2019\/09\/agrund-Taylor-Hill-Ralph-Lauren-Fall-5.jpg?fit=600%2C750&amp;ssl=1\" data-orig-size=\"600,750\" data-comments-opened=\"1\" data-image-meta=\"{&quot;aperture&quot;:&quot;0&quot;,&quot;credit&quot;:&quot;&quot;,&quot;camera&quot;:&quot;&quot;,&quot;caption&quot;:&quot;&quot;,&quot;created_timestamp&quot;:&quot;0&quot;,&quot;copyright&quot;:&quot;&quot;,&quot;focal_length&quot;:&quot;0&quot;,&quot;iso&quot;:&quot;0&quot;,&quot;shutter_speed&quot;:&quot;0&quot;,&quot;title&quot;:&quot;&quot;,&quot;orientation&quot;:&quot;1&quot;}\" data-image-title=\"agrund-Taylor-Hill-Ralph-Lauren-Fall-5\" data-image-description=\"\" data-image-caption=\"\" data-medium-file=\"https:\/\/i0.wp.com\/agrund.com\/wp-content\/uploads\/sites\/6\/2019\/09\/agrund-Taylor-Hill-Ralph-Lauren-Fall-5.jpg?fit=240%2C300&amp;ssl=1\" data-large-file=\"https:\/\/i0.wp.com\/agrund.com\/wp-content\/uploads\/sites\/6\/2019\/09\/agrund-Taylor-Hill-Ralph-Lauren-Fall-5.jpg?fit=600%2C750&amp;ssl=1\" decoding=\"async\" loading=\"lazy\" width=\"600\" height=\"750\" src=\"https:\/\/i0.wp.com\/www.agrund.com\/wp-content\/uploads\/sites\/6\/2019\/09\/agrund-Taylor-Hill-Ralph-Lauren-Fall-5.jpg?resize=600%2C750&#038;ssl=1\" alt=\"\" class=\"wp-image-202462\" srcset=\"https:\/\/i0.wp.com\/agrund.com\/wp-content\/uploads\/sites\/6\/2019\/09\/agrund-Taylor-Hill-Ralph-Lauren-Fall-5.jpg?w=600&amp;ssl=1 600w, https:\/\/i0.wp.com\/agrund.com\/wp-content\/uploads\/sites\/6\/2019\/09\/agrund-Taylor-Hill-Ralph-Lauren-Fall-5.jpg?resize=240%2C300&amp;ssl=1 240w\" sizes=\"(max-width: 600px) 100vw, 600px\" data-recalc-dims=\"1\" \/><figcaption>Ralph Lauren divulga campanha com Taylor Hill <\/figcaption><\/figure><\/div>\n\n\n\n<div class=\"wp-block-image\"><figure class=\"aligncenter\"><img data-attachment-id=\"202463\" data-permalink=\"https:\/\/agrund.com\/index.php\/ralph-lauren-divulga-campanha-com-taylor-hill\/agrund-taylor-hill-ralph-lauren-fall-6\/\" data-orig-file=\"https:\/\/i0.wp.com\/agrund.com\/wp-content\/uploads\/sites\/6\/2019\/09\/agrund-Taylor-Hill-Ralph-Lauren-Fall-6.jpg?fit=600%2C749&amp;ssl=1\" data-orig-size=\"600,749\" data-comments-opened=\"1\" data-image-meta=\"{&quot;aperture&quot;:&quot;0&quot;,&quot;credit&quot;:&quot;&quot;,&quot;camera&quot;:&quot;&quot;,&quot;caption&quot;:&quot;&quot;,&quot;created_timestamp&quot;:&quot;0&quot;,&quot;copyright&quot;:&quot;&quot;,&quot;focal_length&quot;:&quot;0&quot;,&quot;iso&quot;:&quot;0&quot;,&quot;shutter_speed&quot;:&quot;0&quot;,&quot;title&quot;:&quot;&quot;,&quot;orientation&quot;:&quot;1&quot;}\" data-image-title=\"agrund-Taylor-Hill-Ralph-Lauren-Fall-6\" data-image-description=\"\" data-image-caption=\"\" data-medium-file=\"https:\/\/i0.wp.com\/agrund.com\/wp-content\/uploads\/sites\/6\/2019\/09\/agrund-Taylor-Hill-Ralph-Lauren-Fall-6.jpg?fit=240%2C300&amp;ssl=1\" data-large-file=\"https:\/\/i0.wp.com\/agrund.com\/wp-content\/uploads\/sites\/6\/2019\/09\/agrund-Taylor-Hill-Ralph-Lauren-Fall-6.jpg?fit=600%2C749&amp;ssl=1\" decoding=\"async\" loading=\"lazy\" width=\"600\" height=\"749\" src=\"https:\/\/i0.wp.com\/www.agrund.com\/wp-content\/uploads\/sites\/6\/2019\/09\/agrund-Taylor-Hill-Ralph-Lauren-Fall-6.jpg?resize=600%2C749&#038;ssl=1\" alt=\"\" class=\"wp-image-202463\" srcset=\"https:\/\/i0.wp.com\/agrund.com\/wp-content\/uploads\/sites\/6\/2019\/09\/agrund-Taylor-Hill-Ralph-Lauren-Fall-6.jpg?w=600&amp;ssl=1 600w, https:\/\/i0.wp.com\/agrund.com\/wp-content\/uploads\/sites\/6\/2019\/09\/agrund-Taylor-Hill-Ralph-Lauren-Fall-6.jpg?resize=240%2C300&amp;ssl=1 240w\" sizes=\"(max-width: 600px) 100vw, 600px\" data-recalc-dims=\"1\" \/><figcaption>Ralph Lauren divulga campanha com Taylor Hill <\/figcaption><\/figure><\/div>\n\n\n\n<div class=\"wp-block-image\"><figure class=\"aligncenter\"><img data-attachment-id=\"202465\" data-permalink=\"https:\/\/agrund.com\/index.php\/ralph-lauren-divulga-campanha-com-taylor-hill\/agrund-taylor-hill-ralph-lauren-fall-9\/\" data-orig-file=\"https:\/\/i0.wp.com\/agrund.com\/wp-content\/uploads\/sites\/6\/2019\/09\/agrund-Taylor-Hill-Ralph-Lauren-Fall-9.jpg?fit=600%2C749&amp;ssl=1\" data-orig-size=\"600,749\" data-comments-opened=\"1\" data-image-meta=\"{&quot;aperture&quot;:&quot;0&quot;,&quot;credit&quot;:&quot;&quot;,&quot;camera&quot;:&quot;&quot;,&quot;caption&quot;:&quot;&quot;,&quot;created_timestamp&quot;:&quot;0&quot;,&quot;copyright&quot;:&quot;&quot;,&quot;focal_length&quot;:&quot;0&quot;,&quot;iso&quot;:&quot;0&quot;,&quot;shutter_speed&quot;:&quot;0&quot;,&quot;title&quot;:&quot;&quot;,&quot;orientation&quot;:&quot;1&quot;}\" data-image-title=\"agrund-Taylor-Hill-Ralph-Lauren-Fall-9\" data-image-description=\"\" data-image-caption=\"\" data-medium-file=\"https:\/\/i0.wp.com\/agrund.com\/wp-content\/uploads\/sites\/6\/2019\/09\/agrund-Taylor-Hill-Ralph-Lauren-Fall-9.jpg?fit=240%2C300&amp;ssl=1\" data-large-file=\"https:\/\/i0.wp.com\/agrund.com\/wp-content\/uploads\/sites\/6\/2019\/09\/agrund-Taylor-Hill-Ralph-Lauren-Fall-9.jpg?fit=600%2C749&amp;ssl=1\" decoding=\"async\" loading=\"lazy\" width=\"600\" height=\"749\" src=\"https:\/\/i0.wp.com\/www.agrund.com\/wp-content\/uploads\/sites\/6\/2019\/09\/agrund-Taylor-Hill-Ralph-Lauren-Fall-9.jpg?resize=600%2C749&#038;ssl=1\" alt=\"\" class=\"wp-image-202465\" srcset=\"https:\/\/i0.wp.com\/agrund.com\/wp-content\/uploads\/sites\/6\/2019\/09\/agrund-Taylor-Hill-Ralph-Lauren-Fall-9.jpg?w=600&amp;ssl=1 600w, https:\/\/i0.wp.com\/agrund.com\/wp-content\/uploads\/sites\/6\/2019\/09\/agrund-Taylor-Hill-Ralph-Lauren-Fall-9.jpg?resize=240%2C300&amp;ssl=1 240w\" sizes=\"(max-width: 600px) 100vw, 600px\" data-recalc-dims=\"1\" \/><figcaption>Ralph Lauren divulga campanha com Taylor Hill <\/figcaption><\/figure><\/div>\n\n\n\n<div class=\"wp-block-image\"><figure class=\"aligncenter\"><img data-attachment-id=\"202464\" data-permalink=\"https:\/\/agrund.com\/index.php\/ralph-lauren-divulga-campanha-com-taylor-hill\/agrund-taylor-hill-ralph-lauren-fall-7\/\" data-orig-file=\"https:\/\/i0.wp.com\/agrund.com\/wp-content\/uploads\/sites\/6\/2019\/09\/agrund-Taylor-Hill-Ralph-Lauren-Fall-7.jpg?fit=600%2C750&amp;ssl=1\" data-orig-size=\"600,750\" data-comments-opened=\"1\" data-image-meta=\"{&quot;aperture&quot;:&quot;0&quot;,&quot;credit&quot;:&quot;&quot;,&quot;camera&quot;:&quot;&quot;,&quot;caption&quot;:&quot;&quot;,&quot;created_timestamp&quot;:&quot;0&quot;,&quot;copyright&quot;:&quot;&quot;,&quot;focal_length&quot;:&quot;0&quot;,&quot;iso&quot;:&quot;0&quot;,&quot;shutter_speed&quot;:&quot;0&quot;,&quot;title&quot;:&quot;&quot;,&quot;orientation&quot;:&quot;1&quot;}\" data-image-title=\"agrund-Taylor-Hill-Ralph-Lauren-Fall-7\" data-image-description=\"\" data-image-caption=\"\" data-medium-file=\"https:\/\/i0.wp.com\/agrund.com\/wp-content\/uploads\/sites\/6\/2019\/09\/agrund-Taylor-Hill-Ralph-Lauren-Fall-7.jpg?fit=240%2C300&amp;ssl=1\" data-large-file=\"https:\/\/i0.wp.com\/agrund.com\/wp-content\/uploads\/sites\/6\/2019\/09\/agrund-Taylor-Hill-Ralph-Lauren-Fall-7.jpg?fit=600%2C750&amp;ssl=1\" decoding=\"async\" loading=\"lazy\" width=\"600\" height=\"750\" src=\"https:\/\/i0.wp.com\/www.agrund.com\/wp-content\/uploads\/sites\/6\/2019\/09\/agrund-Taylor-Hill-Ralph-Lauren-Fall-7.jpg?resize=600%2C750&#038;ssl=1\" alt=\"\" class=\"wp-image-202464\" srcset=\"https:\/\/i0.wp.com\/agrund.com\/wp-content\/uploads\/sites\/6\/2019\/09\/agrund-Taylor-Hill-Ralph-Lauren-Fall-7.jpg?w=600&amp;ssl=1 600w, https:\/\/i0.wp.com\/agrund.com\/wp-content\/uploads\/sites\/6\/2019\/09\/agrund-Taylor-Hill-Ralph-Lauren-Fall-7.jpg?resize=240%2C300&amp;ssl=1 240w\" sizes=\"(max-width: 600px) 100vw, 600px\" data-recalc-dims=\"1\" \/><figcaption>Ralph Lauren divulga campanha com Taylor Hill <\/figcaption><\/figure><\/div>\n\n\n\n<p>Fotos: Reprodu\u00e7\u00e3o\/ Ralph Lauren. <\/p>\n","protected":false},"excerpt":{"rendered":"<p>Taylor Hill est\u00e1 de volta em mais uma campanha da Ralph Lauren. Desta vez, a embaixadora da grife nos apresenta a cole\u00e7\u00e3o outono\/inverno 2019 recheada de pe\u00e7as com a eleg\u00e2ncia da mulher Ralph Lauren.\u00a0 A modelo posou em um est\u00fadio de fundo cinza vestindo diversos modelos de ternos e blazers.\u00a0 Voc\u00ea est\u00e1 na lista de [&hellip;]<\/p>\n","protected":false},"author":8,"featured_media":202456,"comment_status":"open","ping_status":"open","sticky":false,"template":"","format":"standard","meta":{"jetpack_post_was_ever_published":false,"_jetpack_newsletter_access":"","jetpack_publicize_message":"","jetpack_is_tweetstorm":false,"jetpack_publicize_feature_enabled":true,"jetpack_social_post_already_shared":true,"jetpack_social_options":{"image_generator_settings":{"template":"highway","enabled":false}}},"categories":[2],"tags":[395,375,445,390,347,438,377,67,521,870],"jetpack_publicize_connections":[],"jetpack_featured_media_url":"https:\/\/i0.wp.com\/agrund.com\/wp-content\/uploads\/sites\/6\/2019\/09\/s-113.jpg?fit=960%2C300&ssl=1","jetpack_sharing_enabled":true,"jetpack_shortlink":"https:\/\/wp.me\/p3Hz0n-QFp","jetpack_likes_enabled":true,"_links":{"self":[{"href":"https:\/\/agrund.com\/index.php\/wp-json\/wp\/v2\/posts\/202455"}],"collection":[{"href":"https:\/\/agrund.com\/index.php\/wp-json\/wp\/v2\/posts"}],"about":[{"href":"https:\/\/agrund.com\/index.php\/wp-json\/wp\/v2\/types\/post"}],"author":[{"embeddable":true,"href":"https:\/\/agrund.com\/index.php\/wp-json\/wp\/v2\/users\/8"}],"replies":[{"embeddable":true,"href":"https:\/\/agrund.com\/index.php\/wp-json\/wp\/v2\/comments?post=202455"}],"version-history":[{"count":1,"href":"https:\/\/agrund.com\/index.php\/wp-json\/wp\/v2\/posts\/202455\/revisions"}],"predecessor-version":[{"id":202466,"href":"https:\/\/agrund.com\/index.php\/wp-json\/wp\/v2\/posts\/202455\/revisions\/202466"}],"wp:featuredmedia":[{"embeddable":true,"href":"https:\/\/agrund.com\/index.php\/wp-json\/wp\/v2\/media\/202456"}],"wp:attachment":[{"href":"https:\/\/agrund.com\/index.php\/wp-json\/wp\/v2\/media?parent=202455"}],"wp:term":[{"taxonomy":"category","embeddable":true,"href":"https:\/\/agrund.com\/index.php\/wp-json\/wp\/v2\/categories?post=202455"},{"taxonomy":"post_tag","embeddable":true,"href":"https:\/\/agrund.com\/index.php\/wp-json\/wp\/v2\/tags?post=202455"}],"curies":[{"name":"wp","href":"https:\/\/api.w.org\/{rel}","templated":true}]}}