{"id":202413,"date":"2019-09-19T18:00:08","date_gmt":"2019-09-19T21:00:08","guid":{"rendered":"http:\/\/www.agrund.com\/?p=202413"},"modified":"2019-09-19T12:57:09","modified_gmt":"2019-09-19T15:57:09","slug":"look-do-dia-alfaiataria-com-tenis-3","status":"publish","type":"post","link":"https:\/\/agrund.com\/index.php\/look-do-dia-alfaiataria-com-tenis-3\/","title":{"rendered":"Look do Dia :: Alfaiataria com t\u00eanis"},"content":{"rendered":"\n<p>Ontem foi dia de misturar blazer, alfaiataria e t\u00eanis. Na moda tudo pode desde que voc\u00ea se sinta seguro de sua decis\u00e3o. E claro n\u00e3o se incomodar com olhares de julgamento. Vamos nos permitir! Styling de Fabio Paiva e Murilo Mahler para o &#8216;Esquadr\u00e3o da Moda&#8217;. <\/p>\n\n\n\n<p>Blazer Calvin Klein<\/p>\n\n\n\n<p>Camisa Boss<\/p>\n\n\n\n<p>Cal\u00e7a Forum<\/p>\n\n\n\n<p>T\u00eanis Louboutin<\/p>\n\n\n\n<div class=\"wp-block-image\"><figure class=\"aligncenter\"><img data-attachment-id=\"202415\" data-permalink=\"https:\/\/agrund.com\/index.php\/look-do-dia-alfaiataria-com-tenis-3\/agrund-look-arlindo-grund-7-2\/\" data-orig-file=\"https:\/\/i0.wp.com\/agrund.com\/wp-content\/uploads\/sites\/6\/2019\/09\/agrund-look-arlindo-grund-7.jpg?fit=550%2C615&amp;ssl=1\" data-orig-size=\"550,615\" data-comments-opened=\"1\" data-image-meta=\"{&quot;aperture&quot;:&quot;0&quot;,&quot;credit&quot;:&quot;&quot;,&quot;camera&quot;:&quot;&quot;,&quot;caption&quot;:&quot;&quot;,&quot;created_timestamp&quot;:&quot;0&quot;,&quot;copyright&quot;:&quot;&quot;,&quot;focal_length&quot;:&quot;0&quot;,&quot;iso&quot;:&quot;0&quot;,&quot;shutter_speed&quot;:&quot;0&quot;,&quot;title&quot;:&quot;&quot;,&quot;orientation&quot;:&quot;1&quot;}\" data-image-title=\"agrund-look-arlindo-grund-7\" data-image-description=\"\" data-image-caption=\"\" data-medium-file=\"https:\/\/i0.wp.com\/agrund.com\/wp-content\/uploads\/sites\/6\/2019\/09\/agrund-look-arlindo-grund-7.jpg?fit=268%2C300&amp;ssl=1\" data-large-file=\"https:\/\/i0.wp.com\/agrund.com\/wp-content\/uploads\/sites\/6\/2019\/09\/agrund-look-arlindo-grund-7.jpg?fit=550%2C615&amp;ssl=1\" decoding=\"async\" loading=\"lazy\" width=\"550\" height=\"615\" src=\"https:\/\/i0.wp.com\/www.agrund.com\/wp-content\/uploads\/sites\/6\/2019\/09\/agrund-look-arlindo-grund-7.jpg?resize=550%2C615&#038;ssl=1\" alt=\"\" class=\"wp-image-202415\" srcset=\"https:\/\/i0.wp.com\/agrund.com\/wp-content\/uploads\/sites\/6\/2019\/09\/agrund-look-arlindo-grund-7.jpg?w=550&amp;ssl=1 550w, https:\/\/i0.wp.com\/agrund.com\/wp-content\/uploads\/sites\/6\/2019\/09\/agrund-look-arlindo-grund-7.jpg?resize=268%2C300&amp;ssl=1 268w\" sizes=\"(max-width: 550px) 100vw, 550px\" data-recalc-dims=\"1\" \/><figcaption>Look do Dia :: Alfaiataria com t\u00eanis<\/figcaption><\/figure><\/div>\n\n\n\n<p>Foto: Agrund.com <\/p>\n","protected":false},"excerpt":{"rendered":"<p>Ontem foi dia de misturar blazer, alfaiataria e t\u00eanis. Na moda tudo pode desde que voc\u00ea se sinta seguro de sua decis\u00e3o. E claro n\u00e3o se incomodar com olhares de julgamento. Vamos nos permitir! Styling de Fabio Paiva e Murilo Mahler para o &#8216;Esquadr\u00e3o da Moda&#8217;. Blazer Calvin Klein Camisa Boss Cal\u00e7a Forum T\u00eanis Louboutin [&hellip;]<\/p>\n","protected":false},"author":8,"featured_media":202414,"comment_status":"open","ping_status":"open","sticky":false,"template":"","format":"standard","meta":{"jetpack_post_was_ever_published":false,"_jetpack_newsletter_access":"","jetpack_publicize_message":"","jetpack_is_tweetstorm":false,"jetpack_publicize_feature_enabled":true,"jetpack_social_post_already_shared":true,"jetpack_social_options":{"image_generator_settings":{"template":"highway","enabled":false}}},"categories":[346,7,6,2],"tags":[395,375,347,72,379,524,382,67,148],"jetpack_publicize_connections":[],"jetpack_featured_media_url":"https:\/\/i0.wp.com\/agrund.com\/wp-content\/uploads\/sites\/6\/2019\/09\/s-107.jpg?fit=960%2C300&ssl=1","jetpack_sharing_enabled":true,"jetpack_shortlink":"https:\/\/wp.me\/p3Hz0n-QEJ","jetpack_likes_enabled":true,"_links":{"self":[{"href":"https:\/\/agrund.com\/index.php\/wp-json\/wp\/v2\/posts\/202413"}],"collection":[{"href":"https:\/\/agrund.com\/index.php\/wp-json\/wp\/v2\/posts"}],"about":[{"href":"https:\/\/agrund.com\/index.php\/wp-json\/wp\/v2\/types\/post"}],"author":[{"embeddable":true,"href":"https:\/\/agrund.com\/index.php\/wp-json\/wp\/v2\/users\/8"}],"replies":[{"embeddable":true,"href":"https:\/\/agrund.com\/index.php\/wp-json\/wp\/v2\/comments?post=202413"}],"version-history":[{"count":1,"href":"https:\/\/agrund.com\/index.php\/wp-json\/wp\/v2\/posts\/202413\/revisions"}],"predecessor-version":[{"id":202416,"href":"https:\/\/agrund.com\/index.php\/wp-json\/wp\/v2\/posts\/202413\/revisions\/202416"}],"wp:featuredmedia":[{"embeddable":true,"href":"https:\/\/agrund.com\/index.php\/wp-json\/wp\/v2\/media\/202414"}],"wp:attachment":[{"href":"https:\/\/agrund.com\/index.php\/wp-json\/wp\/v2\/media?parent=202413"}],"wp:term":[{"taxonomy":"category","embeddable":true,"href":"https:\/\/agrund.com\/index.php\/wp-json\/wp\/v2\/categories?post=202413"},{"taxonomy":"post_tag","embeddable":true,"href":"https:\/\/agrund.com\/index.php\/wp-json\/wp\/v2\/tags?post=202413"}],"curies":[{"name":"wp","href":"https:\/\/api.w.org\/{rel}","templated":true}]}}