{"id":20238,"date":"2011-12-08T10:07:04","date_gmt":"2011-12-08T12:07:04","guid":{"rendered":"http:\/\/www.agrund.com\/blogs\/notas\/?p=20238"},"modified":"2011-12-08T10:07:04","modified_gmt":"2011-12-08T12:07:04","slug":"verao-na-escola-sao-paulo","status":"publish","type":"post","link":"https:\/\/agrund.com\/index.php\/verao-na-escola-sao-paulo\/","title":{"rendered":"Ver\u00e3o na Escola S\u00e3o Paulo"},"content":{"rendered":"<p>Est\u00e3o abertas as inscri\u00e7\u00f5es para o curso HIST\u00d3RIA DA MODA, com Denise Pollini, que acontece de 16 a 20 de janeiro. Uma vis\u00e3o abrangente do mundo da moda ao longo da hist\u00f3ria\u00a0 desde a Idade M\u00e9dia at\u00e9 os dias de hoje.<\/p>\n<p>A professora e pesquisadora de Hist\u00f3ria da Moda, Denise Pollini, autora do livro \u201cBreve Hist\u00f3ria da Moda\u201d aborda neste curso as intera\u00e7\u00f5es entre moda-sociedade-cultura, a partir dos principais temas da Hist\u00f3ria da Moda.<\/p>\n<p style=\"text-align: center\">\u00a0<img decoding=\"async\" loading=\"lazy\" class=\"aligncenter size-full wp-image-20239\" src=\"\/wp-content\/uploads\/2011\/12\/ESP.png\" alt=\"\" width=\"300\" height=\"300\" \/><\/p>\n<p>SERVI\u00c7O<\/p>\n<p>Data: 16 a 20 de janeiro (2\u00aa a 6\u00aa)<\/p>\n<p>Hor\u00e1rio: 19h \u00e0s 22h<\/p>\n<p>5 aulas | 15 horas<\/p>\n<p>Pre\u00e7o: R$ 720,00 em at\u00e9 3 parcelas de R$ 240,00<\/p>\n<p>Local: <a href=\"http:\/\/www.escolasaopaulo.org\">Escola S\u00e3o Paulo<\/a><\/p>\n<p>Rua Augusta, 2239<\/p>\n<p>Informa\u00e7\u00f5es e Reservas: (11) 3060.3636\u00a0<\/p>\n<p>Plano de Aulas:<\/p>\n<p>Aula1 &#8211; 16\/01<\/p>\n<p>O conceito de Indument\u00e1ria-Moda.<\/p>\n<p>O nascimento da Moda no final da Idade M\u00e9dia e o Renascimento.<\/p>\n<p>A din\u00e2mica da moda no mundo das cortes de Lu\u00eds XIV e Lu\u00eds XVI: o Barroco.<\/p>\n<p>Rococ\u00f3 e a Moda.<\/p>\n<p>Aula 2 &#8211; 17\/01<\/p>\n<p>As rela\u00e7\u00f5es entre Moda e Democracia: a Revolu\u00e7\u00e3o Francesa e a Moda.<\/p>\n<p>A Revolu\u00e7\u00e3o Industrial e o desenvolvimento da Moda como sistema no S\u00e9culo XIX.<\/p>\n<p>Aula 3 &#8211; 18\/01<\/p>\n<p>A moda no s\u00e9culo XX e suas rela\u00e7\u00f5es com as Artes: Paul Poiret, Elsa Schiaparelli<\/p>\n<p>e a Moda no Brasil nos anos 1960 nos desfiles da Rhodia.<\/p>\n<p>A nova mulher do s\u00e9culo XX: Gabrielle Chanel.<\/p>\n<p>Aula 4 &#8211; 19\/01<\/p>\n<p>A busca por exuber\u00e2ncia no p\u00f3s 2\u00aa Guerra: Christian Dior.<\/p>\n<p>A Moda e a constru\u00e7\u00e3o da roupa: Crist\u00f3bal Balenciaga.<\/p>\n<p>A Moda e as revolu\u00e7\u00f5es sociais dos anos 1960.<\/p>\n<p>Aula 5 &#8211; 20\/01<\/p>\n<p>A moda nos anos 1980: o neobarroco na Moda.<\/p>\n<p>Os estilistas japoneses em Paris: Issey Miyake, Yohji Yamamoto Rei Kawakubo.<\/p>\n<p>Anos 1990, o \u201cSupermercado de Estilos\u201d e a Moda globalizada.<\/p>\n<p>Denise Pollini<\/p>\n<p>Coordenadora do Setor Educativo do Museu de Arte Brasileira da FAAP, pesquisadora e professora.<\/p>\n<p>Graduada pela Funda\u00e7\u00e3o Armando \u00c1lvares Penteado (FAAP), Mestre em Artes pelo Universidade de S\u00e3o Paulo (USP).<\/p>\n<p>Pesquisadora de Hist\u00f3ria da Moda publicou em 2007 o livro: \u201cBreve Hist\u00f3ria da Moda\u201d.<\/p>\n<p>\u00c9 professora da disciplina: \u201cHist\u00f3ria da Moda\u201d, na Panamericana \u2013 Escola de Arte e Design, e da disciplina:<\/p>\n<p>\u201cEst\u00e9tica e Estilismo de um Candidato no curso de P\u00f3s-Gradua\u00e7\u00e3o Lato-Sensu em Marketing Pol\u00edtico\u201d, na USP.<\/p>\n","protected":false},"excerpt":{"rendered":"<p>Est\u00e3o abertas as inscri\u00e7\u00f5es para o curso HIST\u00d3RIA DA MODA, com Denise Pollini, que acontece de 16 a 20 de janeiro. Uma vis\u00e3o abrangente do mundo da moda ao longo da hist\u00f3ria\u00a0 desde a Idade M\u00e9dia at\u00e9 os dias de hoje. A professora e pesquisadora de Hist\u00f3ria da Moda, Denise Pollini, autora do livro \u201cBreve [&hellip;]<\/p>\n","protected":false},"author":8,"featured_media":20239,"comment_status":"open","ping_status":"open","sticky":false,"template":"","format":"standard","meta":{"jetpack_post_was_ever_published":false,"_jetpack_newsletter_access":"","jetpack_publicize_message":"","jetpack_is_tweetstorm":false,"jetpack_publicize_feature_enabled":true,"jetpack_social_post_already_shared":false,"jetpack_social_options":{"image_generator_settings":{"template":"highway","enabled":false}}},"categories":[2],"tags":[],"jetpack_publicize_connections":[],"jetpack_featured_media_url":"","jetpack_sharing_enabled":true,"jetpack_shortlink":"https:\/\/wp.me\/p3Hz0n-5gq","jetpack_likes_enabled":true,"_links":{"self":[{"href":"https:\/\/agrund.com\/index.php\/wp-json\/wp\/v2\/posts\/20238"}],"collection":[{"href":"https:\/\/agrund.com\/index.php\/wp-json\/wp\/v2\/posts"}],"about":[{"href":"https:\/\/agrund.com\/index.php\/wp-json\/wp\/v2\/types\/post"}],"author":[{"embeddable":true,"href":"https:\/\/agrund.com\/index.php\/wp-json\/wp\/v2\/users\/8"}],"replies":[{"embeddable":true,"href":"https:\/\/agrund.com\/index.php\/wp-json\/wp\/v2\/comments?post=20238"}],"version-history":[{"count":0,"href":"https:\/\/agrund.com\/index.php\/wp-json\/wp\/v2\/posts\/20238\/revisions"}],"wp:featuredmedia":[{"embeddable":true,"href":"https:\/\/agrund.com\/index.php\/wp-json\/"}],"wp:attachment":[{"href":"https:\/\/agrund.com\/index.php\/wp-json\/wp\/v2\/media?parent=20238"}],"wp:term":[{"taxonomy":"category","embeddable":true,"href":"https:\/\/agrund.com\/index.php\/wp-json\/wp\/v2\/categories?post=20238"},{"taxonomy":"post_tag","embeddable":true,"href":"https:\/\/agrund.com\/index.php\/wp-json\/wp\/v2\/tags?post=20238"}],"curies":[{"name":"wp","href":"https:\/\/api.w.org\/{rel}","templated":true}]}}