{"id":202131,"date":"2019-09-13T18:00:27","date_gmt":"2019-09-13T21:00:27","guid":{"rendered":"http:\/\/www.agrund.com\/?p=202131"},"modified":"2019-09-13T18:07:45","modified_gmt":"2019-09-13T21:07:45","slug":"highlights-da-new-york-fashion-week-2","status":"publish","type":"post","link":"https:\/\/agrund.com\/index.php\/highlights-da-new-york-fashion-week-2\/","title":{"rendered":"Highlights da New York Fashion Week"},"content":{"rendered":"\n<p>Por Lel\u00ea Santhana<\/p>\n\n\n\n<p>Na \u00faltima semana, se deu in\u00edcio a mais uma temporada de moda. O ver\u00e3o 2020 chega com a promessa de uma poss\u00edvel reestrutura\u00e7\u00e3o na ind\u00fastria. Depois de momentos conturbados e de transforma\u00e7\u00f5es, as marcas v\u00eam tentando se alinhar ao novo momento mundial, estando mais conectadas, tecnol\u00f3gicas e conscientes. Ademais, com a fal\u00eancia do modelo tradicional de desfiles, algumas labels felizmente arriscam, preparando verdadeiros shows, no intuito de aliar moda ao entretenimento. Quem deu o start, como manda o costume, foi Nova York. Nessa edi\u00e7\u00e3o, em um formato reduzido, a fashion week aconteceu entre os dias 06 e 14 de setembro. Confira os highlights:<\/p>\n\n\n\n<div class=\"wp-block-image\"><figure class=\"aligncenter\"><img data-attachment-id=\"202132\" data-permalink=\"https:\/\/agrund.com\/index.php\/highlights-da-new-york-fashion-week-2\/img_5626\/\" data-orig-file=\"https:\/\/i0.wp.com\/agrund.com\/wp-content\/uploads\/sites\/6\/2019\/09\/IMG_5626.jpg?fit=600%2C800&amp;ssl=1\" data-orig-size=\"600,800\" data-comments-opened=\"1\" data-image-meta=\"{&quot;aperture&quot;:&quot;0&quot;,&quot;credit&quot;:&quot;&quot;,&quot;camera&quot;:&quot;&quot;,&quot;caption&quot;:&quot;&quot;,&quot;created_timestamp&quot;:&quot;0&quot;,&quot;copyright&quot;:&quot;&quot;,&quot;focal_length&quot;:&quot;0&quot;,&quot;iso&quot;:&quot;0&quot;,&quot;shutter_speed&quot;:&quot;0&quot;,&quot;title&quot;:&quot;&quot;,&quot;orientation&quot;:&quot;1&quot;}\" data-image-title=\"IMG_5626\" data-image-description=\"\" data-image-caption=\"\" data-medium-file=\"https:\/\/i0.wp.com\/agrund.com\/wp-content\/uploads\/sites\/6\/2019\/09\/IMG_5626.jpg?fit=225%2C300&amp;ssl=1\" data-large-file=\"https:\/\/i0.wp.com\/agrund.com\/wp-content\/uploads\/sites\/6\/2019\/09\/IMG_5626.jpg?fit=600%2C800&amp;ssl=1\" decoding=\"async\" loading=\"lazy\" width=\"600\" height=\"800\" src=\"https:\/\/i0.wp.com\/www.agrund.com\/wp-content\/uploads\/sites\/6\/2019\/09\/IMG_5626.jpg?resize=600%2C800&#038;ssl=1\" alt=\"\" class=\"wp-image-202132\" srcset=\"https:\/\/i0.wp.com\/agrund.com\/wp-content\/uploads\/sites\/6\/2019\/09\/IMG_5626.jpg?w=600&amp;ssl=1 600w, https:\/\/i0.wp.com\/agrund.com\/wp-content\/uploads\/sites\/6\/2019\/09\/IMG_5626.jpg?resize=225%2C300&amp;ssl=1 225w\" sizes=\"(max-width: 600px) 100vw, 600px\" data-recalc-dims=\"1\" \/><figcaption>Highlights da New York Fashion Week <\/figcaption><\/figure><\/div>\n\n\n\n<p>Depois de algumas edi\u00e7\u00f5es sem arriscar e apresentando apenas cole\u00e7\u00f5es que revisitavam os seus grandes cl\u00e1ssicos para n\u00e3o ter erro, a Ralph Lauren decidiu se aventurar um pouco. Inserindo o smoking masculino no guarda-roupa feminino, em suas mais diversificadas varia\u00e7\u00f5es, a marca resgatou o glamour da noite dos anos 20, mostrando que a eleg\u00e2ncia segue respirando. Na passarela, dominaram looks majoritariamente pretos, mas h\u00e1 tamb\u00e9m espa\u00e7o para as cores prim\u00e1rias em alguns momentos. Com uma apresenta\u00e7\u00e3o ao vivo da cantora norte-americana Janelle Mon\u00e1e, o designer explica: \u201cn\u00e3o existem mais lugares para vestir roupa. Ent\u00e3o, estou criando um lugar para vestir moda. A vida \u00e9 a verdadeira pista\u201d, afirmou em entrevista ao WWD.<\/p>\n\n\n\n<div class=\"wp-block-image\"><figure class=\"aligncenter\"><img data-attachment-id=\"202133\" data-permalink=\"https:\/\/agrund.com\/index.php\/highlights-da-new-york-fashion-week-2\/img_5627\/\" data-orig-file=\"https:\/\/i0.wp.com\/agrund.com\/wp-content\/uploads\/sites\/6\/2019\/09\/IMG_5627.jpg?fit=600%2C800&amp;ssl=1\" data-orig-size=\"600,800\" data-comments-opened=\"1\" data-image-meta=\"{&quot;aperture&quot;:&quot;0&quot;,&quot;credit&quot;:&quot;lelesantana2011&quot;,&quot;camera&quot;:&quot;&quot;,&quot;caption&quot;:&quot;&quot;,&quot;created_timestamp&quot;:&quot;0&quot;,&quot;copyright&quot;:&quot;&quot;,&quot;focal_length&quot;:&quot;0&quot;,&quot;iso&quot;:&quot;0&quot;,&quot;shutter_speed&quot;:&quot;0&quot;,&quot;title&quot;:&quot;&quot;,&quot;orientation&quot;:&quot;1&quot;}\" data-image-title=\"IMG_5627\" data-image-description=\"\" data-image-caption=\"\" data-medium-file=\"https:\/\/i0.wp.com\/agrund.com\/wp-content\/uploads\/sites\/6\/2019\/09\/IMG_5627.jpg?fit=225%2C300&amp;ssl=1\" data-large-file=\"https:\/\/i0.wp.com\/agrund.com\/wp-content\/uploads\/sites\/6\/2019\/09\/IMG_5627.jpg?fit=600%2C800&amp;ssl=1\" decoding=\"async\" loading=\"lazy\" width=\"600\" height=\"800\" src=\"https:\/\/i0.wp.com\/www.agrund.com\/wp-content\/uploads\/sites\/6\/2019\/09\/IMG_5627.jpg?resize=600%2C800&#038;ssl=1\" alt=\"\" class=\"wp-image-202133\" srcset=\"https:\/\/i0.wp.com\/agrund.com\/wp-content\/uploads\/sites\/6\/2019\/09\/IMG_5627.jpg?w=600&amp;ssl=1 600w, https:\/\/i0.wp.com\/agrund.com\/wp-content\/uploads\/sites\/6\/2019\/09\/IMG_5627.jpg?resize=225%2C300&amp;ssl=1 225w\" sizes=\"(max-width: 600px) 100vw, 600px\" data-recalc-dims=\"1\" \/><figcaption>Highlights da New York Fashion Week <\/figcaption><\/figure><\/div>\n\n\n\n<p>Tomar as r\u00e9deas de uma casa de moda j\u00e1 estabelecida \u00e9 no m\u00ednimo intimidador, mas a cada cole\u00e7\u00e3o Wes Gordon se mostra mais competente. O atual diretor criativo da Carolina Herrera vem sabendo, como ningu\u00e9m, manter o DNA da marca, identidade essa que j\u00e1 \u00e9 t\u00e3o enraizada no nosso imagin\u00e1rio. Por\u00e9m, inserindo uma dose fresca e contempor\u00e2nea que a marca tanto precisava. Nessa cole\u00e7\u00e3o, Gordon explora como a mulher CH \u00e9 descaradamente feminina, por\u00e9m sem cair em cl\u00e1ssicos \u00f3bvios e muito menos caretas. A alfaiataria aparece renovada, as mangas ganham um volume extra e a estamparia \u00e9 dominada pelo tie-dye. Cada uma dessas tend\u00eancias \u00e9 estrategicamente pensada para criar uma cole\u00e7\u00e3o com pe\u00e7as desejo e que sejam potentes, comercialmente falando. \u00a0<\/p>\n\n\n\n<div class=\"wp-block-image\"><figure class=\"aligncenter\"><img data-attachment-id=\"202134\" data-permalink=\"https:\/\/agrund.com\/index.php\/highlights-da-new-york-fashion-week-2\/img_5628\/\" data-orig-file=\"https:\/\/i0.wp.com\/agrund.com\/wp-content\/uploads\/sites\/6\/2019\/09\/IMG_5628.jpg?fit=600%2C800&amp;ssl=1\" data-orig-size=\"600,800\" data-comments-opened=\"1\" data-image-meta=\"{&quot;aperture&quot;:&quot;0&quot;,&quot;credit&quot;:&quot;lelesantana2011&quot;,&quot;camera&quot;:&quot;&quot;,&quot;caption&quot;:&quot;&quot;,&quot;created_timestamp&quot;:&quot;0&quot;,&quot;copyright&quot;:&quot;&quot;,&quot;focal_length&quot;:&quot;0&quot;,&quot;iso&quot;:&quot;0&quot;,&quot;shutter_speed&quot;:&quot;0&quot;,&quot;title&quot;:&quot;&quot;,&quot;orientation&quot;:&quot;1&quot;}\" data-image-title=\"IMG_5628\" data-image-description=\"\" data-image-caption=\"\" data-medium-file=\"https:\/\/i0.wp.com\/agrund.com\/wp-content\/uploads\/sites\/6\/2019\/09\/IMG_5628.jpg?fit=225%2C300&amp;ssl=1\" data-large-file=\"https:\/\/i0.wp.com\/agrund.com\/wp-content\/uploads\/sites\/6\/2019\/09\/IMG_5628.jpg?fit=600%2C800&amp;ssl=1\" decoding=\"async\" loading=\"lazy\" width=\"600\" height=\"800\" src=\"https:\/\/i0.wp.com\/www.agrund.com\/wp-content\/uploads\/sites\/6\/2019\/09\/IMG_5628.jpg?resize=600%2C800&#038;ssl=1\" alt=\"\" class=\"wp-image-202134\" srcset=\"https:\/\/i0.wp.com\/agrund.com\/wp-content\/uploads\/sites\/6\/2019\/09\/IMG_5628.jpg?w=600&amp;ssl=1 600w, https:\/\/i0.wp.com\/agrund.com\/wp-content\/uploads\/sites\/6\/2019\/09\/IMG_5628.jpg?resize=225%2C300&amp;ssl=1 225w\" sizes=\"(max-width: 600px) 100vw, 600px\" data-recalc-dims=\"1\" \/><figcaption>Highlights da New York Fashion Week <\/figcaption><\/figure><\/div>\n\n\n\n<p>A Tommy Hilfiger, por sua vez, apresentou um dos desfiles com maior diversidade na hist\u00f3ria da moda. Em sua segunda colabora\u00e7\u00e3o com a atriz Zendaya, a marca se inspirou na cena musical essencialmente negra que aconteceu durante a d\u00e9cada de 70, nos Estados Unidos. O casting transbordava representatividade, incluindo a gravid\u00edssima Ashley Graham e a modelo de 67 anos JoAni Johnson. Em um verdadeiro show de m\u00fasica e tecnologia, cada detalhe da experi\u00eancia foi pensado para render bons posts no Instagram, apostando no formato de vendas See-Now, Buy-Now.<\/p>\n\n\n\n<p>A passos lentos, a ind\u00fastria da moda come\u00e7a a entender o que precisa ser feito para se manter em alta. A temporada segue nos pr\u00f3ximos dias por Londres, Mil\u00e3o e Paris.<\/p>\n\n\n\n<p>Instagram: <a href=\"https:\/\/www.instagram.com\/lelesanthana\/\">@lelesanthana<\/a><\/p>\n\n\n\n<p>Fotos: Reprodu\u00e7\u00e3o\/ <\/p>\n","protected":false},"excerpt":{"rendered":"<p>Por Lel\u00ea Santhana Na \u00faltima semana, se deu in\u00edcio a mais uma temporada de moda. O ver\u00e3o 2020 chega com a promessa de uma poss\u00edvel reestrutura\u00e7\u00e3o na ind\u00fastria. Depois de momentos conturbados e de transforma\u00e7\u00f5es, as marcas v\u00eam tentando se alinhar ao novo momento mundial, estando mais conectadas, tecnol\u00f3gicas e conscientes. Ademais, com a fal\u00eancia [&hellip;]<\/p>\n","protected":false},"author":8,"featured_media":202135,"comment_status":"open","ping_status":"open","sticky":false,"template":"","format":"standard","meta":{"jetpack_post_was_ever_published":false,"_jetpack_newsletter_access":"","jetpack_publicize_message":"","jetpack_is_tweetstorm":false,"jetpack_publicize_feature_enabled":true,"jetpack_social_post_already_shared":true,"jetpack_social_options":{"image_generator_settings":{"template":"highway","enabled":false}}},"categories":[2],"tags":[],"jetpack_publicize_connections":[],"jetpack_featured_media_url":"https:\/\/i0.wp.com\/agrund.com\/wp-content\/uploads\/sites\/6\/2019\/09\/s-76.jpg?fit=960%2C300&ssl=1","jetpack_sharing_enabled":true,"jetpack_shortlink":"https:\/\/wp.me\/p3Hz0n-QAb","jetpack_likes_enabled":true,"_links":{"self":[{"href":"https:\/\/agrund.com\/index.php\/wp-json\/wp\/v2\/posts\/202131"}],"collection":[{"href":"https:\/\/agrund.com\/index.php\/wp-json\/wp\/v2\/posts"}],"about":[{"href":"https:\/\/agrund.com\/index.php\/wp-json\/wp\/v2\/types\/post"}],"author":[{"embeddable":true,"href":"https:\/\/agrund.com\/index.php\/wp-json\/wp\/v2\/users\/8"}],"replies":[{"embeddable":true,"href":"https:\/\/agrund.com\/index.php\/wp-json\/wp\/v2\/comments?post=202131"}],"version-history":[{"count":1,"href":"https:\/\/agrund.com\/index.php\/wp-json\/wp\/v2\/posts\/202131\/revisions"}],"predecessor-version":[{"id":202136,"href":"https:\/\/agrund.com\/index.php\/wp-json\/wp\/v2\/posts\/202131\/revisions\/202136"}],"wp:featuredmedia":[{"embeddable":true,"href":"https:\/\/agrund.com\/index.php\/wp-json\/wp\/v2\/media\/202135"}],"wp:attachment":[{"href":"https:\/\/agrund.com\/index.php\/wp-json\/wp\/v2\/media?parent=202131"}],"wp:term":[{"taxonomy":"category","embeddable":true,"href":"https:\/\/agrund.com\/index.php\/wp-json\/wp\/v2\/categories?post=202131"},{"taxonomy":"post_tag","embeddable":true,"href":"https:\/\/agrund.com\/index.php\/wp-json\/wp\/v2\/tags?post=202131"}],"curies":[{"name":"wp","href":"https:\/\/api.w.org\/{rel}","templated":true}]}}