{"id":201645,"date":"2019-09-04T16:00:13","date_gmt":"2019-09-04T19:00:13","guid":{"rendered":"http:\/\/www.agrund.com\/?p=201645"},"modified":"2019-09-04T16:57:44","modified_gmt":"2019-09-04T19:57:44","slug":"comme-des-garcons-lanca-parceria-com-a-gucci","status":"publish","type":"post","link":"https:\/\/agrund.com\/index.php\/comme-des-garcons-lanca-parceria-com-a-gucci\/","title":{"rendered":"Comme des Gar\u00e7ons lan\u00e7a parceria com a Gucci"},"content":{"rendered":"\n<p>Depois do sucesso da parceria no ano passado, a Comme des Gar\u00e7ons e a Gucci decidiram repetir a collab.\u00a0<\/p>\n\n\n\n<p>A nova bolsa \u00e9 um modelo tote feita em PVC com um estampa floral em tons de nude e preto. Al\u00e9m disso, ela ganhou a ic\u00f4nica faixa verde e vermelha da Gucci aplicada na vertical e o logo da Comme des Gar\u00e7ons em prata.<\/p>\n\n\n\n<p>Gostou? O acess\u00f3rio chega \u00e0 loja\u00a0Dover Street Market Ginza\u00a0no dia 7 de setembro por US$$595. \u00a0<\/p>\n\n\n\n<div class=\"wp-block-image\"><figure class=\"aligncenter\"><img data-attachment-id=\"201646\" data-permalink=\"https:\/\/agrund.com\/index.php\/comme-des-garcons-lanca-parceria-com-a-gucci\/agrund-gucci-comme-des-garcons\/\" data-orig-file=\"https:\/\/i0.wp.com\/agrund.com\/wp-content\/uploads\/sites\/6\/2019\/09\/agrund-gucci-comme-des-garcons.jpg?fit=600%2C400&amp;ssl=1\" data-orig-size=\"600,400\" data-comments-opened=\"1\" data-image-meta=\"{&quot;aperture&quot;:&quot;0&quot;,&quot;credit&quot;:&quot;&quot;,&quot;camera&quot;:&quot;&quot;,&quot;caption&quot;:&quot;&quot;,&quot;created_timestamp&quot;:&quot;0&quot;,&quot;copyright&quot;:&quot;&quot;,&quot;focal_length&quot;:&quot;0&quot;,&quot;iso&quot;:&quot;0&quot;,&quot;shutter_speed&quot;:&quot;0&quot;,&quot;title&quot;:&quot;&quot;,&quot;orientation&quot;:&quot;1&quot;}\" data-image-title=\"agrund-gucci-comme-des-garcons\" data-image-description=\"\" data-image-caption=\"\" data-medium-file=\"https:\/\/i0.wp.com\/agrund.com\/wp-content\/uploads\/sites\/6\/2019\/09\/agrund-gucci-comme-des-garcons.jpg?fit=300%2C200&amp;ssl=1\" data-large-file=\"https:\/\/i0.wp.com\/agrund.com\/wp-content\/uploads\/sites\/6\/2019\/09\/agrund-gucci-comme-des-garcons.jpg?fit=600%2C400&amp;ssl=1\" decoding=\"async\" loading=\"lazy\" width=\"600\" height=\"400\" src=\"https:\/\/i0.wp.com\/www.agrund.com\/wp-content\/uploads\/sites\/6\/2019\/09\/agrund-gucci-comme-des-garcons.jpg?resize=600%2C400&#038;ssl=1\" alt=\"\" class=\"wp-image-201646\" srcset=\"https:\/\/i0.wp.com\/agrund.com\/wp-content\/uploads\/sites\/6\/2019\/09\/agrund-gucci-comme-des-garcons.jpg?w=600&amp;ssl=1 600w, https:\/\/i0.wp.com\/agrund.com\/wp-content\/uploads\/sites\/6\/2019\/09\/agrund-gucci-comme-des-garcons.jpg?resize=300%2C200&amp;ssl=1 300w\" sizes=\"(max-width: 600px) 100vw, 600px\" data-recalc-dims=\"1\" \/><figcaption>Comme des Gar\u00e7ons lan\u00e7a parceria com a Gucci <\/figcaption><\/figure><\/div>\n\n\n\n<p>Foto: Reprodu\u00e7\u00e3o\/ Pinterest. <\/p>\n","protected":false},"excerpt":{"rendered":"<p>Depois do sucesso da parceria no ano passado, a Comme des Gar\u00e7ons e a Gucci decidiram repetir a collab.\u00a0 A nova bolsa \u00e9 um modelo tote feita em PVC com um estampa floral em tons de nude e preto. Al\u00e9m disso, ela ganhou a ic\u00f4nica faixa verde e vermelha da Gucci aplicada na vertical e [&hellip;]<\/p>\n","protected":false},"author":8,"featured_media":201647,"comment_status":"open","ping_status":"open","sticky":false,"template":"","format":"standard","meta":{"jetpack_post_was_ever_published":false,"_jetpack_newsletter_access":"","jetpack_publicize_message":"","jetpack_is_tweetstorm":false,"jetpack_publicize_feature_enabled":true,"jetpack_social_post_already_shared":true,"jetpack_social_options":{"image_generator_settings":{"template":"highway","enabled":false}}},"categories":[2],"tags":[],"jetpack_publicize_connections":[],"jetpack_featured_media_url":"https:\/\/i0.wp.com\/agrund.com\/wp-content\/uploads\/sites\/6\/2019\/09\/s-19.jpg?fit=960%2C300&ssl=1","jetpack_sharing_enabled":true,"jetpack_shortlink":"https:\/\/wp.me\/p3Hz0n-Qsl","jetpack_likes_enabled":true,"_links":{"self":[{"href":"https:\/\/agrund.com\/index.php\/wp-json\/wp\/v2\/posts\/201645"}],"collection":[{"href":"https:\/\/agrund.com\/index.php\/wp-json\/wp\/v2\/posts"}],"about":[{"href":"https:\/\/agrund.com\/index.php\/wp-json\/wp\/v2\/types\/post"}],"author":[{"embeddable":true,"href":"https:\/\/agrund.com\/index.php\/wp-json\/wp\/v2\/users\/8"}],"replies":[{"embeddable":true,"href":"https:\/\/agrund.com\/index.php\/wp-json\/wp\/v2\/comments?post=201645"}],"version-history":[{"count":1,"href":"https:\/\/agrund.com\/index.php\/wp-json\/wp\/v2\/posts\/201645\/revisions"}],"predecessor-version":[{"id":201648,"href":"https:\/\/agrund.com\/index.php\/wp-json\/wp\/v2\/posts\/201645\/revisions\/201648"}],"wp:featuredmedia":[{"embeddable":true,"href":"https:\/\/agrund.com\/index.php\/wp-json\/wp\/v2\/media\/201647"}],"wp:attachment":[{"href":"https:\/\/agrund.com\/index.php\/wp-json\/wp\/v2\/media?parent=201645"}],"wp:term":[{"taxonomy":"category","embeddable":true,"href":"https:\/\/agrund.com\/index.php\/wp-json\/wp\/v2\/categories?post=201645"},{"taxonomy":"post_tag","embeddable":true,"href":"https:\/\/agrund.com\/index.php\/wp-json\/wp\/v2\/tags?post=201645"}],"curies":[{"name":"wp","href":"https:\/\/api.w.org\/{rel}","templated":true}]}}