{"id":20163,"date":"2011-12-05T11:24:55","date_gmt":"2011-12-05T13:24:55","guid":{"rendered":"http:\/\/www.agrund.com\/blogs\/notas\/?p=20163"},"modified":"2011-12-05T11:24:55","modified_gmt":"2011-12-05T13:24:55","slug":"na-onda-das-franjas","status":"publish","type":"post","link":"https:\/\/agrund.com\/index.php\/na-onda-das-franjas\/","title":{"rendered":"Na onda das franjas"},"content":{"rendered":"<p>Nessa vibe anos vinte que a moda est\u00e1 vivendo que tal tirar as franjas das roupas e deixar numa boa j\u00f3ia? Pensando que al\u00e9m de objeto de desejo pode ser tamb\u00e9m tand\u00eancia, a joalheria Gaudia lan\u00e7a uma s\u00e9ria de brincos com franjas e pedras preciosas. D\u00e1 s\u00f3 uma olhadinha nesse trabalho. Incr\u00edvel! Mais informa\u00e7\u00f5es no <a href=\"http:\/\/www.gaudia.com.br\">site<\/a> da marca.<\/p>\n<p style=\"text-align: center\"><img decoding=\"async\" loading=\"lazy\" class=\"aligncenter size-full wp-image-20164\" src=\"\/wp-content\/uploads\/2011\/12\/blackfleches_menor_final.png\" alt=\"\" width=\"268\" height=\"268\" \/><\/p>\n<p style=\"text-align: center\"><img decoding=\"async\" loading=\"lazy\" class=\"aligncenter size-full wp-image-20165\" src=\"\/wp-content\/uploads\/2011\/12\/ciranda_menor_final.png\" alt=\"\" width=\"268\" height=\"268\" \/><\/p>\n<p style=\"text-align: center\"><img decoding=\"async\" loading=\"lazy\" class=\"aligncenter size-full wp-image-20166\" src=\"\/wp-content\/uploads\/2011\/12\/franja_amazonita_rodio_negro.png\" alt=\"\" width=\"268\" height=\"268\" \/><\/p>\n<p style=\"text-align: center\"><img decoding=\"async\" loading=\"lazy\" class=\"aligncenter size-full wp-image-20167\" src=\"\/wp-content\/uploads\/2011\/12\/franja_bola_negro_menor_final.png\" alt=\"\" width=\"268\" height=\"268\" \/><\/p>\n<p style=\"text-align: center\"><a href=\"\/wp-content\/uploads\/2011\/12\/franja_gota_amazonita_menor_final.png\"><img decoding=\"async\" loading=\"lazy\" class=\"aligncenter size-full wp-image-20168\" src=\"\/wp-content\/uploads\/2011\/12\/franja_gota_amazonita_menor_final.png\" alt=\"\" width=\"268\" height=\"268\" \/><\/a><\/p>\n<p style=\"text-align: center\"><img decoding=\"async\" loading=\"lazy\" class=\"aligncenter size-full wp-image-20169\" src=\"\/wp-content\/uploads\/2011\/12\/franja_gota_negro_misto.png\" alt=\"\" width=\"268\" height=\"268\" \/><\/p>\n<p style=\"text-align: center\"><img decoding=\"async\" loading=\"lazy\" class=\"aligncenter size-full wp-image-20170\" src=\"\/wp-content\/uploads\/2011\/12\/franja_gota_todanegra.png\" alt=\"\" width=\"268\" height=\"268\" \/><\/p>\n<p style=\"text-align: center\"><img decoding=\"async\" loading=\"lazy\" src=\"\/wp-content\/uploads\/2011\/12\/franja_setas_final_menor.png\" alt=\"\" width=\"268\" height=\"268\" \/><\/p>\n<p style=\"text-align: center\">Em tem op\u00e7\u00f5es de franjas para voc\u00ea montar seu brinco\u00a0tamb\u00e9m!<\/p>\n<p style=\"text-align: center\"><img decoding=\"async\" loading=\"lazy\" src=\"\/wp-content\/uploads\/2011\/12\/franja_mista_menor_final.png\" alt=\"\" width=\"268\" height=\"268\" \/><\/p>\n<p style=\"text-align: center\">\u00a0<\/p>\n<p style=\"text-align: center\"><img decoding=\"async\" loading=\"lazy\" class=\"aligncenter size-full wp-image-20172\" src=\"\/wp-content\/uploads\/2011\/12\/franja_negra_menor_final.png\" alt=\"\" width=\"268\" height=\"268\" \/><\/p>\n<p style=\"text-align: center\"><img decoding=\"async\" loading=\"lazy\" class=\"aligncenter size-full wp-image-20173\" src=\"\/wp-content\/uploads\/2011\/12\/franja_prata_menor_final.png\" alt=\"\" width=\"268\" height=\"268\" \/><\/p>\n<p style=\"text-align: center\">\u00a0<\/p>\n<p style=\"text-align: left\">Onde encontrar?<\/p>\n<p style=\"text-align: left\">Joalheria Maria Preta &#8211; Shopping da G\u00e1vea, 2o piso &#8211; Loja 252 B e no showroom multimarcas CONCEITO A &#8211; Rua Aristides Espinola, 121\/201, Leblon.<\/p>\n<p style=\"text-align: left\">Fotos: Divulga\u00e7\u00e3o.<\/p>\n","protected":false},"excerpt":{"rendered":"<p>Nessa vibe anos vinte que a moda est\u00e1 vivendo que tal tirar as franjas das roupas e deixar numa boa j\u00f3ia? Pensando que al\u00e9m de objeto de desejo pode ser tamb\u00e9m tand\u00eancia, a joalheria Gaudia lan\u00e7a uma s\u00e9ria de brincos com franjas e pedras preciosas. D\u00e1 s\u00f3 uma olhadinha nesse trabalho. Incr\u00edvel! Mais informa\u00e7\u00f5es no [&hellip;]<\/p>\n","protected":false},"author":8,"featured_media":20164,"comment_status":"open","ping_status":"open","sticky":false,"template":"","format":"standard","meta":{"jetpack_post_was_ever_published":false,"_jetpack_newsletter_access":"","jetpack_publicize_message":"","jetpack_is_tweetstorm":false,"jetpack_publicize_feature_enabled":true,"jetpack_social_post_already_shared":false,"jetpack_social_options":{"image_generator_settings":{"template":"highway","enabled":false}}},"categories":[2],"tags":[],"jetpack_publicize_connections":[],"jetpack_featured_media_url":"","jetpack_sharing_enabled":true,"jetpack_shortlink":"https:\/\/wp.me\/p3Hz0n-5fd","jetpack_likes_enabled":true,"_links":{"self":[{"href":"https:\/\/agrund.com\/index.php\/wp-json\/wp\/v2\/posts\/20163"}],"collection":[{"href":"https:\/\/agrund.com\/index.php\/wp-json\/wp\/v2\/posts"}],"about":[{"href":"https:\/\/agrund.com\/index.php\/wp-json\/wp\/v2\/types\/post"}],"author":[{"embeddable":true,"href":"https:\/\/agrund.com\/index.php\/wp-json\/wp\/v2\/users\/8"}],"replies":[{"embeddable":true,"href":"https:\/\/agrund.com\/index.php\/wp-json\/wp\/v2\/comments?post=20163"}],"version-history":[{"count":0,"href":"https:\/\/agrund.com\/index.php\/wp-json\/wp\/v2\/posts\/20163\/revisions"}],"wp:featuredmedia":[{"embeddable":true,"href":"https:\/\/agrund.com\/index.php\/wp-json\/"}],"wp:attachment":[{"href":"https:\/\/agrund.com\/index.php\/wp-json\/wp\/v2\/media?parent=20163"}],"wp:term":[{"taxonomy":"category","embeddable":true,"href":"https:\/\/agrund.com\/index.php\/wp-json\/wp\/v2\/categories?post=20163"},{"taxonomy":"post_tag","embeddable":true,"href":"https:\/\/agrund.com\/index.php\/wp-json\/wp\/v2\/tags?post=20163"}],"curies":[{"name":"wp","href":"https:\/\/api.w.org\/{rel}","templated":true}]}}