{"id":201622,"date":"2019-09-04T12:00:48","date_gmt":"2019-09-04T15:00:48","guid":{"rendered":"http:\/\/www.agrund.com\/?p=201622"},"modified":"2019-09-04T12:26:35","modified_gmt":"2019-09-04T15:26:35","slug":"morre-o-fotografo-peter-lindbergh","status":"publish","type":"post","link":"https:\/\/agrund.com\/index.php\/morre-o-fotografo-peter-lindbergh\/","title":{"rendered":"Morre o fot\u00f3grafo Peter Lindbergh"},"content":{"rendered":"\n<p>O mundo da moda acaba de perder um de seus grandes fot\u00f3grafos: Peter Lindbergh.\u00a0<\/p>\n\n\n\n<p>A confirma\u00e7\u00e3o da morte foi publicada no Instagram oficial de Peter, e as causas ainda n\u00e3o foram divulgadas.\u00a0<\/p>\n\n\n\n<p>Lindberg nos deixa aos 74 anos, com um legado incompar\u00e1vel e inconfund\u00edvel de trabalhos assinados para grandes marcas como Dior e Chanel, al\u00e9m do Calend\u00e1rio Pirelli 2017 e in\u00fameras capas e editoriais de moda para as grandes revistas do mundo.\u00a0<\/p>\n\n\n\n<div class=\"wp-block-image\"><figure class=\"aligncenter\"><img data-attachment-id=\"201623\" data-permalink=\"https:\/\/agrund.com\/index.php\/morre-o-fotografo-peter-lindbergh\/1-2-16\/\" data-orig-file=\"https:\/\/i0.wp.com\/agrund.com\/wp-content\/uploads\/sites\/6\/2019\/09\/1-2.jpg?fit=600%2C360&amp;ssl=1\" data-orig-size=\"600,360\" data-comments-opened=\"1\" data-image-meta=\"{&quot;aperture&quot;:&quot;0&quot;,&quot;credit&quot;:&quot;&quot;,&quot;camera&quot;:&quot;&quot;,&quot;caption&quot;:&quot;&quot;,&quot;created_timestamp&quot;:&quot;0&quot;,&quot;copyright&quot;:&quot;&quot;,&quot;focal_length&quot;:&quot;0&quot;,&quot;iso&quot;:&quot;0&quot;,&quot;shutter_speed&quot;:&quot;0&quot;,&quot;title&quot;:&quot;&quot;,&quot;orientation&quot;:&quot;1&quot;}\" data-image-title=\"1-2\" data-image-description=\"\" data-image-caption=\"\" data-medium-file=\"https:\/\/i0.wp.com\/agrund.com\/wp-content\/uploads\/sites\/6\/2019\/09\/1-2.jpg?fit=300%2C180&amp;ssl=1\" data-large-file=\"https:\/\/i0.wp.com\/agrund.com\/wp-content\/uploads\/sites\/6\/2019\/09\/1-2.jpg?fit=600%2C360&amp;ssl=1\" decoding=\"async\" loading=\"lazy\" width=\"600\" height=\"360\" src=\"https:\/\/i0.wp.com\/www.agrund.com\/wp-content\/uploads\/sites\/6\/2019\/09\/1-2.jpg?resize=600%2C360&#038;ssl=1\" alt=\"\" class=\"wp-image-201623\" srcset=\"https:\/\/i0.wp.com\/agrund.com\/wp-content\/uploads\/sites\/6\/2019\/09\/1-2.jpg?w=600&amp;ssl=1 600w, https:\/\/i0.wp.com\/agrund.com\/wp-content\/uploads\/sites\/6\/2019\/09\/1-2.jpg?resize=300%2C180&amp;ssl=1 300w\" sizes=\"(max-width: 600px) 100vw, 600px\" data-recalc-dims=\"1\" \/><figcaption>Morre o fot\u00f3grafo Peter Lindbergh <\/figcaption><\/figure><\/div>\n\n\n\n<p>Foto: Reprodu\u00e7\u00e3o. <\/p>\n","protected":false},"excerpt":{"rendered":"<p>O mundo da moda acaba de perder um de seus grandes fot\u00f3grafos: Peter Lindbergh.\u00a0 A confirma\u00e7\u00e3o da morte foi publicada no Instagram oficial de Peter, e as causas ainda n\u00e3o foram divulgadas.\u00a0 Lindberg nos deixa aos 74 anos, com um legado incompar\u00e1vel e inconfund\u00edvel de trabalhos assinados para grandes marcas como Dior e Chanel, al\u00e9m [&hellip;]<\/p>\n","protected":false},"author":8,"featured_media":201624,"comment_status":"open","ping_status":"open","sticky":false,"template":"","format":"standard","meta":{"jetpack_post_was_ever_published":false,"_jetpack_newsletter_access":"","jetpack_publicize_message":"","jetpack_is_tweetstorm":false,"jetpack_publicize_feature_enabled":true,"jetpack_social_post_already_shared":true,"jetpack_social_options":{"image_generator_settings":{"template":"highway","enabled":false}}},"categories":[2],"tags":[],"jetpack_publicize_connections":[],"jetpack_featured_media_url":"https:\/\/i0.wp.com\/agrund.com\/wp-content\/uploads\/sites\/6\/2019\/09\/s-15.jpg?fit=960%2C300&ssl=1","jetpack_sharing_enabled":true,"jetpack_shortlink":"https:\/\/wp.me\/p3Hz0n-QrY","jetpack_likes_enabled":true,"_links":{"self":[{"href":"https:\/\/agrund.com\/index.php\/wp-json\/wp\/v2\/posts\/201622"}],"collection":[{"href":"https:\/\/agrund.com\/index.php\/wp-json\/wp\/v2\/posts"}],"about":[{"href":"https:\/\/agrund.com\/index.php\/wp-json\/wp\/v2\/types\/post"}],"author":[{"embeddable":true,"href":"https:\/\/agrund.com\/index.php\/wp-json\/wp\/v2\/users\/8"}],"replies":[{"embeddable":true,"href":"https:\/\/agrund.com\/index.php\/wp-json\/wp\/v2\/comments?post=201622"}],"version-history":[{"count":1,"href":"https:\/\/agrund.com\/index.php\/wp-json\/wp\/v2\/posts\/201622\/revisions"}],"predecessor-version":[{"id":201625,"href":"https:\/\/agrund.com\/index.php\/wp-json\/wp\/v2\/posts\/201622\/revisions\/201625"}],"wp:featuredmedia":[{"embeddable":true,"href":"https:\/\/agrund.com\/index.php\/wp-json\/wp\/v2\/media\/201624"}],"wp:attachment":[{"href":"https:\/\/agrund.com\/index.php\/wp-json\/wp\/v2\/media?parent=201622"}],"wp:term":[{"taxonomy":"category","embeddable":true,"href":"https:\/\/agrund.com\/index.php\/wp-json\/wp\/v2\/categories?post=201622"},{"taxonomy":"post_tag","embeddable":true,"href":"https:\/\/agrund.com\/index.php\/wp-json\/wp\/v2\/tags?post=201622"}],"curies":[{"name":"wp","href":"https:\/\/api.w.org\/{rel}","templated":true}]}}