{"id":201618,"date":"2019-09-03T18:00:42","date_gmt":"2019-09-03T21:00:42","guid":{"rendered":"http:\/\/www.agrund.com\/?p=201618"},"modified":"2019-09-03T18:33:16","modified_gmt":"2019-09-03T21:33:16","slug":"hugo-boss-assina-looks-para-o-inter-de-milao","status":"publish","type":"post","link":"https:\/\/agrund.com\/index.php\/hugo-boss-assina-looks-para-o-inter-de-milao\/","title":{"rendered":"Hugo Boss assina looks para o Inter de Mil\u00e3o"},"content":{"rendered":"\n<p>J\u00e1 tem algum tempo que os times de futebol buscam grandes marcas para criar os looks dos jogadores. Desta vez a Hugo Boss foi a escolhida para vestir os atletas e comiss\u00e3o t\u00e9cnica do Inter de Mil\u00e3o durante a temporada 2019\/2020.<\/p>\n\n\n\n<p>O look em quest\u00e3o ser\u00e1 utilizado nos eventos oficiais do time e conta com um terno azul marinho da linha\u00a0Create Your Look, uma camisa de algod\u00e3o azul e gravata de seda azul marinho com o emblema da Inter.<\/p>\n\n\n\n<p>Os torcedores tamb\u00e9m poder\u00e3o adquirir pe\u00e7as iguais \u00e0s dos jogadores nas lojas da Hugo Boss de\u00a0Roma, Mil\u00e3o, Floren\u00e7a e Verona.<\/p>\n\n\n\n<p>Veja os detalhes na galeria abaixo:&nbsp;<\/p>\n\n\n\n<div class=\"wp-block-image\"><figure class=\"aligncenter\"><img data-attachment-id=\"201619\" data-permalink=\"https:\/\/agrund.com\/index.php\/hugo-boss-assina-looks-para-o-inter-de-milao\/agrund-hugo-boss-inter\/\" data-orig-file=\"https:\/\/i0.wp.com\/agrund.com\/wp-content\/uploads\/sites\/6\/2019\/09\/agrund-hugo-boss-inter.jpg?fit=600%2C400&amp;ssl=1\" data-orig-size=\"600,400\" data-comments-opened=\"1\" data-image-meta=\"{&quot;aperture&quot;:&quot;0&quot;,&quot;credit&quot;:&quot;&quot;,&quot;camera&quot;:&quot;&quot;,&quot;caption&quot;:&quot;&quot;,&quot;created_timestamp&quot;:&quot;0&quot;,&quot;copyright&quot;:&quot;&quot;,&quot;focal_length&quot;:&quot;0&quot;,&quot;iso&quot;:&quot;0&quot;,&quot;shutter_speed&quot;:&quot;0&quot;,&quot;title&quot;:&quot;&quot;,&quot;orientation&quot;:&quot;1&quot;}\" data-image-title=\"agrund-hugo-boss-inter\" data-image-description=\"\" data-image-caption=\"\" data-medium-file=\"https:\/\/i0.wp.com\/agrund.com\/wp-content\/uploads\/sites\/6\/2019\/09\/agrund-hugo-boss-inter.jpg?fit=300%2C200&amp;ssl=1\" data-large-file=\"https:\/\/i0.wp.com\/agrund.com\/wp-content\/uploads\/sites\/6\/2019\/09\/agrund-hugo-boss-inter.jpg?fit=600%2C400&amp;ssl=1\" decoding=\"async\" loading=\"lazy\" width=\"600\" height=\"400\" src=\"https:\/\/i0.wp.com\/www.agrund.com\/wp-content\/uploads\/sites\/6\/2019\/09\/agrund-hugo-boss-inter.jpg?resize=600%2C400&#038;ssl=1\" alt=\"\" class=\"wp-image-201619\" srcset=\"https:\/\/i0.wp.com\/agrund.com\/wp-content\/uploads\/sites\/6\/2019\/09\/agrund-hugo-boss-inter.jpg?w=600&amp;ssl=1 600w, https:\/\/i0.wp.com\/agrund.com\/wp-content\/uploads\/sites\/6\/2019\/09\/agrund-hugo-boss-inter.jpg?resize=300%2C200&amp;ssl=1 300w\" sizes=\"(max-width: 600px) 100vw, 600px\" data-recalc-dims=\"1\" \/><figcaption>Hugo Boss assina looks para o Inter de Mil\u00e3o  <\/figcaption><\/figure><\/div>\n\n\n\n<p><\/p>\n","protected":false},"excerpt":{"rendered":"<p>J\u00e1 tem algum tempo que os times de futebol buscam grandes marcas para criar os looks dos jogadores. Desta vez a Hugo Boss foi a escolhida para vestir os atletas e comiss\u00e3o t\u00e9cnica do Inter de Mil\u00e3o durante a temporada 2019\/2020. O look em quest\u00e3o ser\u00e1 utilizado nos eventos oficiais do time e conta com [&hellip;]<\/p>\n","protected":false},"author":8,"featured_media":201620,"comment_status":"open","ping_status":"open","sticky":false,"template":"","format":"standard","meta":{"jetpack_post_was_ever_published":false,"_jetpack_newsletter_access":"","jetpack_publicize_message":"","jetpack_is_tweetstorm":false,"jetpack_publicize_feature_enabled":true,"jetpack_social_post_already_shared":true,"jetpack_social_options":{"image_generator_settings":{"template":"highway","enabled":false}}},"categories":[2],"tags":[],"jetpack_publicize_connections":[],"jetpack_featured_media_url":"https:\/\/i0.wp.com\/agrund.com\/wp-content\/uploads\/sites\/6\/2019\/09\/s-14.jpg?fit=960%2C300&ssl=1","jetpack_sharing_enabled":true,"jetpack_shortlink":"https:\/\/wp.me\/p3Hz0n-QrU","jetpack_likes_enabled":true,"_links":{"self":[{"href":"https:\/\/agrund.com\/index.php\/wp-json\/wp\/v2\/posts\/201618"}],"collection":[{"href":"https:\/\/agrund.com\/index.php\/wp-json\/wp\/v2\/posts"}],"about":[{"href":"https:\/\/agrund.com\/index.php\/wp-json\/wp\/v2\/types\/post"}],"author":[{"embeddable":true,"href":"https:\/\/agrund.com\/index.php\/wp-json\/wp\/v2\/users\/8"}],"replies":[{"embeddable":true,"href":"https:\/\/agrund.com\/index.php\/wp-json\/wp\/v2\/comments?post=201618"}],"version-history":[{"count":1,"href":"https:\/\/agrund.com\/index.php\/wp-json\/wp\/v2\/posts\/201618\/revisions"}],"predecessor-version":[{"id":201621,"href":"https:\/\/agrund.com\/index.php\/wp-json\/wp\/v2\/posts\/201618\/revisions\/201621"}],"wp:featuredmedia":[{"embeddable":true,"href":"https:\/\/agrund.com\/index.php\/wp-json\/wp\/v2\/media\/201620"}],"wp:attachment":[{"href":"https:\/\/agrund.com\/index.php\/wp-json\/wp\/v2\/media?parent=201618"}],"wp:term":[{"taxonomy":"category","embeddable":true,"href":"https:\/\/agrund.com\/index.php\/wp-json\/wp\/v2\/categories?post=201618"},{"taxonomy":"post_tag","embeddable":true,"href":"https:\/\/agrund.com\/index.php\/wp-json\/wp\/v2\/tags?post=201618"}],"curies":[{"name":"wp","href":"https:\/\/api.w.org\/{rel}","templated":true}]}}