{"id":201613,"date":"2019-09-03T17:00:04","date_gmt":"2019-09-03T20:00:04","guid":{"rendered":"http:\/\/www.agrund.com\/?p=201613"},"modified":"2019-09-03T18:26:21","modified_gmt":"2019-09-03T21:26:21","slug":"ariana-grande-processa-a-forever-21","status":"publish","type":"post","link":"https:\/\/agrund.com\/index.php\/ariana-grande-processa-a-forever-21\/","title":{"rendered":"Ariana Grande processa a Forever 21"},"content":{"rendered":"\n<p>Depois de chamar aten\u00e7\u00e3o da m\u00eddia com uma poss\u00edvel declara\u00e7\u00e3o de fal\u00eancia (<a href=\"https:\/\/www.agrund.com\/forever-21-enfrenta-problemas-financeiros\/\">AQUI<\/a>), a Forever 21 est\u00e1 de volta aos holofotes com outra not\u00edcia n\u00e3o muito boa.\u00a0<\/p>\n\n\n\n<p>Ariana Grande entrou na justi\u00e7a contra a Forever 21 reivindicando US$10 milh\u00f5es por conta de uma campanha. Isso porque a fast-fashion contratou uma modelo muito parecida com a cantora para estrelar imagens que seguem a est\u00e9tica dos projetos que Ariana faz.\u00a0<\/p>\n\n\n\n<p>De acordo com o processo, Ariana acredita que a empresa agiu de m\u00e1 f\u00e9 para confundir os consumidores e explorar sua imagem. E tem mais! A Forever 21 chegou a fazer negocia\u00e7\u00f5es para que a cantora estrelasse essa campanha, mas desistiu do neg\u00f3cio devido ao alto cach\u00ea, ent\u00e3o contratou uma modelo para substitu\u00ed-la.\u00a0<\/p>\n\n\n\n<p>Como ser\u00e1 que essa hist\u00f3ria vai terminar?<\/p>\n\n\n\n<div class=\"wp-block-image\"><figure class=\"aligncenter\"><img data-attachment-id=\"201615\" data-permalink=\"https:\/\/agrund.com\/index.php\/ariana-grande-processa-a-forever-21\/agrund-ariana-grande-forever21\/\" data-orig-file=\"https:\/\/i0.wp.com\/agrund.com\/wp-content\/uploads\/sites\/6\/2019\/09\/agrund-ariana-grande-forever21.jpg?fit=600%2C321&amp;ssl=1\" data-orig-size=\"600,321\" data-comments-opened=\"1\" data-image-meta=\"{&quot;aperture&quot;:&quot;0&quot;,&quot;credit&quot;:&quot;&quot;,&quot;camera&quot;:&quot;&quot;,&quot;caption&quot;:&quot;&quot;,&quot;created_timestamp&quot;:&quot;0&quot;,&quot;copyright&quot;:&quot;&quot;,&quot;focal_length&quot;:&quot;0&quot;,&quot;iso&quot;:&quot;0&quot;,&quot;shutter_speed&quot;:&quot;0&quot;,&quot;title&quot;:&quot;&quot;,&quot;orientation&quot;:&quot;1&quot;}\" data-image-title=\"agrund-ariana-grande-forever21\" data-image-description=\"\" data-image-caption=\"\" data-medium-file=\"https:\/\/i0.wp.com\/agrund.com\/wp-content\/uploads\/sites\/6\/2019\/09\/agrund-ariana-grande-forever21.jpg?fit=300%2C161&amp;ssl=1\" data-large-file=\"https:\/\/i0.wp.com\/agrund.com\/wp-content\/uploads\/sites\/6\/2019\/09\/agrund-ariana-grande-forever21.jpg?fit=600%2C321&amp;ssl=1\" decoding=\"async\" loading=\"lazy\" width=\"600\" height=\"321\" src=\"https:\/\/i0.wp.com\/www.agrund.com\/wp-content\/uploads\/sites\/6\/2019\/09\/agrund-ariana-grande-forever21.jpg?resize=600%2C321&#038;ssl=1\" alt=\"\" class=\"wp-image-201615\" srcset=\"https:\/\/i0.wp.com\/agrund.com\/wp-content\/uploads\/sites\/6\/2019\/09\/agrund-ariana-grande-forever21.jpg?w=600&amp;ssl=1 600w, https:\/\/i0.wp.com\/agrund.com\/wp-content\/uploads\/sites\/6\/2019\/09\/agrund-ariana-grande-forever21.jpg?resize=300%2C161&amp;ssl=1 300w\" sizes=\"(max-width: 600px) 100vw, 600px\" data-recalc-dims=\"1\" \/><figcaption>Ariana Grande processa a Forever 21 <\/figcaption><\/figure><\/div>\n\n\n\n<div class=\"wp-block-image\"><figure class=\"aligncenter\"><img data-attachment-id=\"201616\" data-permalink=\"https:\/\/agrund.com\/index.php\/ariana-grande-processa-a-forever-21\/agrund-ariana-grande-forever21-2\/\" data-orig-file=\"https:\/\/i0.wp.com\/agrund.com\/wp-content\/uploads\/sites\/6\/2019\/09\/agrund-ariana-grande-forever21-2.jpg?fit=600%2C335&amp;ssl=1\" data-orig-size=\"600,335\" data-comments-opened=\"1\" data-image-meta=\"{&quot;aperture&quot;:&quot;0&quot;,&quot;credit&quot;:&quot;&quot;,&quot;camera&quot;:&quot;&quot;,&quot;caption&quot;:&quot;&quot;,&quot;created_timestamp&quot;:&quot;0&quot;,&quot;copyright&quot;:&quot;&quot;,&quot;focal_length&quot;:&quot;0&quot;,&quot;iso&quot;:&quot;0&quot;,&quot;shutter_speed&quot;:&quot;0&quot;,&quot;title&quot;:&quot;&quot;,&quot;orientation&quot;:&quot;1&quot;}\" data-image-title=\"agrund-ariana-grande-forever21-2\" data-image-description=\"\" data-image-caption=\"\" data-medium-file=\"https:\/\/i0.wp.com\/agrund.com\/wp-content\/uploads\/sites\/6\/2019\/09\/agrund-ariana-grande-forever21-2.jpg?fit=300%2C168&amp;ssl=1\" data-large-file=\"https:\/\/i0.wp.com\/agrund.com\/wp-content\/uploads\/sites\/6\/2019\/09\/agrund-ariana-grande-forever21-2.jpg?fit=600%2C335&amp;ssl=1\" decoding=\"async\" loading=\"lazy\" width=\"600\" height=\"335\" src=\"https:\/\/i0.wp.com\/www.agrund.com\/wp-content\/uploads\/sites\/6\/2019\/09\/agrund-ariana-grande-forever21-2.jpg?resize=600%2C335&#038;ssl=1\" alt=\"\" class=\"wp-image-201616\" srcset=\"https:\/\/i0.wp.com\/agrund.com\/wp-content\/uploads\/sites\/6\/2019\/09\/agrund-ariana-grande-forever21-2.jpg?w=600&amp;ssl=1 600w, https:\/\/i0.wp.com\/agrund.com\/wp-content\/uploads\/sites\/6\/2019\/09\/agrund-ariana-grande-forever21-2.jpg?resize=300%2C168&amp;ssl=1 300w\" sizes=\"(max-width: 600px) 100vw, 600px\" data-recalc-dims=\"1\" \/><figcaption>Ariana Grande processa a Forever 21 <\/figcaption><\/figure><\/div>\n\n\n\n<p>Fotos: Reprodu\u00e7\u00e3o. <\/p>\n","protected":false},"excerpt":{"rendered":"<p>Depois de chamar aten\u00e7\u00e3o da m\u00eddia com uma poss\u00edvel declara\u00e7\u00e3o de fal\u00eancia (AQUI), a Forever 21 est\u00e1 de volta aos holofotes com outra not\u00edcia n\u00e3o muito boa.\u00a0 Ariana Grande entrou na justi\u00e7a contra a Forever 21 reivindicando US$10 milh\u00f5es por conta de uma campanha. Isso porque a fast-fashion contratou uma modelo muito parecida com a [&hellip;]<\/p>\n","protected":false},"author":8,"featured_media":201614,"comment_status":"open","ping_status":"open","sticky":false,"template":"","format":"standard","meta":{"jetpack_post_was_ever_published":false,"_jetpack_newsletter_access":"","jetpack_publicize_message":"","jetpack_is_tweetstorm":false,"jetpack_publicize_feature_enabled":true,"jetpack_social_post_already_shared":true,"jetpack_social_options":{"image_generator_settings":{"template":"highway","enabled":false}}},"categories":[2],"tags":[],"jetpack_publicize_connections":[],"jetpack_featured_media_url":"https:\/\/i0.wp.com\/agrund.com\/wp-content\/uploads\/sites\/6\/2019\/09\/s-13.jpg?fit=960%2C300&ssl=1","jetpack_sharing_enabled":true,"jetpack_shortlink":"https:\/\/wp.me\/p3Hz0n-QrP","jetpack_likes_enabled":true,"_links":{"self":[{"href":"https:\/\/agrund.com\/index.php\/wp-json\/wp\/v2\/posts\/201613"}],"collection":[{"href":"https:\/\/agrund.com\/index.php\/wp-json\/wp\/v2\/posts"}],"about":[{"href":"https:\/\/agrund.com\/index.php\/wp-json\/wp\/v2\/types\/post"}],"author":[{"embeddable":true,"href":"https:\/\/agrund.com\/index.php\/wp-json\/wp\/v2\/users\/8"}],"replies":[{"embeddable":true,"href":"https:\/\/agrund.com\/index.php\/wp-json\/wp\/v2\/comments?post=201613"}],"version-history":[{"count":1,"href":"https:\/\/agrund.com\/index.php\/wp-json\/wp\/v2\/posts\/201613\/revisions"}],"predecessor-version":[{"id":201617,"href":"https:\/\/agrund.com\/index.php\/wp-json\/wp\/v2\/posts\/201613\/revisions\/201617"}],"wp:featuredmedia":[{"embeddable":true,"href":"https:\/\/agrund.com\/index.php\/wp-json\/wp\/v2\/media\/201614"}],"wp:attachment":[{"href":"https:\/\/agrund.com\/index.php\/wp-json\/wp\/v2\/media?parent=201613"}],"wp:term":[{"taxonomy":"category","embeddable":true,"href":"https:\/\/agrund.com\/index.php\/wp-json\/wp\/v2\/categories?post=201613"},{"taxonomy":"post_tag","embeddable":true,"href":"https:\/\/agrund.com\/index.php\/wp-json\/wp\/v2\/tags?post=201613"}],"curies":[{"name":"wp","href":"https:\/\/api.w.org\/{rel}","templated":true}]}}