{"id":201523,"date":"2019-08-30T18:00:21","date_gmt":"2019-08-30T21:00:21","guid":{"rendered":"http:\/\/www.agrund.com\/?p=201523"},"modified":"2019-08-30T19:15:06","modified_gmt":"2019-08-30T22:15:06","slug":"verde-menta-conquista-as-famosas","status":"publish","type":"post","link":"https:\/\/agrund.com\/index.php\/verde-menta-conquista-as-famosas\/","title":{"rendered":"Verde-Menta conquista as famosas"},"content":{"rendered":"\n<p>Por Ros\u00e2ngela Espinossi, do <a href=\"https:\/\/www.elasnotapetevermelho.com.br\/verde-menta-conquista-famosas-e-e-trend-para-proximo-verao\/\">Elas no Tapete Vermelho<\/a><\/p>\n\n\n\n<p>Em meio \u00e0s tend\u00eancias chamativas de\u00a0neon\u00a0e animal print, surge uma proposta mais clara e f\u00e1cil de usar. O\u00a0verde-menta tem o ar rom\u00e2ntico das cores pastel e promete ganhar for\u00e7a no\u00a0ver\u00e3o. Bruna Marquezine, \u00cdris Stefanelli e D\u00e9bora Nascimento\u00a0j\u00e1 lan\u00e7aram m\u00e3o dele para conferir estilo \u00e0s produ\u00e7\u00f5es.<\/p>\n\n\n\n<p>Que tal um look monocrom\u00e1tico, que proporciona efeito alongador? Outra aposta segura \u00e9 combinar com tons neutros, como branco, preto e nude. Para quem n\u00e3o tem medo de ousar, a dica \u00e9 seguir o tonalismo, com misturas menos \u00f3bvias, incluindo com azul e lavanda. Inspire-se:<\/p>\n\n\n\n<div class=\"wp-block-image\"><figure class=\"aligncenter\"><img data-attachment-id=\"201525\" data-permalink=\"https:\/\/agrund.com\/index.php\/verde-menta-conquista-as-famosas\/1-17-2\/\" data-orig-file=\"https:\/\/i0.wp.com\/agrund.com\/wp-content\/uploads\/sites\/6\/2019\/08\/1-17.jpg?fit=600%2C407&amp;ssl=1\" data-orig-size=\"600,407\" data-comments-opened=\"1\" data-image-meta=\"{&quot;aperture&quot;:&quot;0&quot;,&quot;credit&quot;:&quot;Patricia Navarro&quot;,&quot;camera&quot;:&quot;&quot;,&quot;caption&quot;:&quot;&quot;,&quot;created_timestamp&quot;:&quot;0&quot;,&quot;copyright&quot;:&quot;&quot;,&quot;focal_length&quot;:&quot;0&quot;,&quot;iso&quot;:&quot;0&quot;,&quot;shutter_speed&quot;:&quot;0&quot;,&quot;title&quot;:&quot;&quot;,&quot;orientation&quot;:&quot;1&quot;}\" data-image-title=\"1-17\" data-image-description=\"\" data-image-caption=\"\" data-medium-file=\"https:\/\/i0.wp.com\/agrund.com\/wp-content\/uploads\/sites\/6\/2019\/08\/1-17.jpg?fit=300%2C204&amp;ssl=1\" data-large-file=\"https:\/\/i0.wp.com\/agrund.com\/wp-content\/uploads\/sites\/6\/2019\/08\/1-17.jpg?fit=600%2C407&amp;ssl=1\" decoding=\"async\" loading=\"lazy\" width=\"600\" height=\"407\" src=\"https:\/\/i0.wp.com\/www.agrund.com\/wp-content\/uploads\/sites\/6\/2019\/08\/1-17.jpg?resize=600%2C407&#038;ssl=1\" alt=\"\" class=\"wp-image-201525\" srcset=\"https:\/\/i0.wp.com\/agrund.com\/wp-content\/uploads\/sites\/6\/2019\/08\/1-17.jpg?w=600&amp;ssl=1 600w, https:\/\/i0.wp.com\/agrund.com\/wp-content\/uploads\/sites\/6\/2019\/08\/1-17.jpg?resize=300%2C204&amp;ssl=1 300w\" sizes=\"(max-width: 600px) 100vw, 600px\" data-recalc-dims=\"1\" \/><figcaption>Verde-Menta conquista as famosas<\/figcaption><\/figure><\/div>\n\n\n\n<p><strong>Bruna Marquezine<\/strong>\u00a0escolheu look verde da grife\u00a0Jacquemus, com styling de Rita Lazzarotti. O vestido \u00e9 de tric\u00f4 e todo transparente, revelando o suti\u00e3 e a hot pant. Combinou com bolsa de r\u00e1fia, repleta de franjas.<\/p>\n\n\n\n<p><strong>#ficaadica1:<\/strong>&nbsp;Longe dos holofotes, uma maneira segura de usar um vestido todo transparente \u00e9 apostar em forro, deixando a pele \u00e0 mostra apenas em regi\u00f5es como colo e bra\u00e7os.<\/p>\n\n\n\n<p><strong>#ficaadica2:<\/strong>\u00a0Quando estiver com um acess\u00f3rio bem chamativo, como a bolsa da Bruna, aposte em look mais neutro para fugir de erros.<\/p>\n\n\n\n<div class=\"wp-block-image\"><figure class=\"aligncenter\"><img data-attachment-id=\"201526\" data-permalink=\"https:\/\/agrund.com\/index.php\/verde-menta-conquista-as-famosas\/2-10-2\/\" data-orig-file=\"https:\/\/i0.wp.com\/agrund.com\/wp-content\/uploads\/sites\/6\/2019\/08\/2-10.jpg?fit=600%2C398&amp;ssl=1\" data-orig-size=\"600,398\" data-comments-opened=\"1\" data-image-meta=\"{&quot;aperture&quot;:&quot;0&quot;,&quot;credit&quot;:&quot;&quot;,&quot;camera&quot;:&quot;&quot;,&quot;caption&quot;:&quot;&quot;,&quot;created_timestamp&quot;:&quot;0&quot;,&quot;copyright&quot;:&quot;&quot;,&quot;focal_length&quot;:&quot;0&quot;,&quot;iso&quot;:&quot;0&quot;,&quot;shutter_speed&quot;:&quot;0&quot;,&quot;title&quot;:&quot;&quot;,&quot;orientation&quot;:&quot;1&quot;}\" data-image-title=\"2-10\" data-image-description=\"\" data-image-caption=\"\" data-medium-file=\"https:\/\/i0.wp.com\/agrund.com\/wp-content\/uploads\/sites\/6\/2019\/08\/2-10.jpg?fit=300%2C199&amp;ssl=1\" data-large-file=\"https:\/\/i0.wp.com\/agrund.com\/wp-content\/uploads\/sites\/6\/2019\/08\/2-10.jpg?fit=600%2C398&amp;ssl=1\" decoding=\"async\" loading=\"lazy\" width=\"600\" height=\"398\" src=\"https:\/\/i0.wp.com\/www.agrund.com\/wp-content\/uploads\/sites\/6\/2019\/08\/2-10.jpg?resize=600%2C398&#038;ssl=1\" alt=\"\" class=\"wp-image-201526\" srcset=\"https:\/\/i0.wp.com\/agrund.com\/wp-content\/uploads\/sites\/6\/2019\/08\/2-10.jpg?w=600&amp;ssl=1 600w, https:\/\/i0.wp.com\/agrund.com\/wp-content\/uploads\/sites\/6\/2019\/08\/2-10.jpg?resize=300%2C199&amp;ssl=1 300w\" sizes=\"(max-width: 600px) 100vw, 600px\" data-recalc-dims=\"1\" \/><figcaption>Verde-Menta conquista as famosas<\/figcaption><\/figure><\/div>\n\n\n\n<p><strong>D\u00e9bora Nascimento<\/strong>&nbsp;combinou top cropped verde com o restante em diferentes tons de azul: cal\u00e7a, bolsa e mule.<\/p>\n\n\n\n<p><strong>#ficaadica3:<\/strong>\u00a0Tonalismo, o novo color block, tem como proposta criar blocos de cor com misturas menos \u00f3bvias, em tons suaves ou quentes. D\u00e1 para usar ton sur ton, cores an\u00e1logas (azul e verde ou laranja e vermelho, por exemplo) ou complementares (rosa e azul ou amarelo e violeta).<\/p>\n\n\n\n<div class=\"wp-block-image\"><figure class=\"aligncenter\"><img data-attachment-id=\"201527\" data-permalink=\"https:\/\/agrund.com\/index.php\/verde-menta-conquista-as-famosas\/agrund-verde-menta-look\/\" data-orig-file=\"https:\/\/i0.wp.com\/agrund.com\/wp-content\/uploads\/sites\/6\/2019\/08\/agrund-verde-menta-look.jpg?fit=600%2C750&amp;ssl=1\" data-orig-size=\"600,750\" data-comments-opened=\"1\" data-image-meta=\"{&quot;aperture&quot;:&quot;0&quot;,&quot;credit&quot;:&quot;&quot;,&quot;camera&quot;:&quot;&quot;,&quot;caption&quot;:&quot;&quot;,&quot;created_timestamp&quot;:&quot;0&quot;,&quot;copyright&quot;:&quot;&quot;,&quot;focal_length&quot;:&quot;0&quot;,&quot;iso&quot;:&quot;0&quot;,&quot;shutter_speed&quot;:&quot;0&quot;,&quot;title&quot;:&quot;&quot;,&quot;orientation&quot;:&quot;1&quot;}\" data-image-title=\"agrund-verde-menta-look\" data-image-description=\"\" data-image-caption=\"\" data-medium-file=\"https:\/\/i0.wp.com\/agrund.com\/wp-content\/uploads\/sites\/6\/2019\/08\/agrund-verde-menta-look.jpg?fit=240%2C300&amp;ssl=1\" data-large-file=\"https:\/\/i0.wp.com\/agrund.com\/wp-content\/uploads\/sites\/6\/2019\/08\/agrund-verde-menta-look.jpg?fit=600%2C750&amp;ssl=1\" decoding=\"async\" loading=\"lazy\" width=\"600\" height=\"750\" src=\"https:\/\/i0.wp.com\/www.agrund.com\/wp-content\/uploads\/sites\/6\/2019\/08\/agrund-verde-menta-look.jpg?resize=600%2C750&#038;ssl=1\" alt=\"\" class=\"wp-image-201527\" srcset=\"https:\/\/i0.wp.com\/agrund.com\/wp-content\/uploads\/sites\/6\/2019\/08\/agrund-verde-menta-look.jpg?w=600&amp;ssl=1 600w, https:\/\/i0.wp.com\/agrund.com\/wp-content\/uploads\/sites\/6\/2019\/08\/agrund-verde-menta-look.jpg?resize=240%2C300&amp;ssl=1 240w\" sizes=\"(max-width: 600px) 100vw, 600px\" data-recalc-dims=\"1\" \/><figcaption>Verde-Menta conquista as famosas<\/figcaption><\/figure><\/div>\n\n\n\n<p><strong>\u00cdris Stefanelli<\/strong>\u00a0entrou na moda do verde-menta com saia\u00a0La Chocol\u00ea, que combinou com blazer branco, revelando parte do suti\u00e3 da mesma cor.<\/p>\n\n\n\n<p><strong>#ficaadica4:<\/strong>\u00a0Combinar a cor com outras neutras \u00e9 sempre uma aposta segura. Vale branca, preto, azul-marinho, nude, terrosas\u2026<\/p>\n\n\n\n<p><\/p>\n\n\n\n<p>Fotos: Reprodu\u00e7\u00e3o. <\/p>\n","protected":false},"excerpt":{"rendered":"<p>Por Ros\u00e2ngela Espinossi, do Elas no Tapete Vermelho Em meio \u00e0s tend\u00eancias chamativas de\u00a0neon\u00a0e animal print, surge uma proposta mais clara e f\u00e1cil de usar. O\u00a0verde-menta tem o ar rom\u00e2ntico das cores pastel e promete ganhar for\u00e7a no\u00a0ver\u00e3o. Bruna Marquezine, \u00cdris Stefanelli e D\u00e9bora Nascimento\u00a0j\u00e1 lan\u00e7aram m\u00e3o dele para conferir estilo \u00e0s produ\u00e7\u00f5es. Que tal [&hellip;]<\/p>\n","protected":false},"author":8,"featured_media":201524,"comment_status":"open","ping_status":"open","sticky":false,"template":"","format":"standard","meta":{"jetpack_post_was_ever_published":false,"_jetpack_newsletter_access":"","jetpack_publicize_message":"","jetpack_is_tweetstorm":false,"jetpack_publicize_feature_enabled":true,"jetpack_social_post_already_shared":true,"jetpack_social_options":{"image_generator_settings":{"template":"highway","enabled":false}}},"categories":[2],"tags":[],"jetpack_publicize_connections":[],"jetpack_featured_media_url":"https:\/\/i0.wp.com\/agrund.com\/wp-content\/uploads\/sites\/6\/2019\/08\/s-141.jpg?fit=960%2C300&ssl=1","jetpack_sharing_enabled":true,"jetpack_shortlink":"https:\/\/wp.me\/p3Hz0n-Qqn","jetpack_likes_enabled":true,"_links":{"self":[{"href":"https:\/\/agrund.com\/index.php\/wp-json\/wp\/v2\/posts\/201523"}],"collection":[{"href":"https:\/\/agrund.com\/index.php\/wp-json\/wp\/v2\/posts"}],"about":[{"href":"https:\/\/agrund.com\/index.php\/wp-json\/wp\/v2\/types\/post"}],"author":[{"embeddable":true,"href":"https:\/\/agrund.com\/index.php\/wp-json\/wp\/v2\/users\/8"}],"replies":[{"embeddable":true,"href":"https:\/\/agrund.com\/index.php\/wp-json\/wp\/v2\/comments?post=201523"}],"version-history":[{"count":1,"href":"https:\/\/agrund.com\/index.php\/wp-json\/wp\/v2\/posts\/201523\/revisions"}],"predecessor-version":[{"id":201528,"href":"https:\/\/agrund.com\/index.php\/wp-json\/wp\/v2\/posts\/201523\/revisions\/201528"}],"wp:featuredmedia":[{"embeddable":true,"href":"https:\/\/agrund.com\/index.php\/wp-json\/wp\/v2\/media\/201524"}],"wp:attachment":[{"href":"https:\/\/agrund.com\/index.php\/wp-json\/wp\/v2\/media?parent=201523"}],"wp:term":[{"taxonomy":"category","embeddable":true,"href":"https:\/\/agrund.com\/index.php\/wp-json\/wp\/v2\/categories?post=201523"},{"taxonomy":"post_tag","embeddable":true,"href":"https:\/\/agrund.com\/index.php\/wp-json\/wp\/v2\/tags?post=201523"}],"curies":[{"name":"wp","href":"https:\/\/api.w.org\/{rel}","templated":true}]}}