{"id":201498,"date":"2019-08-30T13:00:29","date_gmt":"2019-08-30T16:00:29","guid":{"rendered":"http:\/\/www.agrund.com\/?p=201498"},"modified":"2019-08-30T12:14:09","modified_gmt":"2019-08-30T15:14:09","slug":"confira-a-campanha-da-colecao-karl-lagerfeld-x-loreal-paris","status":"publish","type":"post","link":"https:\/\/agrund.com\/index.php\/confira-a-campanha-da-colecao-karl-lagerfeld-x-loreal-paris\/","title":{"rendered":"Confira a campanha da cole\u00e7\u00e3o Karl Lagerfeld x L&#8217;Or\u00e9al Paris"},"content":{"rendered":"\n<p>Voc\u00ea se lembra quando contamos AQUI que a L&#8217;Oreal Paris iria lan\u00e7ar uma cole\u00e7\u00e3o em parceria com Karl Lagerfeld? Agora, mais um detalhe dela est\u00e1 entre n\u00f3s!<\/p>\n\n\n\n<p>Doutzen Kroes, Luma Grothe, Soo Joo Park e Louise Bourgoin foram as escolhidas para estampar a campanha de divulga\u00e7\u00e3o e tudo foi pensado como uma grande homenagem a Karl.\u00a0<\/p>\n\n\n\n<p>Os cliques de Damon Baker s\u00e3o em P&amp;B e trazem as modelos vestindo camisas e ternos. Chiqu\u00e9rrimo!\u00a0<\/p>\n\n\n\n<p>Desenvolvida pelo estilista meses antes de seu falecimento, a linha de maquiagem ser\u00e1 lan\u00e7ada no dia 20 de setembro e contar\u00e1 com os produtos que Karl considerava indispens\u00e1veis para as mulheres.\u00a0<\/p>\n\n\n\n<div class=\"wp-block-image\"><figure class=\"aligncenter\"><img data-attachment-id=\"201499\" data-permalink=\"https:\/\/agrund.com\/index.php\/confira-a-campanha-da-colecao-karl-lagerfeld-x-loreal-paris\/agrund-loreal-paris-karl-lagerfeld-makeup-2\/\" data-orig-file=\"https:\/\/i0.wp.com\/agrund.com\/wp-content\/uploads\/sites\/6\/2019\/08\/agrund-LOreal-Paris-Karl-Lagerfeld-Makeup-2.jpg?fit=600%2C750&amp;ssl=1\" data-orig-size=\"600,750\" data-comments-opened=\"1\" data-image-meta=\"{&quot;aperture&quot;:&quot;0&quot;,&quot;credit&quot;:&quot;&quot;,&quot;camera&quot;:&quot;&quot;,&quot;caption&quot;:&quot;&quot;,&quot;created_timestamp&quot;:&quot;0&quot;,&quot;copyright&quot;:&quot;&quot;,&quot;focal_length&quot;:&quot;0&quot;,&quot;iso&quot;:&quot;0&quot;,&quot;shutter_speed&quot;:&quot;0&quot;,&quot;title&quot;:&quot;&quot;,&quot;orientation&quot;:&quot;1&quot;}\" data-image-title=\"agrund-LOreal-Paris-Karl-Lagerfeld-Makeup-2\" data-image-description=\"\" data-image-caption=\"\" data-medium-file=\"https:\/\/i0.wp.com\/agrund.com\/wp-content\/uploads\/sites\/6\/2019\/08\/agrund-LOreal-Paris-Karl-Lagerfeld-Makeup-2.jpg?fit=240%2C300&amp;ssl=1\" data-large-file=\"https:\/\/i0.wp.com\/agrund.com\/wp-content\/uploads\/sites\/6\/2019\/08\/agrund-LOreal-Paris-Karl-Lagerfeld-Makeup-2.jpg?fit=600%2C750&amp;ssl=1\" decoding=\"async\" loading=\"lazy\" width=\"600\" height=\"750\" src=\"https:\/\/i0.wp.com\/www.agrund.com\/wp-content\/uploads\/sites\/6\/2019\/08\/agrund-LOreal-Paris-Karl-Lagerfeld-Makeup-2.jpg?resize=600%2C750&#038;ssl=1\" alt=\"\" class=\"wp-image-201499\" srcset=\"https:\/\/i0.wp.com\/agrund.com\/wp-content\/uploads\/sites\/6\/2019\/08\/agrund-LOreal-Paris-Karl-Lagerfeld-Makeup-2.jpg?w=600&amp;ssl=1 600w, https:\/\/i0.wp.com\/agrund.com\/wp-content\/uploads\/sites\/6\/2019\/08\/agrund-LOreal-Paris-Karl-Lagerfeld-Makeup-2.jpg?resize=240%2C300&amp;ssl=1 240w\" sizes=\"(max-width: 600px) 100vw, 600px\" data-recalc-dims=\"1\" \/><figcaption>Confira a campanha da cole\u00e7\u00e3o Karl Lagerfeld x L&#8217;Or\u00e9al Paris  <\/figcaption><\/figure><\/div>\n\n\n\n<div class=\"wp-block-image\"><figure class=\"aligncenter\"><img data-attachment-id=\"201500\" data-permalink=\"https:\/\/agrund.com\/index.php\/confira-a-campanha-da-colecao-karl-lagerfeld-x-loreal-paris\/agrund-loreal-paris-karl-lagerfeld-makeup-3\/\" data-orig-file=\"https:\/\/i0.wp.com\/agrund.com\/wp-content\/uploads\/sites\/6\/2019\/08\/agrund-LOreal-Paris-Karl-Lagerfeld-Makeup-3.jpg?fit=600%2C749&amp;ssl=1\" data-orig-size=\"600,749\" data-comments-opened=\"1\" data-image-meta=\"{&quot;aperture&quot;:&quot;0&quot;,&quot;credit&quot;:&quot;&quot;,&quot;camera&quot;:&quot;&quot;,&quot;caption&quot;:&quot;&quot;,&quot;created_timestamp&quot;:&quot;0&quot;,&quot;copyright&quot;:&quot;&quot;,&quot;focal_length&quot;:&quot;0&quot;,&quot;iso&quot;:&quot;0&quot;,&quot;shutter_speed&quot;:&quot;0&quot;,&quot;title&quot;:&quot;&quot;,&quot;orientation&quot;:&quot;1&quot;}\" data-image-title=\"agrund-LOreal-Paris-Karl-Lagerfeld-Makeup-3\" data-image-description=\"\" data-image-caption=\"\" data-medium-file=\"https:\/\/i0.wp.com\/agrund.com\/wp-content\/uploads\/sites\/6\/2019\/08\/agrund-LOreal-Paris-Karl-Lagerfeld-Makeup-3.jpg?fit=240%2C300&amp;ssl=1\" data-large-file=\"https:\/\/i0.wp.com\/agrund.com\/wp-content\/uploads\/sites\/6\/2019\/08\/agrund-LOreal-Paris-Karl-Lagerfeld-Makeup-3.jpg?fit=600%2C749&amp;ssl=1\" decoding=\"async\" loading=\"lazy\" width=\"600\" height=\"749\" src=\"https:\/\/i0.wp.com\/www.agrund.com\/wp-content\/uploads\/sites\/6\/2019\/08\/agrund-LOreal-Paris-Karl-Lagerfeld-Makeup-3.jpg?resize=600%2C749&#038;ssl=1\" alt=\"\" class=\"wp-image-201500\" srcset=\"https:\/\/i0.wp.com\/agrund.com\/wp-content\/uploads\/sites\/6\/2019\/08\/agrund-LOreal-Paris-Karl-Lagerfeld-Makeup-3.jpg?w=600&amp;ssl=1 600w, https:\/\/i0.wp.com\/agrund.com\/wp-content\/uploads\/sites\/6\/2019\/08\/agrund-LOreal-Paris-Karl-Lagerfeld-Makeup-3.jpg?resize=240%2C300&amp;ssl=1 240w\" sizes=\"(max-width: 600px) 100vw, 600px\" data-recalc-dims=\"1\" \/><figcaption>Confira a campanha da cole\u00e7\u00e3o Karl Lagerfeld x L&#8217;Or\u00e9al Paris  <\/figcaption><\/figure><\/div>\n\n\n\n<div class=\"wp-block-image\"><figure class=\"aligncenter\"><img data-attachment-id=\"201501\" data-permalink=\"https:\/\/agrund.com\/index.php\/confira-a-campanha-da-colecao-karl-lagerfeld-x-loreal-paris\/agrund-loreal-paris-karl-lagerfeld-makeup\/\" data-orig-file=\"https:\/\/i0.wp.com\/agrund.com\/wp-content\/uploads\/sites\/6\/2019\/08\/agrund-LOreal-Paris-Karl-Lagerfeld-Makeup.jpg?fit=600%2C750&amp;ssl=1\" data-orig-size=\"600,750\" data-comments-opened=\"1\" data-image-meta=\"{&quot;aperture&quot;:&quot;0&quot;,&quot;credit&quot;:&quot;&quot;,&quot;camera&quot;:&quot;&quot;,&quot;caption&quot;:&quot;&quot;,&quot;created_timestamp&quot;:&quot;0&quot;,&quot;copyright&quot;:&quot;&quot;,&quot;focal_length&quot;:&quot;0&quot;,&quot;iso&quot;:&quot;0&quot;,&quot;shutter_speed&quot;:&quot;0&quot;,&quot;title&quot;:&quot;&quot;,&quot;orientation&quot;:&quot;1&quot;}\" data-image-title=\"agrund-LOreal-Paris-Karl-Lagerfeld-Makeup\" data-image-description=\"\" data-image-caption=\"\" data-medium-file=\"https:\/\/i0.wp.com\/agrund.com\/wp-content\/uploads\/sites\/6\/2019\/08\/agrund-LOreal-Paris-Karl-Lagerfeld-Makeup.jpg?fit=240%2C300&amp;ssl=1\" data-large-file=\"https:\/\/i0.wp.com\/agrund.com\/wp-content\/uploads\/sites\/6\/2019\/08\/agrund-LOreal-Paris-Karl-Lagerfeld-Makeup.jpg?fit=600%2C750&amp;ssl=1\" decoding=\"async\" loading=\"lazy\" width=\"600\" height=\"750\" src=\"https:\/\/i0.wp.com\/www.agrund.com\/wp-content\/uploads\/sites\/6\/2019\/08\/agrund-LOreal-Paris-Karl-Lagerfeld-Makeup.jpg?resize=600%2C750&#038;ssl=1\" alt=\"\" class=\"wp-image-201501\" srcset=\"https:\/\/i0.wp.com\/agrund.com\/wp-content\/uploads\/sites\/6\/2019\/08\/agrund-LOreal-Paris-Karl-Lagerfeld-Makeup.jpg?w=600&amp;ssl=1 600w, https:\/\/i0.wp.com\/agrund.com\/wp-content\/uploads\/sites\/6\/2019\/08\/agrund-LOreal-Paris-Karl-Lagerfeld-Makeup.jpg?resize=240%2C300&amp;ssl=1 240w\" sizes=\"(max-width: 600px) 100vw, 600px\" data-recalc-dims=\"1\" \/><figcaption>Confira a campanha da cole\u00e7\u00e3o Karl Lagerfeld x L&#8217;Or\u00e9al Paris  <\/figcaption><\/figure><\/div>\n\n\n\n<div class=\"wp-block-image\"><figure class=\"aligncenter\"><img data-attachment-id=\"201502\" data-permalink=\"https:\/\/agrund.com\/index.php\/confira-a-campanha-da-colecao-karl-lagerfeld-x-loreal-paris\/agrund-loreal-paris-karl-lagerfeld-makeup-4\/\" data-orig-file=\"https:\/\/i0.wp.com\/agrund.com\/wp-content\/uploads\/sites\/6\/2019\/08\/agrund-LOreal-Paris-Karl-Lagerfeld-Makeup-4.jpg?fit=600%2C750&amp;ssl=1\" data-orig-size=\"600,750\" data-comments-opened=\"1\" data-image-meta=\"{&quot;aperture&quot;:&quot;0&quot;,&quot;credit&quot;:&quot;&quot;,&quot;camera&quot;:&quot;&quot;,&quot;caption&quot;:&quot;&quot;,&quot;created_timestamp&quot;:&quot;0&quot;,&quot;copyright&quot;:&quot;&quot;,&quot;focal_length&quot;:&quot;0&quot;,&quot;iso&quot;:&quot;0&quot;,&quot;shutter_speed&quot;:&quot;0&quot;,&quot;title&quot;:&quot;&quot;,&quot;orientation&quot;:&quot;1&quot;}\" data-image-title=\"agrund-LOreal-Paris-Karl-Lagerfeld-Makeup-4\" data-image-description=\"\" data-image-caption=\"\" data-medium-file=\"https:\/\/i0.wp.com\/agrund.com\/wp-content\/uploads\/sites\/6\/2019\/08\/agrund-LOreal-Paris-Karl-Lagerfeld-Makeup-4.jpg?fit=240%2C300&amp;ssl=1\" data-large-file=\"https:\/\/i0.wp.com\/agrund.com\/wp-content\/uploads\/sites\/6\/2019\/08\/agrund-LOreal-Paris-Karl-Lagerfeld-Makeup-4.jpg?fit=600%2C750&amp;ssl=1\" decoding=\"async\" loading=\"lazy\" width=\"600\" height=\"750\" src=\"https:\/\/i0.wp.com\/www.agrund.com\/wp-content\/uploads\/sites\/6\/2019\/08\/agrund-LOreal-Paris-Karl-Lagerfeld-Makeup-4.jpg?resize=600%2C750&#038;ssl=1\" alt=\"\" class=\"wp-image-201502\" srcset=\"https:\/\/i0.wp.com\/agrund.com\/wp-content\/uploads\/sites\/6\/2019\/08\/agrund-LOreal-Paris-Karl-Lagerfeld-Makeup-4.jpg?w=600&amp;ssl=1 600w, https:\/\/i0.wp.com\/agrund.com\/wp-content\/uploads\/sites\/6\/2019\/08\/agrund-LOreal-Paris-Karl-Lagerfeld-Makeup-4.jpg?resize=240%2C300&amp;ssl=1 240w\" sizes=\"(max-width: 600px) 100vw, 600px\" data-recalc-dims=\"1\" \/><figcaption>Confira a campanha da cole\u00e7\u00e3o Karl Lagerfeld x L&#8217;Or\u00e9al Paris  <\/figcaption><\/figure><\/div>\n\n\n\n<p>Fotos: Reprodu\u00e7\u00e3o\/ L&#8217;Or\u00e9al Paris. <\/p>\n","protected":false},"excerpt":{"rendered":"<p>Voc\u00ea se lembra quando contamos AQUI que a L&#8217;Oreal Paris iria lan\u00e7ar uma cole\u00e7\u00e3o em parceria com Karl Lagerfeld? Agora, mais um detalhe dela est\u00e1 entre n\u00f3s! Doutzen Kroes, Luma Grothe, Soo Joo Park e Louise Bourgoin foram as escolhidas para estampar a campanha de divulga\u00e7\u00e3o e tudo foi pensado como uma grande homenagem a [&hellip;]<\/p>\n","protected":false},"author":8,"featured_media":201503,"comment_status":"open","ping_status":"open","sticky":false,"template":"","format":"standard","meta":{"jetpack_post_was_ever_published":false,"_jetpack_newsletter_access":"","jetpack_publicize_message":"","jetpack_is_tweetstorm":false,"jetpack_publicize_feature_enabled":true,"jetpack_social_post_already_shared":true,"jetpack_social_options":{"image_generator_settings":{"template":"highway","enabled":false}}},"categories":[2],"tags":[],"jetpack_publicize_connections":[],"jetpack_featured_media_url":"https:\/\/i0.wp.com\/agrund.com\/wp-content\/uploads\/sites\/6\/2019\/08\/s-137.jpg?fit=960%2C300&ssl=1","jetpack_sharing_enabled":true,"jetpack_shortlink":"https:\/\/wp.me\/p3Hz0n-QpY","jetpack_likes_enabled":true,"_links":{"self":[{"href":"https:\/\/agrund.com\/index.php\/wp-json\/wp\/v2\/posts\/201498"}],"collection":[{"href":"https:\/\/agrund.com\/index.php\/wp-json\/wp\/v2\/posts"}],"about":[{"href":"https:\/\/agrund.com\/index.php\/wp-json\/wp\/v2\/types\/post"}],"author":[{"embeddable":true,"href":"https:\/\/agrund.com\/index.php\/wp-json\/wp\/v2\/users\/8"}],"replies":[{"embeddable":true,"href":"https:\/\/agrund.com\/index.php\/wp-json\/wp\/v2\/comments?post=201498"}],"version-history":[{"count":1,"href":"https:\/\/agrund.com\/index.php\/wp-json\/wp\/v2\/posts\/201498\/revisions"}],"predecessor-version":[{"id":201504,"href":"https:\/\/agrund.com\/index.php\/wp-json\/wp\/v2\/posts\/201498\/revisions\/201504"}],"wp:featuredmedia":[{"embeddable":true,"href":"https:\/\/agrund.com\/index.php\/wp-json\/wp\/v2\/media\/201503"}],"wp:attachment":[{"href":"https:\/\/agrund.com\/index.php\/wp-json\/wp\/v2\/media?parent=201498"}],"wp:term":[{"taxonomy":"category","embeddable":true,"href":"https:\/\/agrund.com\/index.php\/wp-json\/wp\/v2\/categories?post=201498"},{"taxonomy":"post_tag","embeddable":true,"href":"https:\/\/agrund.com\/index.php\/wp-json\/wp\/v2\/tags?post=201498"}],"curies":[{"name":"wp","href":"https:\/\/api.w.org\/{rel}","templated":true}]}}