{"id":201439,"date":"2019-08-29T11:00:45","date_gmt":"2019-08-29T14:00:45","guid":{"rendered":"http:\/\/www.agrund.com\/?p=201439"},"modified":"2019-08-29T11:24:34","modified_gmt":"2019-08-29T14:24:34","slug":"vogue-us-acompanha-camila-cabello-no-vma-2019","status":"publish","type":"post","link":"https:\/\/agrund.com\/index.php\/vogue-us-acompanha-camila-cabello-no-vma-2019\/","title":{"rendered":"&#8216;Vogue US&#8217; acompanha Camila Cabello no VMA 2019"},"content":{"rendered":"\n<p>Os f\u00e3s de Camila Cabello j\u00e1 podem comemorar, pois a &#8216;Vogue&#8217; americana acaba de divulgar um v\u00eddeo acompanhando a cantora em sua prepara\u00e7\u00e3o para o VMA 2019, que aconteceu na \u00faltima segunda-feira.\u00a0<\/p>\n\n\n\n<p>Nas imagens podemos ver a prova de looks em que Camilla escolheu o vestido sexy da Balmain para o red carpet e o PatBo para sua apresenta\u00e7\u00e3o com Shawn Mendes. Sim, a cantora vestiu um modelo exclusivo com aplica\u00e7\u00f5es de p\u00e9rolas e cristais desenvolvido pela brasileira Patr\u00edcia Bonaldi. Amamos!\u00a0<\/p>\n\n\n\n<p>Al\u00e9m do fitting, o v\u00eddeo tamb\u00e9m a acompanha no dia da premia\u00e7\u00e3o, desde a prepara\u00e7\u00e3o de cabelo e maquiagem at\u00e9 ela estar pront\u00edssima para o red carpet.\u00a0<\/p>\n\n\n\n<p>Aperte o play:\u00a0<\/p>\n\n\n\n<figure class=\"wp-block-embed-youtube aligncenter wp-block-embed is-type-video is-provider-youtube wp-embed-aspect-16-9 wp-has-aspect-ratio\"><div class=\"wp-block-embed__wrapper\">\n<span class=\"embed-youtube\" style=\"text-align:center; display: block;\"><iframe loading=\"lazy\" class=\"youtube-player\" width=\"640\" height=\"360\" src=\"https:\/\/www.youtube.com\/embed\/lAigvAeOoqQ?version=3&#038;rel=1&#038;showsearch=0&#038;showinfo=1&#038;iv_load_policy=1&#038;fs=1&#038;hl=pt-BR&#038;autohide=2&#038;wmode=transparent\" allowfullscreen=\"true\" style=\"border:0;\" sandbox=\"allow-scripts allow-same-origin allow-popups allow-presentation\"><\/iframe><\/span>\n<\/div><\/figure>\n\n\n\n<div class=\"wp-block-image\"><figure class=\"aligncenter\"><img data-attachment-id=\"201440\" data-permalink=\"https:\/\/agrund.com\/index.php\/vogue-us-acompanha-camila-cabello-no-vma-2019\/mtv-video-music-awards-arrivals-prudential-center-new-jersey-usa-26-aug-2019\/\" data-orig-file=\"https:\/\/i0.wp.com\/agrund.com\/wp-content\/uploads\/sites\/6\/2019\/08\/agrund-camila-cabello-vma.jpg?fit=600%2C666&amp;ssl=1\" data-orig-size=\"600,666\" data-comments-opened=\"1\" data-image-meta=\"{&quot;aperture&quot;:&quot;0&quot;,&quot;credit&quot;:&quot;Andrew H. Walker\\\/Shutterstock&quot;,&quot;camera&quot;:&quot;&quot;,&quot;caption&quot;:&quot;Mandatory Credit: Photo by Andrew H. Walker\\\/Shutterstock (10369346de)\\rCamila Cabello\\rMTV Video Music Awards, Arrivals, Prudential Center, New Jersey, USA - 26 Aug 2019&quot;,&quot;created_timestamp&quot;:&quot;1566777600&quot;,&quot;copyright&quot;:&quot;Copyright (c) 2019 Shutterstock. No use without permission.&quot;,&quot;focal_length&quot;:&quot;0&quot;,&quot;iso&quot;:&quot;0&quot;,&quot;shutter_speed&quot;:&quot;0&quot;,&quot;title&quot;:&quot;MTV Video Music Awards, Arrivals, Prudential Center, New Jersey, USA - 26 Aug 2019&quot;,&quot;orientation&quot;:&quot;1&quot;}\" data-image-title=\"MTV Video Music Awards, Arrivals, Prudential Center, New Jersey, USA &#8211; 26 Aug 2019\" data-image-description=\"\" data-image-caption=\"&lt;p&gt;Mandatory Credit: Photo by Andrew H. Walker\/Shutterstock (10369346de)&lt;br \/&gt;\nCamila Cabello&lt;br \/&gt;\nMTV Video Music Awards, Arrivals, Prudential Center, New Jersey, USA &#8211; 26 Aug 2019&lt;\/p&gt;\n\" data-medium-file=\"https:\/\/i0.wp.com\/agrund.com\/wp-content\/uploads\/sites\/6\/2019\/08\/agrund-camila-cabello-vma.jpg?fit=270%2C300&amp;ssl=1\" data-large-file=\"https:\/\/i0.wp.com\/agrund.com\/wp-content\/uploads\/sites\/6\/2019\/08\/agrund-camila-cabello-vma.jpg?fit=600%2C666&amp;ssl=1\" decoding=\"async\" loading=\"lazy\" width=\"600\" height=\"666\" src=\"https:\/\/i0.wp.com\/www.agrund.com\/wp-content\/uploads\/sites\/6\/2019\/08\/agrund-camila-cabello-vma.jpg?resize=600%2C666&#038;ssl=1\" alt=\"\" class=\"wp-image-201440\" srcset=\"https:\/\/i0.wp.com\/agrund.com\/wp-content\/uploads\/sites\/6\/2019\/08\/agrund-camila-cabello-vma.jpg?w=600&amp;ssl=1 600w, https:\/\/i0.wp.com\/agrund.com\/wp-content\/uploads\/sites\/6\/2019\/08\/agrund-camila-cabello-vma.jpg?resize=270%2C300&amp;ssl=1 270w\" sizes=\"(max-width: 600px) 100vw, 600px\" data-recalc-dims=\"1\" \/><figcaption>&#8216;Vogue US&#8217; acompanha Camila Cabello no VMA 2019 <\/figcaption><\/figure><\/div>\n\n\n\n<p>Foto e V\u00eddeo: Reprodu\u00e7\u00e3o. <\/p>\n","protected":false},"excerpt":{"rendered":"<p>Os f\u00e3s de Camila Cabello j\u00e1 podem comemorar, pois a &#8216;Vogue&#8217; americana acaba de divulgar um v\u00eddeo acompanhando a cantora em sua prepara\u00e7\u00e3o para o VMA 2019, que aconteceu na \u00faltima segunda-feira.\u00a0 Nas imagens podemos ver a prova de looks em que Camilla escolheu o vestido sexy da Balmain para o red carpet e o [&hellip;]<\/p>\n","protected":false},"author":8,"featured_media":201441,"comment_status":"open","ping_status":"open","sticky":false,"template":"","format":"standard","meta":{"jetpack_post_was_ever_published":false,"_jetpack_newsletter_access":"","jetpack_publicize_message":"","jetpack_is_tweetstorm":false,"jetpack_publicize_feature_enabled":true,"jetpack_social_post_already_shared":true,"jetpack_social_options":{"image_generator_settings":{"template":"highway","enabled":false}}},"categories":[2],"tags":[395,375,728,347,72,67,386,582,408,411],"jetpack_publicize_connections":[],"jetpack_featured_media_url":"https:\/\/i0.wp.com\/agrund.com\/wp-content\/uploads\/sites\/6\/2019\/08\/s-130.jpg?fit=960%2C300&ssl=1","jetpack_sharing_enabled":true,"jetpack_shortlink":"https:\/\/wp.me\/p3Hz0n-Qp1","jetpack_likes_enabled":true,"_links":{"self":[{"href":"https:\/\/agrund.com\/index.php\/wp-json\/wp\/v2\/posts\/201439"}],"collection":[{"href":"https:\/\/agrund.com\/index.php\/wp-json\/wp\/v2\/posts"}],"about":[{"href":"https:\/\/agrund.com\/index.php\/wp-json\/wp\/v2\/types\/post"}],"author":[{"embeddable":true,"href":"https:\/\/agrund.com\/index.php\/wp-json\/wp\/v2\/users\/8"}],"replies":[{"embeddable":true,"href":"https:\/\/agrund.com\/index.php\/wp-json\/wp\/v2\/comments?post=201439"}],"version-history":[{"count":1,"href":"https:\/\/agrund.com\/index.php\/wp-json\/wp\/v2\/posts\/201439\/revisions"}],"predecessor-version":[{"id":201442,"href":"https:\/\/agrund.com\/index.php\/wp-json\/wp\/v2\/posts\/201439\/revisions\/201442"}],"wp:featuredmedia":[{"embeddable":true,"href":"https:\/\/agrund.com\/index.php\/wp-json\/wp\/v2\/media\/201441"}],"wp:attachment":[{"href":"https:\/\/agrund.com\/index.php\/wp-json\/wp\/v2\/media?parent=201439"}],"wp:term":[{"taxonomy":"category","embeddable":true,"href":"https:\/\/agrund.com\/index.php\/wp-json\/wp\/v2\/categories?post=201439"},{"taxonomy":"post_tag","embeddable":true,"href":"https:\/\/agrund.com\/index.php\/wp-json\/wp\/v2\/tags?post=201439"}],"curies":[{"name":"wp","href":"https:\/\/api.w.org\/{rel}","templated":true}]}}