{"id":201394,"date":"2019-08-28T12:00:31","date_gmt":"2019-08-28T15:00:31","guid":{"rendered":"http:\/\/www.agrund.com\/?p=201394"},"modified":"2019-08-28T10:13:14","modified_gmt":"2019-08-28T13:13:14","slug":"lvmh-nomeia-premio-em-homenagem-a-karl-lagerfeld","status":"publish","type":"post","link":"https:\/\/agrund.com\/index.php\/lvmh-nomeia-premio-em-homenagem-a-karl-lagerfeld\/","title":{"rendered":"LVMH nomeia pr\u00eamio em homenagem a Karl Lagerfeld"},"content":{"rendered":"\n<p>A pr\u00f3xima edi\u00e7\u00e3o do Pr\u00eamio LVMH acontece no dia 04 de setembro e o evento anunciou uma mudan\u00e7a. Seu\u00a0mais aguardado Special Prize, aquele que oferece 150 mil euros e um ano de acompanhamento de experts da ind\u00fastria ao vencedor, ser\u00e1 rebatizado com o nome de Karl Lagerfeld.\u00a0<\/p>\n\n\n\n<p>O estilista, que faleceu em fevereiro deste ano, participava da banca de jurados do pr\u00eamio desde 2014, ent\u00e3o esta \u00e9 uma forma muito bacana de tamb\u00e9m celebrar o legado dele.\u00a0<\/p>\n\n\n\n<p>&#8220;Ele sempre esteve totalmente comprometido desde o primeiro dia, nos transbordando com seu entusiasmo e energia, compartilhando com todos sua cultura e sua paix\u00e3o pela moda&#8221;, disse Delphine Arnault ao WWD.\u00a0<br><\/p>\n\n\n\n<div class=\"wp-block-image\"><figure class=\"aligncenter\"><img data-attachment-id=\"201395\" data-permalink=\"https:\/\/agrund.com\/index.php\/lvmh-nomeia-premio-em-homenagem-a-karl-lagerfeld\/agrund-karl-lagerfeld-2\/\" data-orig-file=\"https:\/\/i0.wp.com\/agrund.com\/wp-content\/uploads\/sites\/6\/2019\/08\/agrund-karl-lagerfeld.jpg?fit=600%2C311&amp;ssl=1\" data-orig-size=\"600,311\" data-comments-opened=\"1\" data-image-meta=\"{&quot;aperture&quot;:&quot;0&quot;,&quot;credit&quot;:&quot;&quot;,&quot;camera&quot;:&quot;&quot;,&quot;caption&quot;:&quot;&quot;,&quot;created_timestamp&quot;:&quot;0&quot;,&quot;copyright&quot;:&quot;&quot;,&quot;focal_length&quot;:&quot;0&quot;,&quot;iso&quot;:&quot;0&quot;,&quot;shutter_speed&quot;:&quot;0&quot;,&quot;title&quot;:&quot;&quot;,&quot;orientation&quot;:&quot;1&quot;}\" data-image-title=\"agrund-karl-lagerfeld\" data-image-description=\"\" data-image-caption=\"\" data-medium-file=\"https:\/\/i0.wp.com\/agrund.com\/wp-content\/uploads\/sites\/6\/2019\/08\/agrund-karl-lagerfeld.jpg?fit=300%2C156&amp;ssl=1\" data-large-file=\"https:\/\/i0.wp.com\/agrund.com\/wp-content\/uploads\/sites\/6\/2019\/08\/agrund-karl-lagerfeld.jpg?fit=600%2C311&amp;ssl=1\" decoding=\"async\" loading=\"lazy\" width=\"600\" height=\"311\" src=\"https:\/\/i0.wp.com\/www.agrund.com\/wp-content\/uploads\/sites\/6\/2019\/08\/agrund-karl-lagerfeld.jpg?resize=600%2C311&#038;ssl=1\" alt=\"\" class=\"wp-image-201395\" srcset=\"https:\/\/i0.wp.com\/agrund.com\/wp-content\/uploads\/sites\/6\/2019\/08\/agrund-karl-lagerfeld.jpg?w=600&amp;ssl=1 600w, https:\/\/i0.wp.com\/agrund.com\/wp-content\/uploads\/sites\/6\/2019\/08\/agrund-karl-lagerfeld.jpg?resize=300%2C156&amp;ssl=1 300w\" sizes=\"(max-width: 600px) 100vw, 600px\" data-recalc-dims=\"1\" \/><figcaption>LVMH nomeia pr\u00eamio em homenagem a Karl Lagerfeld  <\/figcaption><\/figure><\/div>\n\n\n\n<p>Foto: Reprodu\u00e7\u00e3o. <\/p>\n","protected":false},"excerpt":{"rendered":"<p>A pr\u00f3xima edi\u00e7\u00e3o do Pr\u00eamio LVMH acontece no dia 04 de setembro e o evento anunciou uma mudan\u00e7a. Seu\u00a0mais aguardado Special Prize, aquele que oferece 150 mil euros e um ano de acompanhamento de experts da ind\u00fastria ao vencedor, ser\u00e1 rebatizado com o nome de Karl Lagerfeld.\u00a0 O estilista, que faleceu em fevereiro deste ano, [&hellip;]<\/p>\n","protected":false},"author":8,"featured_media":201396,"comment_status":"open","ping_status":"open","sticky":false,"template":"","format":"standard","meta":{"jetpack_post_was_ever_published":false,"_jetpack_newsletter_access":"","jetpack_publicize_message":"","jetpack_is_tweetstorm":false,"jetpack_publicize_feature_enabled":true,"jetpack_social_post_already_shared":true,"jetpack_social_options":{"image_generator_settings":{"template":"highway","enabled":false}}},"categories":[2],"tags":[],"jetpack_publicize_connections":[],"jetpack_featured_media_url":"https:\/\/i0.wp.com\/agrund.com\/wp-content\/uploads\/sites\/6\/2019\/08\/s-125.jpg?fit=960%2C300&ssl=1","jetpack_sharing_enabled":true,"jetpack_shortlink":"https:\/\/wp.me\/p3Hz0n-Qoi","jetpack_likes_enabled":true,"_links":{"self":[{"href":"https:\/\/agrund.com\/index.php\/wp-json\/wp\/v2\/posts\/201394"}],"collection":[{"href":"https:\/\/agrund.com\/index.php\/wp-json\/wp\/v2\/posts"}],"about":[{"href":"https:\/\/agrund.com\/index.php\/wp-json\/wp\/v2\/types\/post"}],"author":[{"embeddable":true,"href":"https:\/\/agrund.com\/index.php\/wp-json\/wp\/v2\/users\/8"}],"replies":[{"embeddable":true,"href":"https:\/\/agrund.com\/index.php\/wp-json\/wp\/v2\/comments?post=201394"}],"version-history":[{"count":1,"href":"https:\/\/agrund.com\/index.php\/wp-json\/wp\/v2\/posts\/201394\/revisions"}],"predecessor-version":[{"id":201397,"href":"https:\/\/agrund.com\/index.php\/wp-json\/wp\/v2\/posts\/201394\/revisions\/201397"}],"wp:featuredmedia":[{"embeddable":true,"href":"https:\/\/agrund.com\/index.php\/wp-json\/wp\/v2\/media\/201396"}],"wp:attachment":[{"href":"https:\/\/agrund.com\/index.php\/wp-json\/wp\/v2\/media?parent=201394"}],"wp:term":[{"taxonomy":"category","embeddable":true,"href":"https:\/\/agrund.com\/index.php\/wp-json\/wp\/v2\/categories?post=201394"},{"taxonomy":"post_tag","embeddable":true,"href":"https:\/\/agrund.com\/index.php\/wp-json\/wp\/v2\/tags?post=201394"}],"curies":[{"name":"wp","href":"https:\/\/api.w.org\/{rel}","templated":true}]}}