{"id":201388,"date":"2019-08-28T11:00:43","date_gmt":"2019-08-28T14:00:43","guid":{"rendered":"http:\/\/www.agrund.com\/?p=201388"},"modified":"2019-08-28T10:05:07","modified_gmt":"2019-08-28T13:05:07","slug":"amanda-seyfried-brilha-em-nova-campanha","status":"publish","type":"post","link":"https:\/\/agrund.com\/index.php\/amanda-seyfried-brilha-em-nova-campanha\/","title":{"rendered":"Amanda Seyfried brilha em nova campanha"},"content":{"rendered":"\n<p>Das telonas para as campanhas. Depois de ser nomeada embaixadora da Jaeger-LeCoultre no come\u00e7o deste ano, Amanda Seyfried aparece na nova campanha da marca de rel\u00f3gios de luxo.\u00a0<\/p>\n\n\n\n<p>Nos cliques em preto e branco, a atriz nos apresenta o rel\u00f3gio &#8216;The Moon&#8217;, com uma caixa\u00a0 em ouro ros\u00e9, ponteiros em madrep\u00e9rola e 478 diamantes contornando toda a pe\u00e7a. Quem a\u00ed n\u00e3o gostaria de ter um desses, n\u00e3o \u00e9 mesmo?<\/p>\n\n\n\n<p>Confira as imagens aqui:\u00a0<\/p>\n\n\n\n<div class=\"wp-block-image\"><figure class=\"aligncenter\"><img data-attachment-id=\"201389\" data-permalink=\"https:\/\/agrund.com\/index.php\/amanda-seyfried-brilha-em-nova-campanha\/agrund-amanda-seyfried-jaeger-lecoultre-watch-2\/\" data-orig-file=\"https:\/\/i0.wp.com\/agrund.com\/wp-content\/uploads\/sites\/6\/2019\/08\/agrund-Amanda-Seyfried-Jaeger-LeCoultre-Watch-2.jpg?fit=600%2C344&amp;ssl=1\" data-orig-size=\"600,344\" data-comments-opened=\"1\" data-image-meta=\"{&quot;aperture&quot;:&quot;0&quot;,&quot;credit&quot;:&quot;&quot;,&quot;camera&quot;:&quot;&quot;,&quot;caption&quot;:&quot;&quot;,&quot;created_timestamp&quot;:&quot;0&quot;,&quot;copyright&quot;:&quot;&quot;,&quot;focal_length&quot;:&quot;0&quot;,&quot;iso&quot;:&quot;0&quot;,&quot;shutter_speed&quot;:&quot;0&quot;,&quot;title&quot;:&quot;&quot;,&quot;orientation&quot;:&quot;1&quot;}\" data-image-title=\"agrund-Amanda-Seyfried-Jaeger-LeCoultre-Watch-2\" data-image-description=\"\" data-image-caption=\"\" data-medium-file=\"https:\/\/i0.wp.com\/agrund.com\/wp-content\/uploads\/sites\/6\/2019\/08\/agrund-Amanda-Seyfried-Jaeger-LeCoultre-Watch-2.jpg?fit=300%2C172&amp;ssl=1\" data-large-file=\"https:\/\/i0.wp.com\/agrund.com\/wp-content\/uploads\/sites\/6\/2019\/08\/agrund-Amanda-Seyfried-Jaeger-LeCoultre-Watch-2.jpg?fit=600%2C344&amp;ssl=1\" decoding=\"async\" loading=\"lazy\" width=\"600\" height=\"344\" src=\"https:\/\/i0.wp.com\/www.agrund.com\/wp-content\/uploads\/sites\/6\/2019\/08\/agrund-Amanda-Seyfried-Jaeger-LeCoultre-Watch-2.jpg?resize=600%2C344&#038;ssl=1\" alt=\"\" class=\"wp-image-201389\" srcset=\"https:\/\/i0.wp.com\/agrund.com\/wp-content\/uploads\/sites\/6\/2019\/08\/agrund-Amanda-Seyfried-Jaeger-LeCoultre-Watch-2.jpg?w=600&amp;ssl=1 600w, https:\/\/i0.wp.com\/agrund.com\/wp-content\/uploads\/sites\/6\/2019\/08\/agrund-Amanda-Seyfried-Jaeger-LeCoultre-Watch-2.jpg?resize=300%2C172&amp;ssl=1 300w\" sizes=\"(max-width: 600px) 100vw, 600px\" data-recalc-dims=\"1\" \/><figcaption>Amanda Seyfried brilha em nova campanha  <\/figcaption><\/figure><\/div>\n\n\n\n<div class=\"wp-block-image\"><figure class=\"aligncenter\"><img data-attachment-id=\"201390\" data-permalink=\"https:\/\/agrund.com\/index.php\/amanda-seyfried-brilha-em-nova-campanha\/agrund-amanda-seyfried-jaeger-lecoultre-watch\/\" data-orig-file=\"https:\/\/i0.wp.com\/agrund.com\/wp-content\/uploads\/sites\/6\/2019\/08\/agrund-Amanda-Seyfried-Jaeger-LeCoultre-Watch.jpg?fit=600%2C902&amp;ssl=1\" data-orig-size=\"600,902\" data-comments-opened=\"1\" data-image-meta=\"{&quot;aperture&quot;:&quot;0&quot;,&quot;credit&quot;:&quot;&quot;,&quot;camera&quot;:&quot;&quot;,&quot;caption&quot;:&quot;&quot;,&quot;created_timestamp&quot;:&quot;0&quot;,&quot;copyright&quot;:&quot;&quot;,&quot;focal_length&quot;:&quot;0&quot;,&quot;iso&quot;:&quot;0&quot;,&quot;shutter_speed&quot;:&quot;0&quot;,&quot;title&quot;:&quot;&quot;,&quot;orientation&quot;:&quot;1&quot;}\" data-image-title=\"agrund-Amanda-Seyfried-Jaeger-LeCoultre-Watch\" data-image-description=\"\" data-image-caption=\"\" data-medium-file=\"https:\/\/i0.wp.com\/agrund.com\/wp-content\/uploads\/sites\/6\/2019\/08\/agrund-Amanda-Seyfried-Jaeger-LeCoultre-Watch.jpg?fit=200%2C300&amp;ssl=1\" data-large-file=\"https:\/\/i0.wp.com\/agrund.com\/wp-content\/uploads\/sites\/6\/2019\/08\/agrund-Amanda-Seyfried-Jaeger-LeCoultre-Watch.jpg?fit=600%2C902&amp;ssl=1\" decoding=\"async\" loading=\"lazy\" width=\"600\" height=\"902\" src=\"https:\/\/i0.wp.com\/www.agrund.com\/wp-content\/uploads\/sites\/6\/2019\/08\/agrund-Amanda-Seyfried-Jaeger-LeCoultre-Watch.jpg?resize=600%2C902&#038;ssl=1\" alt=\"\" class=\"wp-image-201390\" srcset=\"https:\/\/i0.wp.com\/agrund.com\/wp-content\/uploads\/sites\/6\/2019\/08\/agrund-Amanda-Seyfried-Jaeger-LeCoultre-Watch.jpg?w=600&amp;ssl=1 600w, https:\/\/i0.wp.com\/agrund.com\/wp-content\/uploads\/sites\/6\/2019\/08\/agrund-Amanda-Seyfried-Jaeger-LeCoultre-Watch.jpg?resize=200%2C300&amp;ssl=1 200w\" sizes=\"(max-width: 600px) 100vw, 600px\" data-recalc-dims=\"1\" \/><figcaption>Amanda Seyfried brilha em nova campanha  <\/figcaption><\/figure><\/div>\n\n\n\n<div class=\"wp-block-image\"><figure class=\"aligncenter\"><img data-attachment-id=\"201391\" data-permalink=\"https:\/\/agrund.com\/index.php\/amanda-seyfried-brilha-em-nova-campanha\/agrund-amanda-seyfried-jaeger-lecoultre-watch-3\/\" data-orig-file=\"https:\/\/i0.wp.com\/agrund.com\/wp-content\/uploads\/sites\/6\/2019\/08\/agrund-Amanda-Seyfried-Jaeger-LeCoultre-Watch-3.jpg?fit=600%2C393&amp;ssl=1\" data-orig-size=\"600,393\" data-comments-opened=\"1\" data-image-meta=\"{&quot;aperture&quot;:&quot;0&quot;,&quot;credit&quot;:&quot;&quot;,&quot;camera&quot;:&quot;&quot;,&quot;caption&quot;:&quot;&quot;,&quot;created_timestamp&quot;:&quot;0&quot;,&quot;copyright&quot;:&quot;&quot;,&quot;focal_length&quot;:&quot;0&quot;,&quot;iso&quot;:&quot;0&quot;,&quot;shutter_speed&quot;:&quot;0&quot;,&quot;title&quot;:&quot;&quot;,&quot;orientation&quot;:&quot;1&quot;}\" data-image-title=\"agrund-Amanda-Seyfried-Jaeger-LeCoultre-Watch-3\" data-image-description=\"\" data-image-caption=\"\" data-medium-file=\"https:\/\/i0.wp.com\/agrund.com\/wp-content\/uploads\/sites\/6\/2019\/08\/agrund-Amanda-Seyfried-Jaeger-LeCoultre-Watch-3.jpg?fit=300%2C197&amp;ssl=1\" data-large-file=\"https:\/\/i0.wp.com\/agrund.com\/wp-content\/uploads\/sites\/6\/2019\/08\/agrund-Amanda-Seyfried-Jaeger-LeCoultre-Watch-3.jpg?fit=600%2C393&amp;ssl=1\" decoding=\"async\" loading=\"lazy\" width=\"600\" height=\"393\" src=\"https:\/\/i0.wp.com\/www.agrund.com\/wp-content\/uploads\/sites\/6\/2019\/08\/agrund-Amanda-Seyfried-Jaeger-LeCoultre-Watch-3.jpg?resize=600%2C393&#038;ssl=1\" alt=\"\" class=\"wp-image-201391\" srcset=\"https:\/\/i0.wp.com\/agrund.com\/wp-content\/uploads\/sites\/6\/2019\/08\/agrund-Amanda-Seyfried-Jaeger-LeCoultre-Watch-3.jpg?w=600&amp;ssl=1 600w, https:\/\/i0.wp.com\/agrund.com\/wp-content\/uploads\/sites\/6\/2019\/08\/agrund-Amanda-Seyfried-Jaeger-LeCoultre-Watch-3.jpg?resize=300%2C197&amp;ssl=1 300w\" sizes=\"(max-width: 600px) 100vw, 600px\" data-recalc-dims=\"1\" \/><figcaption>Amanda Seyfried brilha em nova campanha  <\/figcaption><\/figure><\/div>\n\n\n\n<p>Fotos: Reprodu\u00e7\u00e3o. <\/p>\n","protected":false},"excerpt":{"rendered":"<p>Das telonas para as campanhas. Depois de ser nomeada embaixadora da Jaeger-LeCoultre no come\u00e7o deste ano, Amanda Seyfried aparece na nova campanha da marca de rel\u00f3gios de luxo.\u00a0 Nos cliques em preto e branco, a atriz nos apresenta o rel\u00f3gio &#8216;The Moon&#8217;, com uma caixa\u00a0 em ouro ros\u00e9, ponteiros em madrep\u00e9rola e 478 diamantes contornando [&hellip;]<\/p>\n","protected":false},"author":8,"featured_media":201392,"comment_status":"open","ping_status":"open","sticky":false,"template":"","format":"standard","meta":{"jetpack_post_was_ever_published":false,"_jetpack_newsletter_access":"","jetpack_publicize_message":"","jetpack_is_tweetstorm":false,"jetpack_publicize_feature_enabled":true,"jetpack_social_post_already_shared":true,"jetpack_social_options":{"image_generator_settings":{"template":"highway","enabled":false}}},"categories":[2],"tags":[],"jetpack_publicize_connections":[],"jetpack_featured_media_url":"https:\/\/i0.wp.com\/agrund.com\/wp-content\/uploads\/sites\/6\/2019\/08\/s-124.jpg?fit=960%2C300&ssl=1","jetpack_sharing_enabled":true,"jetpack_shortlink":"https:\/\/wp.me\/p3Hz0n-Qoc","jetpack_likes_enabled":true,"_links":{"self":[{"href":"https:\/\/agrund.com\/index.php\/wp-json\/wp\/v2\/posts\/201388"}],"collection":[{"href":"https:\/\/agrund.com\/index.php\/wp-json\/wp\/v2\/posts"}],"about":[{"href":"https:\/\/agrund.com\/index.php\/wp-json\/wp\/v2\/types\/post"}],"author":[{"embeddable":true,"href":"https:\/\/agrund.com\/index.php\/wp-json\/wp\/v2\/users\/8"}],"replies":[{"embeddable":true,"href":"https:\/\/agrund.com\/index.php\/wp-json\/wp\/v2\/comments?post=201388"}],"version-history":[{"count":1,"href":"https:\/\/agrund.com\/index.php\/wp-json\/wp\/v2\/posts\/201388\/revisions"}],"predecessor-version":[{"id":201393,"href":"https:\/\/agrund.com\/index.php\/wp-json\/wp\/v2\/posts\/201388\/revisions\/201393"}],"wp:featuredmedia":[{"embeddable":true,"href":"https:\/\/agrund.com\/index.php\/wp-json\/wp\/v2\/media\/201392"}],"wp:attachment":[{"href":"https:\/\/agrund.com\/index.php\/wp-json\/wp\/v2\/media?parent=201388"}],"wp:term":[{"taxonomy":"category","embeddable":true,"href":"https:\/\/agrund.com\/index.php\/wp-json\/wp\/v2\/categories?post=201388"},{"taxonomy":"post_tag","embeddable":true,"href":"https:\/\/agrund.com\/index.php\/wp-json\/wp\/v2\/tags?post=201388"}],"curies":[{"name":"wp","href":"https:\/\/api.w.org\/{rel}","templated":true}]}}