{"id":201384,"date":"2019-08-28T10:00:34","date_gmt":"2019-08-28T13:00:34","guid":{"rendered":"http:\/\/www.agrund.com\/?p=201384"},"modified":"2019-08-28T09:57:37","modified_gmt":"2019-08-28T12:57:37","slug":"viola-davis-vivera-michelle-obama-em-nova-serie","status":"publish","type":"post","link":"https:\/\/agrund.com\/index.php\/viola-davis-vivera-michelle-obama-em-nova-serie\/","title":{"rendered":"Viola Davis viver\u00e1 Michelle Obama em nova s\u00e9rie"},"content":{"rendered":"\n<p>\u00c9 isso mesmo que voc\u00ea leu no t\u00edtulo! Viola Davis foi escalada para dar vida a ningu\u00e9m menos que Michelle Obama na s\u00e9rie &#8216;First Ladies&#8217;, da Showtime.&nbsp;<\/p>\n\n\n\n<p>Ainda sem previs\u00e3o de estreia, a s\u00e9rie mostrar\u00e1 como era a vida das primeiras-damas dos presidentes americanos ao longo da hist\u00f3ria dos Estados Unidos.&nbsp;<\/p>\n\n\n\n<p>Quem ser\u00e1 que entrar\u00e1 para o elenco? Fa\u00e7am suas apostas!\u00a0<\/p>\n\n\n\n<div class=\"wp-block-image\"><figure class=\"aligncenter\"><img data-attachment-id=\"201385\" data-permalink=\"https:\/\/agrund.com\/index.php\/viola-davis-vivera-michelle-obama-em-nova-serie\/agrund-viola-davis-michelle-obama\/\" data-orig-file=\"https:\/\/i0.wp.com\/agrund.com\/wp-content\/uploads\/sites\/6\/2019\/08\/agrund-viola-davis-michelle-obama.jpg?fit=600%2C400&amp;ssl=1\" data-orig-size=\"600,400\" data-comments-opened=\"1\" data-image-meta=\"{&quot;aperture&quot;:&quot;0&quot;,&quot;credit&quot;:&quot;&quot;,&quot;camera&quot;:&quot;&quot;,&quot;caption&quot;:&quot;WEST HOLLYWOOD, CA - SEPTEMBER 15:  Actress Viola Davis attends Variety and Women In Film&#039;s 2017 pre-Emmy celebration at Gracias Madre on September 15, 2017 in West Hollywood, California.  (Photo by Jason LaVeris\\\/FilmMagic)\\r\\rNEWARK, NJ - MARCH 28:  First Lady of the United States Michelle Obama speaks onstage during the &#039;Black Girls Rock!&#039; BET Special at NJ Performing Arts Center on March 28, 2015 in Newark, New Jersey.  (Photo by Gilbert Carrasquillo\\\/FilmMagic)&quot;,&quot;created_timestamp&quot;:&quot;0&quot;,&quot;copyright&quot;:&quot;&quot;,&quot;focal_length&quot;:&quot;0&quot;,&quot;iso&quot;:&quot;0&quot;,&quot;shutter_speed&quot;:&quot;0&quot;,&quot;title&quot;:&quot;&quot;,&quot;orientation&quot;:&quot;1&quot;}\" data-image-title=\"agrund-viola-davis-michelle-obama\" data-image-description=\"\" data-image-caption=\"&lt;p&gt;WEST HOLLYWOOD, CA &#8211; SEPTEMBER 15:  Actress Viola Davis attends Variety and Women In Film&#8217;s 2017 pre-Emmy celebration at Gracias Madre on September 15, 2017 in West Hollywood, California.  (Photo by Jason LaVeris\/FilmMagic)&lt;\/p&gt;\n&lt;p&gt;NEWARK, NJ &#8211; MARCH 28:  First Lady of the United States Michelle Obama speaks onstage during the &#8216;Black Girls Rock!&#8217; BET Special at NJ Performing Arts Center on March 28, 2015 in Newark, New Jersey.  (Photo by Gilbert Carrasquillo\/FilmMagic)&lt;\/p&gt;\n\" data-medium-file=\"https:\/\/i0.wp.com\/agrund.com\/wp-content\/uploads\/sites\/6\/2019\/08\/agrund-viola-davis-michelle-obama.jpg?fit=300%2C200&amp;ssl=1\" data-large-file=\"https:\/\/i0.wp.com\/agrund.com\/wp-content\/uploads\/sites\/6\/2019\/08\/agrund-viola-davis-michelle-obama.jpg?fit=600%2C400&amp;ssl=1\" decoding=\"async\" loading=\"lazy\" width=\"600\" height=\"400\" src=\"https:\/\/i0.wp.com\/www.agrund.com\/wp-content\/uploads\/sites\/6\/2019\/08\/agrund-viola-davis-michelle-obama.jpg?resize=600%2C400&#038;ssl=1\" alt=\"\" class=\"wp-image-201385\" srcset=\"https:\/\/i0.wp.com\/agrund.com\/wp-content\/uploads\/sites\/6\/2019\/08\/agrund-viola-davis-michelle-obama.jpg?w=600&amp;ssl=1 600w, https:\/\/i0.wp.com\/agrund.com\/wp-content\/uploads\/sites\/6\/2019\/08\/agrund-viola-davis-michelle-obama.jpg?resize=300%2C200&amp;ssl=1 300w\" sizes=\"(max-width: 600px) 100vw, 600px\" data-recalc-dims=\"1\" \/><figcaption>Viola Davis viver\u00e1 Michelle Obama em nova s\u00e9rie<\/figcaption><\/figure><\/div>\n\n\n\n<p>Fotos: Reprodu\u00e7\u00e3o. <\/p>\n","protected":false},"excerpt":{"rendered":"<p>\u00c9 isso mesmo que voc\u00ea leu no t\u00edtulo! Viola Davis foi escalada para dar vida a ningu\u00e9m menos que Michelle Obama na s\u00e9rie &#8216;First Ladies&#8217;, da Showtime.&nbsp; Ainda sem previs\u00e3o de estreia, a s\u00e9rie mostrar\u00e1 como era a vida das primeiras-damas dos presidentes americanos ao longo da hist\u00f3ria dos Estados Unidos.&nbsp; Quem ser\u00e1 que entrar\u00e1 [&hellip;]<\/p>\n","protected":false},"author":8,"featured_media":201386,"comment_status":"open","ping_status":"open","sticky":false,"template":"","format":"standard","meta":{"jetpack_post_was_ever_published":false,"_jetpack_newsletter_access":"","jetpack_publicize_message":"","jetpack_is_tweetstorm":false,"jetpack_publicize_feature_enabled":true,"jetpack_social_post_already_shared":true,"jetpack_social_options":{"image_generator_settings":{"template":"highway","enabled":false}}},"categories":[2],"tags":[],"jetpack_publicize_connections":[],"jetpack_featured_media_url":"https:\/\/i0.wp.com\/agrund.com\/wp-content\/uploads\/sites\/6\/2019\/08\/s-123.jpg?fit=960%2C300&ssl=1","jetpack_sharing_enabled":true,"jetpack_shortlink":"https:\/\/wp.me\/p3Hz0n-Qo8","jetpack_likes_enabled":true,"_links":{"self":[{"href":"https:\/\/agrund.com\/index.php\/wp-json\/wp\/v2\/posts\/201384"}],"collection":[{"href":"https:\/\/agrund.com\/index.php\/wp-json\/wp\/v2\/posts"}],"about":[{"href":"https:\/\/agrund.com\/index.php\/wp-json\/wp\/v2\/types\/post"}],"author":[{"embeddable":true,"href":"https:\/\/agrund.com\/index.php\/wp-json\/wp\/v2\/users\/8"}],"replies":[{"embeddable":true,"href":"https:\/\/agrund.com\/index.php\/wp-json\/wp\/v2\/comments?post=201384"}],"version-history":[{"count":1,"href":"https:\/\/agrund.com\/index.php\/wp-json\/wp\/v2\/posts\/201384\/revisions"}],"predecessor-version":[{"id":201387,"href":"https:\/\/agrund.com\/index.php\/wp-json\/wp\/v2\/posts\/201384\/revisions\/201387"}],"wp:featuredmedia":[{"embeddable":true,"href":"https:\/\/agrund.com\/index.php\/wp-json\/wp\/v2\/media\/201386"}],"wp:attachment":[{"href":"https:\/\/agrund.com\/index.php\/wp-json\/wp\/v2\/media?parent=201384"}],"wp:term":[{"taxonomy":"category","embeddable":true,"href":"https:\/\/agrund.com\/index.php\/wp-json\/wp\/v2\/categories?post=201384"},{"taxonomy":"post_tag","embeddable":true,"href":"https:\/\/agrund.com\/index.php\/wp-json\/wp\/v2\/tags?post=201384"}],"curies":[{"name":"wp","href":"https:\/\/api.w.org\/{rel}","templated":true}]}}