{"id":201376,"date":"2019-08-27T13:00:41","date_gmt":"2019-08-27T16:00:41","guid":{"rendered":"http:\/\/www.agrund.com\/?p=201376"},"modified":"2019-08-27T16:19:52","modified_gmt":"2019-08-27T19:19:52","slug":"kim-kardashian-revela-o-nome-de-sua-nova-marca","status":"publish","type":"post","link":"https:\/\/agrund.com\/index.php\/kim-kardashian-revela-o-nome-de-sua-nova-marca\/","title":{"rendered":"Kim Kardashian revela o nome de sua nova marca"},"content":{"rendered":"\n<p>Voc\u00ea se lembra quando contamos <a href=\"https:\/\/www.agrund.com\/kim-kardashian-lanca-nova-marca\/\">AQUI<\/a> sobre a marca de modeladores de corpo que Kim Kardashian lan\u00e7aria? Assim que ela anunciou o nome Kimono, a empresa recebeu muitas cr\u00edticas e foi acusada de apropria\u00e7\u00e3o cultural, o que a fez pedir desculpas publicamente e afirmar que mudaria o nome da linha.\u00a0<\/p>\n\n\n\n<p>Agora, cerca de dois meses depois, a empres\u00e1ria revelou que a marca se chamar\u00e1 SKIMS e est\u00e1 prevista para chegar ao mercado em setembro.\u00a0\u00a0<\/p>\n\n\n\n<p>&#8220;Meus f\u00e3s e seguidores s\u00e3o uma grande inspira\u00e7\u00e3o para mim. Estou sempre ouvindo seu feedback e opini\u00f5es, e agrade\u00e7o que eles tenham compartilhado comigo suas ideias para um novo nome para minha marca. Depois de muito pensar e considerar, estou feliz de anunciar o lan\u00e7amento da SKIMS Solutionwear, que chega em 10 de setembro.&#8221;, publicou ela em seu Instagram.<\/p>\n\n\n\n<p>Alguma d\u00favida de que ser\u00e1 um sucesso de vendas? N\u00f3s n\u00e3o temos!\u00a0<\/p>\n\n\n\n<div class=\"wp-block-image\"><figure class=\"aligncenter\"><img data-attachment-id=\"201377\" data-permalink=\"https:\/\/agrund.com\/index.php\/kim-kardashian-revela-o-nome-de-sua-nova-marca\/agrund-kim-kardashian-skims\/\" data-orig-file=\"https:\/\/i0.wp.com\/agrund.com\/wp-content\/uploads\/sites\/6\/2019\/08\/agrund-kim-kardashian-skims.jpg?fit=600%2C601&amp;ssl=1\" data-orig-size=\"600,601\" data-comments-opened=\"1\" data-image-meta=\"{&quot;aperture&quot;:&quot;0&quot;,&quot;credit&quot;:&quot;&quot;,&quot;camera&quot;:&quot;&quot;,&quot;caption&quot;:&quot;&quot;,&quot;created_timestamp&quot;:&quot;0&quot;,&quot;copyright&quot;:&quot;&quot;,&quot;focal_length&quot;:&quot;0&quot;,&quot;iso&quot;:&quot;0&quot;,&quot;shutter_speed&quot;:&quot;0&quot;,&quot;title&quot;:&quot;&quot;,&quot;orientation&quot;:&quot;1&quot;}\" data-image-title=\"agrund-kim-kardashian-skims\" data-image-description=\"\" data-image-caption=\"\" data-medium-file=\"https:\/\/i0.wp.com\/agrund.com\/wp-content\/uploads\/sites\/6\/2019\/08\/agrund-kim-kardashian-skims.jpg?fit=300%2C300&amp;ssl=1\" data-large-file=\"https:\/\/i0.wp.com\/agrund.com\/wp-content\/uploads\/sites\/6\/2019\/08\/agrund-kim-kardashian-skims.jpg?fit=600%2C601&amp;ssl=1\" decoding=\"async\" loading=\"lazy\" width=\"600\" height=\"601\" src=\"https:\/\/i0.wp.com\/www.agrund.com\/wp-content\/uploads\/sites\/6\/2019\/08\/agrund-kim-kardashian-skims.jpg?resize=600%2C601&#038;ssl=1\" alt=\"\" class=\"wp-image-201377\" srcset=\"https:\/\/i0.wp.com\/agrund.com\/wp-content\/uploads\/sites\/6\/2019\/08\/agrund-kim-kardashian-skims.jpg?w=600&amp;ssl=1 600w, https:\/\/i0.wp.com\/agrund.com\/wp-content\/uploads\/sites\/6\/2019\/08\/agrund-kim-kardashian-skims.jpg?resize=150%2C150&amp;ssl=1 150w, https:\/\/i0.wp.com\/agrund.com\/wp-content\/uploads\/sites\/6\/2019\/08\/agrund-kim-kardashian-skims.jpg?resize=300%2C300&amp;ssl=1 300w\" sizes=\"(max-width: 600px) 100vw, 600px\" data-recalc-dims=\"1\" \/><figcaption>Kim Kardashian revela o nome de sua nova marca  <\/figcaption><\/figure><\/div>\n\n\n\n<p>Foto: Reprodu\u00e7\u00e3o\/ Instagram. <\/p>\n","protected":false},"excerpt":{"rendered":"<p>Voc\u00ea se lembra quando contamos AQUI sobre a marca de modeladores de corpo que Kim Kardashian lan\u00e7aria? Assim que ela anunciou o nome Kimono, a empresa recebeu muitas cr\u00edticas e foi acusada de apropria\u00e7\u00e3o cultural, o que a fez pedir desculpas publicamente e afirmar que mudaria o nome da linha.\u00a0 Agora, cerca de dois meses [&hellip;]<\/p>\n","protected":false},"author":8,"featured_media":201378,"comment_status":"open","ping_status":"open","sticky":false,"template":"","format":"standard","meta":{"jetpack_post_was_ever_published":false,"_jetpack_newsletter_access":"","jetpack_publicize_message":"","jetpack_is_tweetstorm":false,"jetpack_publicize_feature_enabled":true,"jetpack_social_post_already_shared":true,"jetpack_social_options":{"image_generator_settings":{"template":"highway","enabled":false}}},"categories":[2],"tags":[],"jetpack_publicize_connections":[],"jetpack_featured_media_url":"https:\/\/i0.wp.com\/agrund.com\/wp-content\/uploads\/sites\/6\/2019\/08\/s-122.jpg?fit=960%2C300&ssl=1","jetpack_sharing_enabled":true,"jetpack_shortlink":"https:\/\/wp.me\/p3Hz0n-Qo0","jetpack_likes_enabled":true,"_links":{"self":[{"href":"https:\/\/agrund.com\/index.php\/wp-json\/wp\/v2\/posts\/201376"}],"collection":[{"href":"https:\/\/agrund.com\/index.php\/wp-json\/wp\/v2\/posts"}],"about":[{"href":"https:\/\/agrund.com\/index.php\/wp-json\/wp\/v2\/types\/post"}],"author":[{"embeddable":true,"href":"https:\/\/agrund.com\/index.php\/wp-json\/wp\/v2\/users\/8"}],"replies":[{"embeddable":true,"href":"https:\/\/agrund.com\/index.php\/wp-json\/wp\/v2\/comments?post=201376"}],"version-history":[{"count":1,"href":"https:\/\/agrund.com\/index.php\/wp-json\/wp\/v2\/posts\/201376\/revisions"}],"predecessor-version":[{"id":201379,"href":"https:\/\/agrund.com\/index.php\/wp-json\/wp\/v2\/posts\/201376\/revisions\/201379"}],"wp:featuredmedia":[{"embeddable":true,"href":"https:\/\/agrund.com\/index.php\/wp-json\/wp\/v2\/media\/201378"}],"wp:attachment":[{"href":"https:\/\/agrund.com\/index.php\/wp-json\/wp\/v2\/media?parent=201376"}],"wp:term":[{"taxonomy":"category","embeddable":true,"href":"https:\/\/agrund.com\/index.php\/wp-json\/wp\/v2\/categories?post=201376"},{"taxonomy":"post_tag","embeddable":true,"href":"https:\/\/agrund.com\/index.php\/wp-json\/wp\/v2\/tags?post=201376"}],"curies":[{"name":"wp","href":"https:\/\/api.w.org\/{rel}","templated":true}]}}