{"id":201346,"date":"2019-08-26T19:00:39","date_gmt":"2019-08-26T22:00:39","guid":{"rendered":"http:\/\/www.agrund.com\/?p=201346"},"modified":"2019-08-26T18:48:19","modified_gmt":"2019-08-26T21:48:19","slug":"ermenegildo-zegna-abre-nova-loja-em-sao-paulo","status":"publish","type":"post","link":"https:\/\/agrund.com\/index.php\/ermenegildo-zegna-abre-nova-loja-em-sao-paulo\/","title":{"rendered":"Ermenegildo Zegna abre nova loja em S\u00e3o Paulo"},"content":{"rendered":"\n<p>A Ermenegildo Zegna acaba de reabrir sua loja do Shopping Iguatemi, em S\u00e3o Paulo, com um novo conceito criativo. Seus 300m\u00b2 traduzem o DNA moderno e sofisticado da marca em ambientes decorados com pe\u00e7as vintages e contempor\u00e2neas, m\u00f3veis de design exclusivos, piso de madeira com inser\u00e7\u00f5es de a\u00e7o inoxid\u00e1vel e o verde das jabuticabeiras.<\/p>\n\n\n\n<p>Tudo isso para abrigar as cole\u00e7\u00f5es Luxury Leisurewear, Sartoria, Ermenegildo Zegna XXX e Z Zegna. Ficou incr\u00edvel!\u00a0<\/p>\n\n\n\n<div class=\"wp-block-image\"><figure class=\"aligncenter\"><img data-attachment-id=\"201347\" data-permalink=\"https:\/\/agrund.com\/index.php\/ermenegildo-zegna-abre-nova-loja-em-sao-paulo\/ermenegildo-zegna-iguatemi-san-paolo-store-1\/\" data-orig-file=\"https:\/\/i0.wp.com\/agrund.com\/wp-content\/uploads\/sites\/6\/2019\/08\/Ermenegildo-Zegna-Iguatemi\u0300-San-Paolo-store-1.jpg?fit=600%2C400&amp;ssl=1\" data-orig-size=\"600,400\" data-comments-opened=\"1\" data-image-meta=\"{&quot;aperture&quot;:&quot;13&quot;,&quot;credit&quot;:&quot;Joao Sal&quot;,&quot;camera&quot;:&quot;NIKON D800&quot;,&quot;caption&quot;:&quot;&quot;,&quot;created_timestamp&quot;:&quot;1561800376&quot;,&quot;copyright&quot;:&quot;Joao Sal&quot;,&quot;focal_length&quot;:&quot;24&quot;,&quot;iso&quot;:&quot;400&quot;,&quot;shutter_speed&quot;:&quot;0.076923076923077&quot;,&quot;title&quot;:&quot;&quot;,&quot;orientation&quot;:&quot;1&quot;}\" data-image-title=\"Ermenegildo-Zegna-Iguatemi\u0300-San-Paolo-store-1\" data-image-description=\"\" data-image-caption=\"\" data-medium-file=\"https:\/\/i0.wp.com\/agrund.com\/wp-content\/uploads\/sites\/6\/2019\/08\/Ermenegildo-Zegna-Iguatemi\u0300-San-Paolo-store-1.jpg?fit=300%2C200&amp;ssl=1\" data-large-file=\"https:\/\/i0.wp.com\/agrund.com\/wp-content\/uploads\/sites\/6\/2019\/08\/Ermenegildo-Zegna-Iguatemi\u0300-San-Paolo-store-1.jpg?fit=600%2C400&amp;ssl=1\" decoding=\"async\" loading=\"lazy\" width=\"600\" height=\"400\" src=\"https:\/\/i0.wp.com\/www.agrund.com\/wp-content\/uploads\/sites\/6\/2019\/08\/Ermenegildo-Zegna-Iguatemi\u0300-San-Paolo-store-1.jpg?resize=600%2C400&#038;ssl=1\" alt=\"\" class=\"wp-image-201347\" srcset=\"https:\/\/i0.wp.com\/agrund.com\/wp-content\/uploads\/sites\/6\/2019\/08\/Ermenegildo-Zegna-Iguatemi\u0300-San-Paolo-store-1.jpg?w=600&amp;ssl=1 600w, https:\/\/i0.wp.com\/agrund.com\/wp-content\/uploads\/sites\/6\/2019\/08\/Ermenegildo-Zegna-Iguatemi\u0300-San-Paolo-store-1.jpg?resize=300%2C200&amp;ssl=1 300w\" sizes=\"(max-width: 600px) 100vw, 600px\" data-recalc-dims=\"1\" \/><figcaption>Ermenegildo Zegna abre nova loja em S\u00e3o Paulo  <\/figcaption><\/figure><\/div>\n\n\n\n<div class=\"wp-block-image\"><figure class=\"aligncenter\"><img data-attachment-id=\"201348\" data-permalink=\"https:\/\/agrund.com\/index.php\/ermenegildo-zegna-abre-nova-loja-em-sao-paulo\/ermenegildo-zegna-iguatemi-san-paolo-store-2\/\" data-orig-file=\"https:\/\/i0.wp.com\/agrund.com\/wp-content\/uploads\/sites\/6\/2019\/08\/Ermenegildo-Zegna-Iguatemi\u0300-San-Paolo-store-2.jpg?fit=600%2C400&amp;ssl=1\" data-orig-size=\"600,400\" data-comments-opened=\"1\" data-image-meta=\"{&quot;aperture&quot;:&quot;13&quot;,&quot;credit&quot;:&quot;Joao Sal&quot;,&quot;camera&quot;:&quot;NIKON D800&quot;,&quot;caption&quot;:&quot;&quot;,&quot;created_timestamp&quot;:&quot;1561799703&quot;,&quot;copyright&quot;:&quot;Joao Sal&quot;,&quot;focal_length&quot;:&quot;24&quot;,&quot;iso&quot;:&quot;400&quot;,&quot;shutter_speed&quot;:&quot;0.076923076923077&quot;,&quot;title&quot;:&quot;&quot;,&quot;orientation&quot;:&quot;1&quot;}\" data-image-title=\"Ermenegildo-Zegna-Iguatemi\u0300-San-Paolo-store-2\" data-image-description=\"\" data-image-caption=\"\" data-medium-file=\"https:\/\/i0.wp.com\/agrund.com\/wp-content\/uploads\/sites\/6\/2019\/08\/Ermenegildo-Zegna-Iguatemi\u0300-San-Paolo-store-2.jpg?fit=300%2C200&amp;ssl=1\" data-large-file=\"https:\/\/i0.wp.com\/agrund.com\/wp-content\/uploads\/sites\/6\/2019\/08\/Ermenegildo-Zegna-Iguatemi\u0300-San-Paolo-store-2.jpg?fit=600%2C400&amp;ssl=1\" decoding=\"async\" loading=\"lazy\" width=\"600\" height=\"400\" src=\"https:\/\/i0.wp.com\/www.agrund.com\/wp-content\/uploads\/sites\/6\/2019\/08\/Ermenegildo-Zegna-Iguatemi\u0300-San-Paolo-store-2.jpg?resize=600%2C400&#038;ssl=1\" alt=\"\" class=\"wp-image-201348\" srcset=\"https:\/\/i0.wp.com\/agrund.com\/wp-content\/uploads\/sites\/6\/2019\/08\/Ermenegildo-Zegna-Iguatemi\u0300-San-Paolo-store-2.jpg?w=600&amp;ssl=1 600w, https:\/\/i0.wp.com\/agrund.com\/wp-content\/uploads\/sites\/6\/2019\/08\/Ermenegildo-Zegna-Iguatemi\u0300-San-Paolo-store-2.jpg?resize=300%2C200&amp;ssl=1 300w\" sizes=\"(max-width: 600px) 100vw, 600px\" data-recalc-dims=\"1\" \/><figcaption>Ermenegildo Zegna abre nova loja em S\u00e3o Paulo  <\/figcaption><\/figure><\/div>\n\n\n\n<div class=\"wp-block-image\"><figure class=\"aligncenter\"><img data-attachment-id=\"201349\" data-permalink=\"https:\/\/agrund.com\/index.php\/ermenegildo-zegna-abre-nova-loja-em-sao-paulo\/ermenegildo-zegna-iguatemi-san-paolo-store-4\/\" data-orig-file=\"https:\/\/i0.wp.com\/agrund.com\/wp-content\/uploads\/sites\/6\/2019\/08\/Ermenegildo-Zegna-Iguatemi\u0300-San-Paolo-store-4.jpg?fit=600%2C400&amp;ssl=1\" data-orig-size=\"600,400\" data-comments-opened=\"1\" data-image-meta=\"{&quot;aperture&quot;:&quot;13&quot;,&quot;credit&quot;:&quot;Joao Sal&quot;,&quot;camera&quot;:&quot;NIKON D800&quot;,&quot;caption&quot;:&quot;&quot;,&quot;created_timestamp&quot;:&quot;1561799908&quot;,&quot;copyright&quot;:&quot;Joao Sal&quot;,&quot;focal_length&quot;:&quot;24&quot;,&quot;iso&quot;:&quot;400&quot;,&quot;shutter_speed&quot;:&quot;0.076923076923077&quot;,&quot;title&quot;:&quot;&quot;,&quot;orientation&quot;:&quot;1&quot;}\" data-image-title=\"Ermenegildo-Zegna-Iguatemi\u0300-San-Paolo-store-4\" data-image-description=\"\" data-image-caption=\"\" data-medium-file=\"https:\/\/i0.wp.com\/agrund.com\/wp-content\/uploads\/sites\/6\/2019\/08\/Ermenegildo-Zegna-Iguatemi\u0300-San-Paolo-store-4.jpg?fit=300%2C200&amp;ssl=1\" data-large-file=\"https:\/\/i0.wp.com\/agrund.com\/wp-content\/uploads\/sites\/6\/2019\/08\/Ermenegildo-Zegna-Iguatemi\u0300-San-Paolo-store-4.jpg?fit=600%2C400&amp;ssl=1\" decoding=\"async\" loading=\"lazy\" width=\"600\" height=\"400\" src=\"https:\/\/i0.wp.com\/www.agrund.com\/wp-content\/uploads\/sites\/6\/2019\/08\/Ermenegildo-Zegna-Iguatemi\u0300-San-Paolo-store-4.jpg?resize=600%2C400&#038;ssl=1\" alt=\"\" class=\"wp-image-201349\" srcset=\"https:\/\/i0.wp.com\/agrund.com\/wp-content\/uploads\/sites\/6\/2019\/08\/Ermenegildo-Zegna-Iguatemi\u0300-San-Paolo-store-4.jpg?w=600&amp;ssl=1 600w, https:\/\/i0.wp.com\/agrund.com\/wp-content\/uploads\/sites\/6\/2019\/08\/Ermenegildo-Zegna-Iguatemi\u0300-San-Paolo-store-4.jpg?resize=300%2C200&amp;ssl=1 300w\" sizes=\"(max-width: 600px) 100vw, 600px\" data-recalc-dims=\"1\" \/><figcaption>Ermenegildo Zegna abre nova loja em S\u00e3o Paulo  <\/figcaption><\/figure><\/div>\n\n\n\n<div class=\"wp-block-image\"><figure class=\"aligncenter\"><img data-attachment-id=\"201350\" data-permalink=\"https:\/\/agrund.com\/index.php\/ermenegildo-zegna-abre-nova-loja-em-sao-paulo\/ermenegildo-zegna-iguatemi-san-paolo-store-5\/\" data-orig-file=\"https:\/\/i0.wp.com\/agrund.com\/wp-content\/uploads\/sites\/6\/2019\/08\/Ermenegildo-Zegna-Iguatemi\u0300-San-Paolo-store-5.jpg?fit=600%2C400&amp;ssl=1\" data-orig-size=\"600,400\" data-comments-opened=\"1\" data-image-meta=\"{&quot;aperture&quot;:&quot;13&quot;,&quot;credit&quot;:&quot;Joao Sal&quot;,&quot;camera&quot;:&quot;NIKON D800&quot;,&quot;caption&quot;:&quot;&quot;,&quot;created_timestamp&quot;:&quot;1561800234&quot;,&quot;copyright&quot;:&quot;Joao Sal&quot;,&quot;focal_length&quot;:&quot;24&quot;,&quot;iso&quot;:&quot;400&quot;,&quot;shutter_speed&quot;:&quot;0.076923076923077&quot;,&quot;title&quot;:&quot;&quot;,&quot;orientation&quot;:&quot;1&quot;}\" data-image-title=\"Ermenegildo-Zegna-Iguatemi\u0300-San-Paolo-store-5\" data-image-description=\"\" data-image-caption=\"\" data-medium-file=\"https:\/\/i0.wp.com\/agrund.com\/wp-content\/uploads\/sites\/6\/2019\/08\/Ermenegildo-Zegna-Iguatemi\u0300-San-Paolo-store-5.jpg?fit=300%2C200&amp;ssl=1\" data-large-file=\"https:\/\/i0.wp.com\/agrund.com\/wp-content\/uploads\/sites\/6\/2019\/08\/Ermenegildo-Zegna-Iguatemi\u0300-San-Paolo-store-5.jpg?fit=600%2C400&amp;ssl=1\" decoding=\"async\" loading=\"lazy\" width=\"600\" height=\"400\" src=\"https:\/\/i0.wp.com\/www.agrund.com\/wp-content\/uploads\/sites\/6\/2019\/08\/Ermenegildo-Zegna-Iguatemi\u0300-San-Paolo-store-5.jpg?resize=600%2C400&#038;ssl=1\" alt=\"\" class=\"wp-image-201350\" srcset=\"https:\/\/i0.wp.com\/agrund.com\/wp-content\/uploads\/sites\/6\/2019\/08\/Ermenegildo-Zegna-Iguatemi\u0300-San-Paolo-store-5.jpg?w=600&amp;ssl=1 600w, https:\/\/i0.wp.com\/agrund.com\/wp-content\/uploads\/sites\/6\/2019\/08\/Ermenegildo-Zegna-Iguatemi\u0300-San-Paolo-store-5.jpg?resize=300%2C200&amp;ssl=1 300w\" sizes=\"(max-width: 600px) 100vw, 600px\" data-recalc-dims=\"1\" \/><figcaption>Ermenegildo Zegna abre nova loja em S\u00e3o Paulo  <\/figcaption><\/figure><\/div>\n\n\n\n<p>Fotos: Divulga\u00e7\u00e3o. <\/p>\n","protected":false},"excerpt":{"rendered":"<p>A Ermenegildo Zegna acaba de reabrir sua loja do Shopping Iguatemi, em S\u00e3o Paulo, com um novo conceito criativo. Seus 300m\u00b2 traduzem o DNA moderno e sofisticado da marca em ambientes decorados com pe\u00e7as vintages e contempor\u00e2neas, m\u00f3veis de design exclusivos, piso de madeira com inser\u00e7\u00f5es de a\u00e7o inoxid\u00e1vel e o verde das jabuticabeiras. Tudo [&hellip;]<\/p>\n","protected":false},"author":8,"featured_media":201351,"comment_status":"open","ping_status":"open","sticky":false,"template":"","format":"standard","meta":{"jetpack_post_was_ever_published":false,"_jetpack_newsletter_access":"","jetpack_publicize_message":"","jetpack_is_tweetstorm":false,"jetpack_publicize_feature_enabled":true,"jetpack_social_post_already_shared":true,"jetpack_social_options":{"image_generator_settings":{"template":"highway","enabled":false}}},"categories":[2],"tags":[395,375,724,347,725,726,67],"jetpack_publicize_connections":[],"jetpack_featured_media_url":"https:\/\/i0.wp.com\/agrund.com\/wp-content\/uploads\/sites\/6\/2019\/08\/s-117.jpg?fit=960%2C300&ssl=1","jetpack_sharing_enabled":true,"jetpack_shortlink":"https:\/\/wp.me\/p3Hz0n-Qnw","jetpack_likes_enabled":true,"_links":{"self":[{"href":"https:\/\/agrund.com\/index.php\/wp-json\/wp\/v2\/posts\/201346"}],"collection":[{"href":"https:\/\/agrund.com\/index.php\/wp-json\/wp\/v2\/posts"}],"about":[{"href":"https:\/\/agrund.com\/index.php\/wp-json\/wp\/v2\/types\/post"}],"author":[{"embeddable":true,"href":"https:\/\/agrund.com\/index.php\/wp-json\/wp\/v2\/users\/8"}],"replies":[{"embeddable":true,"href":"https:\/\/agrund.com\/index.php\/wp-json\/wp\/v2\/comments?post=201346"}],"version-history":[{"count":2,"href":"https:\/\/agrund.com\/index.php\/wp-json\/wp\/v2\/posts\/201346\/revisions"}],"predecessor-version":[{"id":201353,"href":"https:\/\/agrund.com\/index.php\/wp-json\/wp\/v2\/posts\/201346\/revisions\/201353"}],"wp:featuredmedia":[{"embeddable":true,"href":"https:\/\/agrund.com\/index.php\/wp-json\/wp\/v2\/media\/201351"}],"wp:attachment":[{"href":"https:\/\/agrund.com\/index.php\/wp-json\/wp\/v2\/media?parent=201346"}],"wp:term":[{"taxonomy":"category","embeddable":true,"href":"https:\/\/agrund.com\/index.php\/wp-json\/wp\/v2\/categories?post=201346"},{"taxonomy":"post_tag","embeddable":true,"href":"https:\/\/agrund.com\/index.php\/wp-json\/wp\/v2\/tags?post=201346"}],"curies":[{"name":"wp","href":"https:\/\/api.w.org\/{rel}","templated":true}]}}