{"id":201336,"date":"2019-08-26T17:00:43","date_gmt":"2019-08-26T20:00:43","guid":{"rendered":"http:\/\/www.agrund.com\/?p=201336"},"modified":"2019-08-26T17:23:13","modified_gmt":"2019-08-26T20:23:13","slug":"kate-moss-lanca-parceria-com-a-zadig-voltaire","status":"publish","type":"post","link":"https:\/\/agrund.com\/index.php\/kate-moss-lanca-parceria-com-a-zadig-voltaire\/","title":{"rendered":"Kate Moss lan\u00e7a parceria com a Zadig &amp; Voltaire"},"content":{"rendered":"\n<p>Se voc\u00ea gosta do estilo de Kate Moss, vai ficar feliz em saber que ela vai lan\u00e7ar uma cole\u00e7\u00e3o de bolsas em parceria com a Zadig &amp; Voltaire.\u00a0<\/p>\n\n\n\n<p>S\u00e3o quatro modelos com aplica\u00e7\u00f5es de tachas e correntes, bem no estilo rocker que Kate tanto gosta.\u00a0<\/p>\n\n\n\n<p>&#8220;Ela era cliente da Zadig &amp; Voltaire, sua filha ama nossas t-shirts e n\u00f3s temos alguns amigos em comum, por isso entramos em contato\u201d, disse a diretora criativa da marca Cecilia B\u00f6nstr\u00f6m ao WWD.\u00a0<\/p>\n\n\n\n<p>A marca tamb\u00e9m revelou que est\u00e1 n\u00e3o ser\u00e1 a \u00fanica linha assinada por Kate. O que mais vem por a\u00ed?\u00a0<\/p>\n\n\n\n<p>A &#8216;Kate Bag&#8217; chega \u00e0s lojas no dia 26 de setembro.\u00a0Veja os detalhes da cole\u00e7\u00e3o na galeria abaixo:\u00a0<\/p>\n\n\n\n<div class=\"wp-block-image\"><figure class=\"aligncenter\"><img data-attachment-id=\"201337\" data-permalink=\"https:\/\/agrund.com\/index.php\/kate-moss-lanca-parceria-com-a-zadig-voltaire\/zadig-voltaire-hooks-up-with-kate-moss-for-handbag-line-and-more\/\" data-orig-file=\"https:\/\/i0.wp.com\/agrund.com\/wp-content\/uploads\/sites\/6\/2019\/08\/agrund-kate-moss-zadia-voltaire-2.jpg?fit=600%2C400&amp;ssl=1\" data-orig-size=\"600,400\" data-comments-opened=\"1\" data-image-meta=\"{&quot;aperture&quot;:&quot;0&quot;,&quot;credit&quot;:&quot;Courtesy Photo&quot;,&quot;camera&quot;:&quot;&quot;,&quot;caption&quot;:&quot;Kate Moss x Zadig &amp; Voltaire&quot;,&quot;created_timestamp&quot;:&quot;1556210892&quot;,&quot;copyright&quot;:&quot;FRED MEYLAN \\u00a9&quot;,&quot;focal_length&quot;:&quot;0&quot;,&quot;iso&quot;:&quot;0&quot;,&quot;shutter_speed&quot;:&quot;0&quot;,&quot;title&quot;:&quot;Zadig &amp; Voltaire Hooks Up With Kate Moss for Handbag Line and More&quot;,&quot;orientation&quot;:&quot;1&quot;}\" data-image-title=\"Zadig &amp;amp; Voltaire Hooks Up With Kate Moss for Handbag Line and More\" data-image-description=\"\" data-image-caption=\"&lt;p&gt;Kate Moss x Zadig &amp;amp; Voltaire&lt;\/p&gt;\n\" data-medium-file=\"https:\/\/i0.wp.com\/agrund.com\/wp-content\/uploads\/sites\/6\/2019\/08\/agrund-kate-moss-zadia-voltaire-2.jpg?fit=300%2C200&amp;ssl=1\" data-large-file=\"https:\/\/i0.wp.com\/agrund.com\/wp-content\/uploads\/sites\/6\/2019\/08\/agrund-kate-moss-zadia-voltaire-2.jpg?fit=600%2C400&amp;ssl=1\" decoding=\"async\" loading=\"lazy\" width=\"600\" height=\"400\" src=\"https:\/\/i0.wp.com\/www.agrund.com\/wp-content\/uploads\/sites\/6\/2019\/08\/agrund-kate-moss-zadia-voltaire-2.jpg?resize=600%2C400&#038;ssl=1\" alt=\"\" class=\"wp-image-201337\" srcset=\"https:\/\/i0.wp.com\/agrund.com\/wp-content\/uploads\/sites\/6\/2019\/08\/agrund-kate-moss-zadia-voltaire-2.jpg?w=600&amp;ssl=1 600w, https:\/\/i0.wp.com\/agrund.com\/wp-content\/uploads\/sites\/6\/2019\/08\/agrund-kate-moss-zadia-voltaire-2.jpg?resize=300%2C200&amp;ssl=1 300w\" sizes=\"(max-width: 600px) 100vw, 600px\" data-recalc-dims=\"1\" \/><figcaption>Kate Moss lan\u00e7a parceria com a Zadig &amp; Voltaire  <\/figcaption><\/figure><\/div>\n\n\n\n<div class=\"wp-block-image\"><figure class=\"aligncenter\"><img data-attachment-id=\"201338\" data-permalink=\"https:\/\/agrund.com\/index.php\/kate-moss-lanca-parceria-com-a-zadig-voltaire\/zadig-voltaire-hooks-up-with-kate-moss-for-handbag-line-and-more-2\/\" data-orig-file=\"https:\/\/i0.wp.com\/agrund.com\/wp-content\/uploads\/sites\/6\/2019\/08\/agrund-kate-moss-zadia-voltaire-3.jpg?fit=600%2C829&amp;ssl=1\" data-orig-size=\"600,829\" data-comments-opened=\"1\" data-image-meta=\"{&quot;aperture&quot;:&quot;0&quot;,&quot;credit&quot;:&quot;Courtesy Photo&quot;,&quot;camera&quot;:&quot;&quot;,&quot;caption&quot;:&quot;Kate Moss x Zadig &amp; Voltaire&quot;,&quot;created_timestamp&quot;:&quot;1556199424&quot;,&quot;copyright&quot;:&quot;&quot;,&quot;focal_length&quot;:&quot;0&quot;,&quot;iso&quot;:&quot;0&quot;,&quot;shutter_speed&quot;:&quot;0&quot;,&quot;title&quot;:&quot;Zadig &amp; Voltaire Hooks Up With Kate Moss for Handbag Line and More&quot;,&quot;orientation&quot;:&quot;1&quot;}\" data-image-title=\"Zadig &amp;amp; Voltaire Hooks Up With Kate Moss for Handbag Line and More\" data-image-description=\"\" data-image-caption=\"&lt;p&gt;Kate Moss x Zadig &amp;amp; Voltaire&lt;\/p&gt;\n\" data-medium-file=\"https:\/\/i0.wp.com\/agrund.com\/wp-content\/uploads\/sites\/6\/2019\/08\/agrund-kate-moss-zadia-voltaire-3.jpg?fit=217%2C300&amp;ssl=1\" data-large-file=\"https:\/\/i0.wp.com\/agrund.com\/wp-content\/uploads\/sites\/6\/2019\/08\/agrund-kate-moss-zadia-voltaire-3.jpg?fit=600%2C829&amp;ssl=1\" decoding=\"async\" loading=\"lazy\" width=\"600\" height=\"829\" src=\"https:\/\/i0.wp.com\/www.agrund.com\/wp-content\/uploads\/sites\/6\/2019\/08\/agrund-kate-moss-zadia-voltaire-3.jpg?resize=600%2C829&#038;ssl=1\" alt=\"\" class=\"wp-image-201338\" srcset=\"https:\/\/i0.wp.com\/agrund.com\/wp-content\/uploads\/sites\/6\/2019\/08\/agrund-kate-moss-zadia-voltaire-3.jpg?w=600&amp;ssl=1 600w, https:\/\/i0.wp.com\/agrund.com\/wp-content\/uploads\/sites\/6\/2019\/08\/agrund-kate-moss-zadia-voltaire-3.jpg?resize=217%2C300&amp;ssl=1 217w\" sizes=\"(max-width: 600px) 100vw, 600px\" data-recalc-dims=\"1\" \/><figcaption>Kate Moss lan\u00e7a parceria com a Zadig &amp; Voltaire  <\/figcaption><\/figure><\/div>\n\n\n\n<div class=\"wp-block-image\"><figure class=\"aligncenter\"><img data-attachment-id=\"201339\" data-permalink=\"https:\/\/agrund.com\/index.php\/kate-moss-lanca-parceria-com-a-zadig-voltaire\/zadig-voltaire-hooks-up-with-kate-moss-for-handbag-line-and-more-3\/\" data-orig-file=\"https:\/\/i0.wp.com\/agrund.com\/wp-content\/uploads\/sites\/6\/2019\/08\/agrund-kate-moss-zadia-voltaire.jpg?fit=600%2C900&amp;ssl=1\" data-orig-size=\"600,900\" data-comments-opened=\"1\" data-image-meta=\"{&quot;aperture&quot;:&quot;0&quot;,&quot;credit&quot;:&quot;Courtesy Photo&quot;,&quot;camera&quot;:&quot;&quot;,&quot;caption&quot;:&quot;Kate Moss x Zadig &amp; Voltaire&quot;,&quot;created_timestamp&quot;:&quot;1556200816&quot;,&quot;copyright&quot;:&quot;&quot;,&quot;focal_length&quot;:&quot;0&quot;,&quot;iso&quot;:&quot;0&quot;,&quot;shutter_speed&quot;:&quot;0&quot;,&quot;title&quot;:&quot;Zadig &amp; Voltaire Hooks Up With Kate Moss for Handbag Line and More&quot;,&quot;orientation&quot;:&quot;1&quot;}\" data-image-title=\"Zadig &amp;amp; Voltaire Hooks Up With Kate Moss for Handbag Line and More\" data-image-description=\"\" data-image-caption=\"&lt;p&gt;Kate Moss x Zadig &amp;amp; Voltaire&lt;\/p&gt;\n\" data-medium-file=\"https:\/\/i0.wp.com\/agrund.com\/wp-content\/uploads\/sites\/6\/2019\/08\/agrund-kate-moss-zadia-voltaire.jpg?fit=200%2C300&amp;ssl=1\" data-large-file=\"https:\/\/i0.wp.com\/agrund.com\/wp-content\/uploads\/sites\/6\/2019\/08\/agrund-kate-moss-zadia-voltaire.jpg?fit=600%2C900&amp;ssl=1\" decoding=\"async\" loading=\"lazy\" width=\"600\" height=\"900\" src=\"https:\/\/i0.wp.com\/www.agrund.com\/wp-content\/uploads\/sites\/6\/2019\/08\/agrund-kate-moss-zadia-voltaire.jpg?resize=600%2C900&#038;ssl=1\" alt=\"\" class=\"wp-image-201339\" srcset=\"https:\/\/i0.wp.com\/agrund.com\/wp-content\/uploads\/sites\/6\/2019\/08\/agrund-kate-moss-zadia-voltaire.jpg?w=600&amp;ssl=1 600w, https:\/\/i0.wp.com\/agrund.com\/wp-content\/uploads\/sites\/6\/2019\/08\/agrund-kate-moss-zadia-voltaire.jpg?resize=200%2C300&amp;ssl=1 200w\" sizes=\"(max-width: 600px) 100vw, 600px\" data-recalc-dims=\"1\" \/><figcaption>Kate Moss lan\u00e7a parceria com a Zadig &amp; Voltaire  <\/figcaption><\/figure><\/div>\n\n\n\n<p>Fotos: Reprodu\u00e7\u00e3o. <\/p>\n","protected":false},"excerpt":{"rendered":"<p>Se voc\u00ea gosta do estilo de Kate Moss, vai ficar feliz em saber que ela vai lan\u00e7ar uma cole\u00e7\u00e3o de bolsas em parceria com a Zadig &amp; Voltaire.\u00a0 S\u00e3o quatro modelos com aplica\u00e7\u00f5es de tachas e correntes, bem no estilo rocker que Kate tanto gosta.\u00a0 &#8220;Ela era cliente da Zadig &amp; Voltaire, sua filha ama [&hellip;]<\/p>\n","protected":false},"author":8,"featured_media":201340,"comment_status":"open","ping_status":"open","sticky":false,"template":"","format":"standard","meta":{"jetpack_post_was_ever_published":false,"_jetpack_newsletter_access":"","jetpack_publicize_message":"","jetpack_is_tweetstorm":false,"jetpack_publicize_feature_enabled":true,"jetpack_social_post_already_shared":true,"jetpack_social_options":{"image_generator_settings":{"template":"highway","enabled":false}}},"categories":[2],"tags":[],"jetpack_publicize_connections":[],"jetpack_featured_media_url":"https:\/\/i0.wp.com\/agrund.com\/wp-content\/uploads\/sites\/6\/2019\/08\/s-115.jpg?fit=960%2C300&ssl=1","jetpack_sharing_enabled":true,"jetpack_shortlink":"https:\/\/wp.me\/p3Hz0n-Qnm","jetpack_likes_enabled":true,"_links":{"self":[{"href":"https:\/\/agrund.com\/index.php\/wp-json\/wp\/v2\/posts\/201336"}],"collection":[{"href":"https:\/\/agrund.com\/index.php\/wp-json\/wp\/v2\/posts"}],"about":[{"href":"https:\/\/agrund.com\/index.php\/wp-json\/wp\/v2\/types\/post"}],"author":[{"embeddable":true,"href":"https:\/\/agrund.com\/index.php\/wp-json\/wp\/v2\/users\/8"}],"replies":[{"embeddable":true,"href":"https:\/\/agrund.com\/index.php\/wp-json\/wp\/v2\/comments?post=201336"}],"version-history":[{"count":1,"href":"https:\/\/agrund.com\/index.php\/wp-json\/wp\/v2\/posts\/201336\/revisions"}],"predecessor-version":[{"id":201341,"href":"https:\/\/agrund.com\/index.php\/wp-json\/wp\/v2\/posts\/201336\/revisions\/201341"}],"wp:featuredmedia":[{"embeddable":true,"href":"https:\/\/agrund.com\/index.php\/wp-json\/wp\/v2\/media\/201340"}],"wp:attachment":[{"href":"https:\/\/agrund.com\/index.php\/wp-json\/wp\/v2\/media?parent=201336"}],"wp:term":[{"taxonomy":"category","embeddable":true,"href":"https:\/\/agrund.com\/index.php\/wp-json\/wp\/v2\/categories?post=201336"},{"taxonomy":"post_tag","embeddable":true,"href":"https:\/\/agrund.com\/index.php\/wp-json\/wp\/v2\/tags?post=201336"}],"curies":[{"name":"wp","href":"https:\/\/api.w.org\/{rel}","templated":true}]}}