{"id":201332,"date":"2019-08-26T15:00:42","date_gmt":"2019-08-26T18:00:42","guid":{"rendered":"http:\/\/www.agrund.com\/?p=201332"},"modified":"2019-08-26T16:01:53","modified_gmt":"2019-08-26T19:01:53","slug":"look-do-dia-tom-sobre-tom","status":"publish","type":"post","link":"https:\/\/agrund.com\/index.php\/look-do-dia-tom-sobre-tom\/","title":{"rendered":"Look do Dia :: Tom sobre tom"},"content":{"rendered":"\n<p>O tom sobre tom pode ser quebrado com uma cor s\u00f3bria ou mais forte. Nesse caso como a cal\u00e7a j\u00e1 \u00e9 verde neon escolhi o bege para acalmar o look. De hoje para o &#8216;Esquadr\u00e3o da Moda&#8217; com styling de Fabio Paiva e Murilo Mahler.<\/p>\n\n\n\n<p>Casaco Burberry<\/p>\n\n\n\n<p>Camisa Forum<\/p>\n\n\n\n<p>Cal\u00e7a Cacete Company<\/p>\n\n\n\n<p>Sapatos Prada<\/p>\n\n\n\n<div class=\"wp-block-image\"><figure class=\"aligncenter\"><img data-attachment-id=\"201333\" data-permalink=\"https:\/\/agrund.com\/index.php\/look-do-dia-tom-sobre-tom\/look-arlindo-grund-3-3\/\" data-orig-file=\"https:\/\/i0.wp.com\/agrund.com\/wp-content\/uploads\/sites\/6\/2019\/08\/look-arlindo-grund-3.jpg?fit=550%2C689&amp;ssl=1\" data-orig-size=\"550,689\" data-comments-opened=\"1\" data-image-meta=\"{&quot;aperture&quot;:&quot;0&quot;,&quot;credit&quot;:&quot;&quot;,&quot;camera&quot;:&quot;&quot;,&quot;caption&quot;:&quot;&quot;,&quot;created_timestamp&quot;:&quot;0&quot;,&quot;copyright&quot;:&quot;&quot;,&quot;focal_length&quot;:&quot;0&quot;,&quot;iso&quot;:&quot;0&quot;,&quot;shutter_speed&quot;:&quot;0&quot;,&quot;title&quot;:&quot;&quot;,&quot;orientation&quot;:&quot;1&quot;}\" data-image-title=\"look-arlindo-grund-3\" data-image-description=\"\" data-image-caption=\"\" data-medium-file=\"https:\/\/i0.wp.com\/agrund.com\/wp-content\/uploads\/sites\/6\/2019\/08\/look-arlindo-grund-3.jpg?fit=239%2C300&amp;ssl=1\" data-large-file=\"https:\/\/i0.wp.com\/agrund.com\/wp-content\/uploads\/sites\/6\/2019\/08\/look-arlindo-grund-3.jpg?fit=550%2C689&amp;ssl=1\" decoding=\"async\" loading=\"lazy\" width=\"550\" height=\"689\" src=\"https:\/\/i0.wp.com\/www.agrund.com\/wp-content\/uploads\/sites\/6\/2019\/08\/look-arlindo-grund-3.jpg?resize=550%2C689&#038;ssl=1\" alt=\"\" class=\"wp-image-201333\" srcset=\"https:\/\/i0.wp.com\/agrund.com\/wp-content\/uploads\/sites\/6\/2019\/08\/look-arlindo-grund-3.jpg?w=550&amp;ssl=1 550w, https:\/\/i0.wp.com\/agrund.com\/wp-content\/uploads\/sites\/6\/2019\/08\/look-arlindo-grund-3.jpg?resize=239%2C300&amp;ssl=1 239w\" sizes=\"(max-width: 550px) 100vw, 550px\" data-recalc-dims=\"1\" \/><figcaption>Look do Dia :: Tom sobre tom<\/figcaption><\/figure><\/div>\n\n\n\n<p>Foto: Agrund.com<\/p>\n","protected":false},"excerpt":{"rendered":"<p>O tom sobre tom pode ser quebrado com uma cor s\u00f3bria ou mais forte. Nesse caso como a cal\u00e7a j\u00e1 \u00e9 verde neon escolhi o bege para acalmar o look. De hoje para o &#8216;Esquadr\u00e3o da Moda&#8217; com styling de Fabio Paiva e Murilo Mahler. Casaco Burberry Camisa Forum Cal\u00e7a Cacete Company Sapatos Prada Foto: [&hellip;]<\/p>\n","protected":false},"author":8,"featured_media":201334,"comment_status":"open","ping_status":"open","sticky":false,"template":"","format":"standard","meta":{"jetpack_post_was_ever_published":false,"_jetpack_newsletter_access":"","jetpack_publicize_message":"","jetpack_is_tweetstorm":false,"jetpack_publicize_feature_enabled":true,"jetpack_social_post_already_shared":true,"jetpack_social_options":{"image_generator_settings":{"template":"highway","enabled":false}}},"categories":[346,7,6],"tags":[],"jetpack_publicize_connections":[],"jetpack_featured_media_url":"https:\/\/i0.wp.com\/agrund.com\/wp-content\/uploads\/sites\/6\/2019\/08\/s-114.jpg?fit=960%2C300&ssl=1","jetpack_sharing_enabled":true,"jetpack_shortlink":"https:\/\/wp.me\/p3Hz0n-Qni","jetpack_likes_enabled":true,"_links":{"self":[{"href":"https:\/\/agrund.com\/index.php\/wp-json\/wp\/v2\/posts\/201332"}],"collection":[{"href":"https:\/\/agrund.com\/index.php\/wp-json\/wp\/v2\/posts"}],"about":[{"href":"https:\/\/agrund.com\/index.php\/wp-json\/wp\/v2\/types\/post"}],"author":[{"embeddable":true,"href":"https:\/\/agrund.com\/index.php\/wp-json\/wp\/v2\/users\/8"}],"replies":[{"embeddable":true,"href":"https:\/\/agrund.com\/index.php\/wp-json\/wp\/v2\/comments?post=201332"}],"version-history":[{"count":1,"href":"https:\/\/agrund.com\/index.php\/wp-json\/wp\/v2\/posts\/201332\/revisions"}],"predecessor-version":[{"id":201335,"href":"https:\/\/agrund.com\/index.php\/wp-json\/wp\/v2\/posts\/201332\/revisions\/201335"}],"wp:featuredmedia":[{"embeddable":true,"href":"https:\/\/agrund.com\/index.php\/wp-json\/wp\/v2\/media\/201334"}],"wp:attachment":[{"href":"https:\/\/agrund.com\/index.php\/wp-json\/wp\/v2\/media?parent=201332"}],"wp:term":[{"taxonomy":"category","embeddable":true,"href":"https:\/\/agrund.com\/index.php\/wp-json\/wp\/v2\/categories?post=201332"},{"taxonomy":"post_tag","embeddable":true,"href":"https:\/\/agrund.com\/index.php\/wp-json\/wp\/v2\/tags?post=201332"}],"curies":[{"name":"wp","href":"https:\/\/api.w.org\/{rel}","templated":true}]}}