{"id":201297,"date":"2019-08-23T18:00:53","date_gmt":"2019-08-23T21:00:53","guid":{"rendered":"http:\/\/www.agrund.com\/?p=201297"},"modified":"2019-08-23T18:17:54","modified_gmt":"2019-08-23T21:17:54","slug":"celebridades-apostam-no-look-total-black","status":"publish","type":"post","link":"https:\/\/agrund.com\/index.php\/celebridades-apostam-no-look-total-black\/","title":{"rendered":"Celebridades apostam no look total black"},"content":{"rendered":"\n<p>Por Ros\u00e2ngela Espinossi, do <a href=\"https:\/\/www.elasnotapetevermelho.com.br\/fatima-bernardes-susana-anitta-e-mais-em-preto-total-veja-erros-e-acertos\/\">Elas no Tapete Vermelho<\/a><\/p>\n\n\n\n<p>F\u00e1tima Bernardes, Susana Vieira, Anitta, Valesca Popozuda e Vera Holtz escolheram pe\u00e7as em total black para passeios no shopping, na cidade e para eventos. Confira 5 looks e inspire-se:<\/p>\n\n\n\n<div class=\"wp-block-image\"><figure class=\"aligncenter\"><img data-attachment-id=\"201299\" data-permalink=\"https:\/\/agrund.com\/index.php\/celebridades-apostam-no-look-total-black\/5-2-4\/\" data-orig-file=\"https:\/\/i0.wp.com\/agrund.com\/wp-content\/uploads\/sites\/6\/2019\/08\/5-2.jpg?fit=500%2C908&amp;ssl=1\" data-orig-size=\"500,908\" data-comments-opened=\"1\" data-image-meta=\"{&quot;aperture&quot;:&quot;0&quot;,&quot;credit&quot;:&quot;&quot;,&quot;camera&quot;:&quot;&quot;,&quot;caption&quot;:&quot;&quot;,&quot;created_timestamp&quot;:&quot;0&quot;,&quot;copyright&quot;:&quot;&quot;,&quot;focal_length&quot;:&quot;0&quot;,&quot;iso&quot;:&quot;0&quot;,&quot;shutter_speed&quot;:&quot;0&quot;,&quot;title&quot;:&quot;&quot;,&quot;orientation&quot;:&quot;1&quot;}\" data-image-title=\"5-2\" data-image-description=\"\" data-image-caption=\"\" data-medium-file=\"https:\/\/i0.wp.com\/agrund.com\/wp-content\/uploads\/sites\/6\/2019\/08\/5-2.jpg?fit=165%2C300&amp;ssl=1\" data-large-file=\"https:\/\/i0.wp.com\/agrund.com\/wp-content\/uploads\/sites\/6\/2019\/08\/5-2.jpg?fit=500%2C908&amp;ssl=1\" decoding=\"async\" loading=\"lazy\" width=\"500\" height=\"908\" src=\"https:\/\/i0.wp.com\/www.agrund.com\/wp-content\/uploads\/sites\/6\/2019\/08\/5-2.jpg?resize=500%2C908&#038;ssl=1\" alt=\"\" class=\"wp-image-201299\" srcset=\"https:\/\/i0.wp.com\/agrund.com\/wp-content\/uploads\/sites\/6\/2019\/08\/5-2.jpg?w=500&amp;ssl=1 500w, https:\/\/i0.wp.com\/agrund.com\/wp-content\/uploads\/sites\/6\/2019\/08\/5-2.jpg?resize=165%2C300&amp;ssl=1 165w\" sizes=\"(max-width: 500px) 100vw, 500px\" data-recalc-dims=\"1\" \/><figcaption>Celebridades apostam no look total black<\/figcaption><\/figure><\/div>\n\n\n\n<p><strong>F\u00e1tima Bernardes<\/strong> se vestiu toda de preto para passear no shopping e, al\u00e9m de ficar protegida do frio, mostrou senso de eleg\u00e2ncia. A cal\u00e7a com barra comprida alonga a silhueta, al\u00e9m da monocromia. Outro detalhes que ajuda neste recurso \u00e9 a corrente metalizada comprida, que cria uma linha vertical e d\u00e1 a impress\u00e3o de alongar.<\/p>\n\n\n\n<div class=\"wp-block-image\"><figure class=\"aligncenter\"><img data-attachment-id=\"201300\" data-permalink=\"https:\/\/agrund.com\/index.php\/celebridades-apostam-no-look-total-black\/2-8-2\/\" data-orig-file=\"https:\/\/i0.wp.com\/agrund.com\/wp-content\/uploads\/sites\/6\/2019\/08\/2-8.jpg?fit=500%2C755&amp;ssl=1\" data-orig-size=\"500,755\" data-comments-opened=\"1\" data-image-meta=\"{&quot;aperture&quot;:&quot;0&quot;,&quot;credit&quot;:&quot;&quot;,&quot;camera&quot;:&quot;&quot;,&quot;caption&quot;:&quot;&quot;,&quot;created_timestamp&quot;:&quot;0&quot;,&quot;copyright&quot;:&quot;&quot;,&quot;focal_length&quot;:&quot;0&quot;,&quot;iso&quot;:&quot;0&quot;,&quot;shutter_speed&quot;:&quot;0&quot;,&quot;title&quot;:&quot;&quot;,&quot;orientation&quot;:&quot;1&quot;}\" data-image-title=\"2-8\" data-image-description=\"\" data-image-caption=\"\" data-medium-file=\"https:\/\/i0.wp.com\/agrund.com\/wp-content\/uploads\/sites\/6\/2019\/08\/2-8.jpg?fit=199%2C300&amp;ssl=1\" data-large-file=\"https:\/\/i0.wp.com\/agrund.com\/wp-content\/uploads\/sites\/6\/2019\/08\/2-8.jpg?fit=500%2C755&amp;ssl=1\" decoding=\"async\" loading=\"lazy\" width=\"500\" height=\"755\" src=\"https:\/\/i0.wp.com\/www.agrund.com\/wp-content\/uploads\/sites\/6\/2019\/08\/2-8.jpg?resize=500%2C755&#038;ssl=1\" alt=\"\" class=\"wp-image-201300\" srcset=\"https:\/\/i0.wp.com\/agrund.com\/wp-content\/uploads\/sites\/6\/2019\/08\/2-8.jpg?w=500&amp;ssl=1 500w, https:\/\/i0.wp.com\/agrund.com\/wp-content\/uploads\/sites\/6\/2019\/08\/2-8.jpg?resize=199%2C300&amp;ssl=1 199w\" sizes=\"(max-width: 500px) 100vw, 500px\" data-recalc-dims=\"1\" \/><figcaption>Celebridades apostam no look total black<\/figcaption><\/figure><\/div>\n\n\n\n<p>Sabe aquele velho ditado de que eleg\u00e2ncia n\u00e3o tem idade. <strong>Susana Vieira<\/strong>, que completa nesta sexta-feira (23) 77 anos prova isso. Para passear pelo shopping em dia mais frio, a atriz tamb\u00e9m vestiu pe\u00e7as pretas, como o blazer, que usou fechado, e a cal\u00e7a de modelagem esportiva, com tachas laterais. Completou o look com bota com tr\u00eas fivelas e sola tratorada. Pe\u00e7as que cabem no corpo de garota e que ficou \u00f3tima na aniversariante do dia.<\/p>\n\n\n\n<div class=\"wp-block-image\"><figure class=\"aligncenter\"><img data-attachment-id=\"201301\" data-permalink=\"https:\/\/agrund.com\/index.php\/celebridades-apostam-no-look-total-black\/3-9-3\/\" data-orig-file=\"https:\/\/i0.wp.com\/agrund.com\/wp-content\/uploads\/sites\/6\/2019\/08\/3-9.jpg?fit=500%2C698&amp;ssl=1\" data-orig-size=\"500,698\" data-comments-opened=\"1\" data-image-meta=\"{&quot;aperture&quot;:&quot;0&quot;,&quot;credit&quot;:&quot;&quot;,&quot;camera&quot;:&quot;&quot;,&quot;caption&quot;:&quot;&quot;,&quot;created_timestamp&quot;:&quot;0&quot;,&quot;copyright&quot;:&quot;&quot;,&quot;focal_length&quot;:&quot;0&quot;,&quot;iso&quot;:&quot;0&quot;,&quot;shutter_speed&quot;:&quot;0&quot;,&quot;title&quot;:&quot;&quot;,&quot;orientation&quot;:&quot;1&quot;}\" data-image-title=\"3-9\" data-image-description=\"\" data-image-caption=\"\" data-medium-file=\"https:\/\/i0.wp.com\/agrund.com\/wp-content\/uploads\/sites\/6\/2019\/08\/3-9.jpg?fit=215%2C300&amp;ssl=1\" data-large-file=\"https:\/\/i0.wp.com\/agrund.com\/wp-content\/uploads\/sites\/6\/2019\/08\/3-9.jpg?fit=500%2C698&amp;ssl=1\" decoding=\"async\" loading=\"lazy\" width=\"500\" height=\"698\" src=\"https:\/\/i0.wp.com\/www.agrund.com\/wp-content\/uploads\/sites\/6\/2019\/08\/3-9.jpg?resize=500%2C698&#038;ssl=1\" alt=\"\" class=\"wp-image-201301\" srcset=\"https:\/\/i0.wp.com\/agrund.com\/wp-content\/uploads\/sites\/6\/2019\/08\/3-9.jpg?w=500&amp;ssl=1 500w, https:\/\/i0.wp.com\/agrund.com\/wp-content\/uploads\/sites\/6\/2019\/08\/3-9.jpg?resize=215%2C300&amp;ssl=1 215w\" sizes=\"(max-width: 500px) 100vw, 500px\" data-recalc-dims=\"1\" \/><figcaption>Celebridades apostam no look total black<\/figcaption><\/figure><\/div>\n\n\n\n<p>Durante a coletiva de imprensa do programa <em>&#8220;Anitta Entrou no Grupo&#8221;<\/em>, que estreou essa semana no Canal Multishow, a cantora apostou no macac\u00e3o preto, bem confort\u00e1vel, combinando com t\u00eanis da mesma cor e cinto de pl\u00e1stico, material tend\u00eancia do momento. O macac\u00e3o \u00e9 \u00f3timo em dias frios, porque pode fazer par com uma parka, um trench-coat, um blazer etc.<\/p>\n\n\n\n<div class=\"wp-block-image\"><figure class=\"aligncenter\"><img data-attachment-id=\"201302\" data-permalink=\"https:\/\/agrund.com\/index.php\/celebridades-apostam-no-look-total-black\/4-6-2\/\" data-orig-file=\"https:\/\/i0.wp.com\/agrund.com\/wp-content\/uploads\/sites\/6\/2019\/08\/4-6.jpg?fit=500%2C688&amp;ssl=1\" data-orig-size=\"500,688\" data-comments-opened=\"1\" data-image-meta=\"{&quot;aperture&quot;:&quot;0&quot;,&quot;credit&quot;:&quot;&quot;,&quot;camera&quot;:&quot;&quot;,&quot;caption&quot;:&quot;&quot;,&quot;created_timestamp&quot;:&quot;0&quot;,&quot;copyright&quot;:&quot;&quot;,&quot;focal_length&quot;:&quot;0&quot;,&quot;iso&quot;:&quot;0&quot;,&quot;shutter_speed&quot;:&quot;0&quot;,&quot;title&quot;:&quot;&quot;,&quot;orientation&quot;:&quot;1&quot;}\" data-image-title=\"4-6\" data-image-description=\"\" data-image-caption=\"\" data-medium-file=\"https:\/\/i0.wp.com\/agrund.com\/wp-content\/uploads\/sites\/6\/2019\/08\/4-6.jpg?fit=218%2C300&amp;ssl=1\" data-large-file=\"https:\/\/i0.wp.com\/agrund.com\/wp-content\/uploads\/sites\/6\/2019\/08\/4-6.jpg?fit=500%2C688&amp;ssl=1\" decoding=\"async\" loading=\"lazy\" width=\"500\" height=\"688\" src=\"https:\/\/i0.wp.com\/www.agrund.com\/wp-content\/uploads\/sites\/6\/2019\/08\/4-6.jpg?resize=500%2C688&#038;ssl=1\" alt=\"\" class=\"wp-image-201302\" srcset=\"https:\/\/i0.wp.com\/agrund.com\/wp-content\/uploads\/sites\/6\/2019\/08\/4-6.jpg?w=500&amp;ssl=1 500w, https:\/\/i0.wp.com\/agrund.com\/wp-content\/uploads\/sites\/6\/2019\/08\/4-6.jpg?resize=218%2C300&amp;ssl=1 218w\" sizes=\"(max-width: 500px) 100vw, 500px\" data-recalc-dims=\"1\" \/><figcaption>Celebridades apostam no look total black<\/figcaption><\/figure><\/div>\n\n\n\n<p>Se voc\u00ea tem um casaco preto, de l\u00e3, com \u00f3timo acabamento, n\u00e3o precisa de mais nada em dias frios.<strong> Vera Holtz<\/strong> provou isso com essa pe\u00e7a que tem fechamento em gola alta e chega at\u00e9 os joelhos. Completou a produ\u00e7\u00e3o com pe\u00e7as pretas, deixando o look monocrom\u00e1tico. Elegante sem esfor\u00e7o.<\/p>\n\n\n\n<div class=\"wp-block-image\"><figure class=\"aligncenter\"><img data-attachment-id=\"201303\" data-permalink=\"https:\/\/agrund.com\/index.php\/celebridades-apostam-no-look-total-black\/1-15-4\/\" data-orig-file=\"https:\/\/i0.wp.com\/agrund.com\/wp-content\/uploads\/sites\/6\/2019\/08\/1-15.jpg?fit=500%2C1078&amp;ssl=1\" data-orig-size=\"500,1078\" data-comments-opened=\"1\" data-image-meta=\"{&quot;aperture&quot;:&quot;0&quot;,&quot;credit&quot;:&quot;&quot;,&quot;camera&quot;:&quot;&quot;,&quot;caption&quot;:&quot;&quot;,&quot;created_timestamp&quot;:&quot;0&quot;,&quot;copyright&quot;:&quot;&quot;,&quot;focal_length&quot;:&quot;0&quot;,&quot;iso&quot;:&quot;0&quot;,&quot;shutter_speed&quot;:&quot;0&quot;,&quot;title&quot;:&quot;&quot;,&quot;orientation&quot;:&quot;1&quot;}\" data-image-title=\"1-15\" data-image-description=\"\" data-image-caption=\"\" data-medium-file=\"https:\/\/i0.wp.com\/agrund.com\/wp-content\/uploads\/sites\/6\/2019\/08\/1-15.jpg?fit=139%2C300&amp;ssl=1\" data-large-file=\"https:\/\/i0.wp.com\/agrund.com\/wp-content\/uploads\/sites\/6\/2019\/08\/1-15.jpg?fit=475%2C1024&amp;ssl=1\" decoding=\"async\" loading=\"lazy\" width=\"500\" height=\"1078\" src=\"https:\/\/i1.wp.com\/www.agrund.com\/wp-content\/uploads\/sites\/6\/2019\/08\/1-15.jpg?fit=475%2C1024&amp;ssl=1\" alt=\"\" class=\"wp-image-201303\" srcset=\"https:\/\/i0.wp.com\/agrund.com\/wp-content\/uploads\/sites\/6\/2019\/08\/1-15.jpg?w=500&amp;ssl=1 500w, https:\/\/i0.wp.com\/agrund.com\/wp-content\/uploads\/sites\/6\/2019\/08\/1-15.jpg?resize=139%2C300&amp;ssl=1 139w, https:\/\/i0.wp.com\/agrund.com\/wp-content\/uploads\/sites\/6\/2019\/08\/1-15.jpg?resize=475%2C1024&amp;ssl=1 475w\" sizes=\"(max-width: 500px) 100vw, 500px\" \/><figcaption>Celebridades apostam no look total black<\/figcaption><\/figure><\/div>\n\n\n\n<p>O preto quase total foi a escolha de<strong> Valesca Popozuda<\/strong> para viajar de avi\u00e3o. Com pe\u00e7as confort\u00e1veis e pr\u00e1ticas, ela apostou em blusa de gola alta, cal\u00e7a larguinha e jaqueta. A bolsa transversal Balenciaga \u00e9 pr\u00e1tica para viagens.\u00a0 A botinha com estampa em marrom \u00e9 bacaninha, mas pode achatar a silhueta.<\/p>\n\n\n\n<p><\/p>\n\n\n\n<p>Fotos: Reprodu\u00e7\u00e3o. <\/p>\n","protected":false},"excerpt":{"rendered":"<p>Por Ros\u00e2ngela Espinossi, do Elas no Tapete Vermelho F\u00e1tima Bernardes, Susana Vieira, Anitta, Valesca Popozuda e Vera Holtz escolheram pe\u00e7as em total black para passeios no shopping, na cidade e para eventos. Confira 5 looks e inspire-se: F\u00e1tima Bernardes se vestiu toda de preto para passear no shopping e, al\u00e9m de ficar protegida do frio, [&hellip;]<\/p>\n","protected":false},"author":8,"featured_media":201298,"comment_status":"open","ping_status":"open","sticky":false,"template":"","format":"standard","meta":{"jetpack_post_was_ever_published":false,"_jetpack_newsletter_access":"","jetpack_publicize_message":"","jetpack_is_tweetstorm":false,"jetpack_publicize_feature_enabled":true,"jetpack_social_post_already_shared":true,"jetpack_social_options":{"image_generator_settings":{"template":"highway","enabled":false}}},"categories":[2],"tags":[],"jetpack_publicize_connections":[],"jetpack_featured_media_url":"https:\/\/i0.wp.com\/agrund.com\/wp-content\/uploads\/sites\/6\/2019\/08\/s-110.jpg?fit=960%2C300&ssl=1","jetpack_sharing_enabled":true,"jetpack_shortlink":"https:\/\/wp.me\/p3Hz0n-QmJ","jetpack_likes_enabled":true,"_links":{"self":[{"href":"https:\/\/agrund.com\/index.php\/wp-json\/wp\/v2\/posts\/201297"}],"collection":[{"href":"https:\/\/agrund.com\/index.php\/wp-json\/wp\/v2\/posts"}],"about":[{"href":"https:\/\/agrund.com\/index.php\/wp-json\/wp\/v2\/types\/post"}],"author":[{"embeddable":true,"href":"https:\/\/agrund.com\/index.php\/wp-json\/wp\/v2\/users\/8"}],"replies":[{"embeddable":true,"href":"https:\/\/agrund.com\/index.php\/wp-json\/wp\/v2\/comments?post=201297"}],"version-history":[{"count":1,"href":"https:\/\/agrund.com\/index.php\/wp-json\/wp\/v2\/posts\/201297\/revisions"}],"predecessor-version":[{"id":201304,"href":"https:\/\/agrund.com\/index.php\/wp-json\/wp\/v2\/posts\/201297\/revisions\/201304"}],"wp:featuredmedia":[{"embeddable":true,"href":"https:\/\/agrund.com\/index.php\/wp-json\/wp\/v2\/media\/201298"}],"wp:attachment":[{"href":"https:\/\/agrund.com\/index.php\/wp-json\/wp\/v2\/media?parent=201297"}],"wp:term":[{"taxonomy":"category","embeddable":true,"href":"https:\/\/agrund.com\/index.php\/wp-json\/wp\/v2\/categories?post=201297"},{"taxonomy":"post_tag","embeddable":true,"href":"https:\/\/agrund.com\/index.php\/wp-json\/wp\/v2\/tags?post=201297"}],"curies":[{"name":"wp","href":"https:\/\/api.w.org\/{rel}","templated":true}]}}