{"id":201236,"date":"2019-08-22T17:00:48","date_gmt":"2019-08-22T20:00:48","guid":{"rendered":"http:\/\/www.agrund.com\/?p=201236"},"modified":"2019-08-22T16:45:11","modified_gmt":"2019-08-22T19:45:11","slug":"irina-shayk-e-gigi-hadid-estrelam-campanha-da-burberry","status":"publish","type":"post","link":"https:\/\/agrund.com\/index.php\/irina-shayk-e-gigi-hadid-estrelam-campanha-da-burberry\/","title":{"rendered":"Irina Shayk e Gigi Hadid estrelam campanha da Burberry"},"content":{"rendered":"\n<p>A Burberry decidiu dividir sua campanha de outono\/inverno 2019 em duas propostas distintas e convidou dois fot\u00f3grafos para dar vida a elas. <\/p>\n\n\n\n<p>Nick Knight capturou as imagens em um est\u00fadio, onde as modelos vestem looks com uma pegada streetwear e aparecem com c\u00e2meras e telas de seguran\u00e7a.<\/p>\n\n\n\n<p>\u201cIsso reflete os diferentes pontos de vista que est\u00e3o dispon\u00edveis para todos atrav\u00e9s das m\u00eddias sociais. Parece que agora toda a nossa vida \u00e9 baseada na tela, com imagens dispon\u00edveis em todas as superf\u00edcies ao nosso redor &#8211; de nossos telefones e notebooks a outdoors digitais\u201d, explicou Riccardo Tisci.<\/p>\n\n\n\n<p>J\u00e1 Danko Steiner fotografou as modelos vestindo looks de alfaiataria em uma praia.<\/p>\n\n\n\n<p>&#8220;Quer\u00edamos que nosso elenco incr\u00edvel interagisse com a ideia de se envolver com uma for\u00e7a poderosa e natural. Sempre acreditei que os mares e oceanos nos unem\u201d, disse Tisci.<\/p>\n\n\n\n<p>O casting estrelado \u00e9 formado por Irina Shayk, Gigi Hadid, Fran Summers, He Cong, Sora Choi, Freja Beha Erichsen entre outros nomes. Confira:&nbsp;<\/p>\n\n\n\n<div class=\"wp-block-image\"><figure class=\"aligncenter\"><img data-attachment-id=\"201237\" data-permalink=\"https:\/\/agrund.com\/index.php\/irina-shayk-e-gigi-hadid-estrelam-campanha-da-burberry\/agrund-burberry-fall-winter-2019-2\/\" data-orig-file=\"https:\/\/i0.wp.com\/agrund.com\/wp-content\/uploads\/sites\/6\/2019\/08\/agrund-Burberry-Fall-Winter-2019-2.jpg?fit=600%2C400&amp;ssl=1\" data-orig-size=\"600,400\" data-comments-opened=\"1\" data-image-meta=\"{&quot;aperture&quot;:&quot;0&quot;,&quot;credit&quot;:&quot;&quot;,&quot;camera&quot;:&quot;&quot;,&quot;caption&quot;:&quot;&quot;,&quot;created_timestamp&quot;:&quot;0&quot;,&quot;copyright&quot;:&quot;&quot;,&quot;focal_length&quot;:&quot;0&quot;,&quot;iso&quot;:&quot;0&quot;,&quot;shutter_speed&quot;:&quot;0&quot;,&quot;title&quot;:&quot;&quot;,&quot;orientation&quot;:&quot;1&quot;}\" data-image-title=\"agrund-Burberry-Fall-Winter-2019-2\" data-image-description=\"\" data-image-caption=\"\" data-medium-file=\"https:\/\/i0.wp.com\/agrund.com\/wp-content\/uploads\/sites\/6\/2019\/08\/agrund-Burberry-Fall-Winter-2019-2.jpg?fit=300%2C200&amp;ssl=1\" data-large-file=\"https:\/\/i0.wp.com\/agrund.com\/wp-content\/uploads\/sites\/6\/2019\/08\/agrund-Burberry-Fall-Winter-2019-2.jpg?fit=600%2C400&amp;ssl=1\" decoding=\"async\" loading=\"lazy\" width=\"600\" height=\"400\" src=\"https:\/\/i0.wp.com\/www.agrund.com\/wp-content\/uploads\/sites\/6\/2019\/08\/agrund-Burberry-Fall-Winter-2019-2.jpg?resize=600%2C400&#038;ssl=1\" alt=\"\" class=\"wp-image-201237\" srcset=\"https:\/\/i0.wp.com\/agrund.com\/wp-content\/uploads\/sites\/6\/2019\/08\/agrund-Burberry-Fall-Winter-2019-2.jpg?w=600&amp;ssl=1 600w, https:\/\/i0.wp.com\/agrund.com\/wp-content\/uploads\/sites\/6\/2019\/08\/agrund-Burberry-Fall-Winter-2019-2.jpg?resize=300%2C200&amp;ssl=1 300w\" sizes=\"(max-width: 600px) 100vw, 600px\" data-recalc-dims=\"1\" \/><figcaption>Irina Shayk e Gigi Hadid estrelam campanha da Burberry <\/figcaption><\/figure><\/div>\n\n\n\n<div class=\"wp-block-image\"><figure class=\"aligncenter\"><img data-attachment-id=\"201238\" data-permalink=\"https:\/\/agrund.com\/index.php\/irina-shayk-e-gigi-hadid-estrelam-campanha-da-burberry\/agrund-burberry-fall-winter-2019\/\" data-orig-file=\"https:\/\/i0.wp.com\/agrund.com\/wp-content\/uploads\/sites\/6\/2019\/08\/agrund-Burberry-Fall-Winter-2019.jpg?fit=600%2C400&amp;ssl=1\" data-orig-size=\"600,400\" data-comments-opened=\"1\" data-image-meta=\"{&quot;aperture&quot;:&quot;0&quot;,&quot;credit&quot;:&quot;&quot;,&quot;camera&quot;:&quot;&quot;,&quot;caption&quot;:&quot;&quot;,&quot;created_timestamp&quot;:&quot;0&quot;,&quot;copyright&quot;:&quot;&quot;,&quot;focal_length&quot;:&quot;0&quot;,&quot;iso&quot;:&quot;0&quot;,&quot;shutter_speed&quot;:&quot;0&quot;,&quot;title&quot;:&quot;&quot;,&quot;orientation&quot;:&quot;1&quot;}\" data-image-title=\"agrund-Burberry-Fall-Winter-2019\" data-image-description=\"\" data-image-caption=\"\" data-medium-file=\"https:\/\/i0.wp.com\/agrund.com\/wp-content\/uploads\/sites\/6\/2019\/08\/agrund-Burberry-Fall-Winter-2019.jpg?fit=300%2C200&amp;ssl=1\" data-large-file=\"https:\/\/i0.wp.com\/agrund.com\/wp-content\/uploads\/sites\/6\/2019\/08\/agrund-Burberry-Fall-Winter-2019.jpg?fit=600%2C400&amp;ssl=1\" decoding=\"async\" loading=\"lazy\" width=\"600\" height=\"400\" src=\"https:\/\/i0.wp.com\/www.agrund.com\/wp-content\/uploads\/sites\/6\/2019\/08\/agrund-Burberry-Fall-Winter-2019.jpg?resize=600%2C400&#038;ssl=1\" alt=\"\" class=\"wp-image-201238\" srcset=\"https:\/\/i0.wp.com\/agrund.com\/wp-content\/uploads\/sites\/6\/2019\/08\/agrund-Burberry-Fall-Winter-2019.jpg?w=600&amp;ssl=1 600w, https:\/\/i0.wp.com\/agrund.com\/wp-content\/uploads\/sites\/6\/2019\/08\/agrund-Burberry-Fall-Winter-2019.jpg?resize=300%2C200&amp;ssl=1 300w\" sizes=\"(max-width: 600px) 100vw, 600px\" data-recalc-dims=\"1\" \/><figcaption>Irina Shayk e Gigi Hadid estrelam campanha da Burberry <\/figcaption><\/figure><\/div>\n\n\n\n<div class=\"wp-block-image\"><figure class=\"aligncenter\"><img data-attachment-id=\"201239\" data-permalink=\"https:\/\/agrund.com\/index.php\/irina-shayk-e-gigi-hadid-estrelam-campanha-da-burberry\/agrund-burberry-fall-winter-2019-11\/\" data-orig-file=\"https:\/\/i0.wp.com\/agrund.com\/wp-content\/uploads\/sites\/6\/2019\/08\/agrund-Burberry-Fall-Winter-2019-11.jpg?fit=600%2C400&amp;ssl=1\" data-orig-size=\"600,400\" data-comments-opened=\"1\" data-image-meta=\"{&quot;aperture&quot;:&quot;0&quot;,&quot;credit&quot;:&quot;&quot;,&quot;camera&quot;:&quot;&quot;,&quot;caption&quot;:&quot;&quot;,&quot;created_timestamp&quot;:&quot;0&quot;,&quot;copyright&quot;:&quot;&quot;,&quot;focal_length&quot;:&quot;0&quot;,&quot;iso&quot;:&quot;0&quot;,&quot;shutter_speed&quot;:&quot;0&quot;,&quot;title&quot;:&quot;&quot;,&quot;orientation&quot;:&quot;1&quot;}\" data-image-title=\"agrund-Burberry-Fall-Winter-2019-11\" data-image-description=\"\" data-image-caption=\"\" data-medium-file=\"https:\/\/i0.wp.com\/agrund.com\/wp-content\/uploads\/sites\/6\/2019\/08\/agrund-Burberry-Fall-Winter-2019-11.jpg?fit=300%2C200&amp;ssl=1\" data-large-file=\"https:\/\/i0.wp.com\/agrund.com\/wp-content\/uploads\/sites\/6\/2019\/08\/agrund-Burberry-Fall-Winter-2019-11.jpg?fit=600%2C400&amp;ssl=1\" decoding=\"async\" loading=\"lazy\" width=\"600\" height=\"400\" src=\"https:\/\/i0.wp.com\/www.agrund.com\/wp-content\/uploads\/sites\/6\/2019\/08\/agrund-Burberry-Fall-Winter-2019-11.jpg?resize=600%2C400&#038;ssl=1\" alt=\"\" class=\"wp-image-201239\" srcset=\"https:\/\/i0.wp.com\/agrund.com\/wp-content\/uploads\/sites\/6\/2019\/08\/agrund-Burberry-Fall-Winter-2019-11.jpg?w=600&amp;ssl=1 600w, https:\/\/i0.wp.com\/agrund.com\/wp-content\/uploads\/sites\/6\/2019\/08\/agrund-Burberry-Fall-Winter-2019-11.jpg?resize=300%2C200&amp;ssl=1 300w\" sizes=\"(max-width: 600px) 100vw, 600px\" data-recalc-dims=\"1\" \/><figcaption>Irina Shayk e Gigi Hadid estrelam campanha da Burberry <\/figcaption><\/figure><\/div>\n\n\n\n<div class=\"wp-block-image\"><figure class=\"aligncenter\"><img data-attachment-id=\"201240\" data-permalink=\"https:\/\/agrund.com\/index.php\/irina-shayk-e-gigi-hadid-estrelam-campanha-da-burberry\/agrund-burberry-fall-winter-2019-9\/\" data-orig-file=\"https:\/\/i0.wp.com\/agrund.com\/wp-content\/uploads\/sites\/6\/2019\/08\/agrund-Burberry-Fall-Winter-2019-9.jpg?fit=600%2C414&amp;ssl=1\" data-orig-size=\"600,414\" data-comments-opened=\"1\" data-image-meta=\"{&quot;aperture&quot;:&quot;0&quot;,&quot;credit&quot;:&quot;&quot;,&quot;camera&quot;:&quot;&quot;,&quot;caption&quot;:&quot;&quot;,&quot;created_timestamp&quot;:&quot;0&quot;,&quot;copyright&quot;:&quot;&quot;,&quot;focal_length&quot;:&quot;0&quot;,&quot;iso&quot;:&quot;0&quot;,&quot;shutter_speed&quot;:&quot;0&quot;,&quot;title&quot;:&quot;&quot;,&quot;orientation&quot;:&quot;1&quot;}\" data-image-title=\"agrund-Burberry-Fall-Winter-2019-9\" data-image-description=\"\" data-image-caption=\"\" data-medium-file=\"https:\/\/i0.wp.com\/agrund.com\/wp-content\/uploads\/sites\/6\/2019\/08\/agrund-Burberry-Fall-Winter-2019-9.jpg?fit=300%2C207&amp;ssl=1\" data-large-file=\"https:\/\/i0.wp.com\/agrund.com\/wp-content\/uploads\/sites\/6\/2019\/08\/agrund-Burberry-Fall-Winter-2019-9.jpg?fit=600%2C414&amp;ssl=1\" decoding=\"async\" loading=\"lazy\" width=\"600\" height=\"414\" src=\"https:\/\/i0.wp.com\/www.agrund.com\/wp-content\/uploads\/sites\/6\/2019\/08\/agrund-Burberry-Fall-Winter-2019-9.jpg?resize=600%2C414&#038;ssl=1\" alt=\"\" class=\"wp-image-201240\" srcset=\"https:\/\/i0.wp.com\/agrund.com\/wp-content\/uploads\/sites\/6\/2019\/08\/agrund-Burberry-Fall-Winter-2019-9.jpg?w=600&amp;ssl=1 600w, https:\/\/i0.wp.com\/agrund.com\/wp-content\/uploads\/sites\/6\/2019\/08\/agrund-Burberry-Fall-Winter-2019-9.jpg?resize=300%2C207&amp;ssl=1 300w\" sizes=\"(max-width: 600px) 100vw, 600px\" data-recalc-dims=\"1\" \/><figcaption>Irina Shayk e Gigi Hadid estrelam campanha da Burberry <\/figcaption><\/figure><\/div>\n\n\n\n<div class=\"wp-block-image\"><figure class=\"aligncenter\"><img data-attachment-id=\"201241\" data-permalink=\"https:\/\/agrund.com\/index.php\/irina-shayk-e-gigi-hadid-estrelam-campanha-da-burberry\/agrund-burberry-fall-winter-2019-3\/\" data-orig-file=\"https:\/\/i0.wp.com\/agrund.com\/wp-content\/uploads\/sites\/6\/2019\/08\/agrund-Burberry-Fall-Winter-2019-3.jpg?fit=600%2C410&amp;ssl=1\" data-orig-size=\"600,410\" data-comments-opened=\"1\" data-image-meta=\"{&quot;aperture&quot;:&quot;0&quot;,&quot;credit&quot;:&quot;&quot;,&quot;camera&quot;:&quot;&quot;,&quot;caption&quot;:&quot;&quot;,&quot;created_timestamp&quot;:&quot;0&quot;,&quot;copyright&quot;:&quot;&quot;,&quot;focal_length&quot;:&quot;0&quot;,&quot;iso&quot;:&quot;0&quot;,&quot;shutter_speed&quot;:&quot;0&quot;,&quot;title&quot;:&quot;&quot;,&quot;orientation&quot;:&quot;1&quot;}\" data-image-title=\"agrund-Burberry-Fall-Winter-2019-3\" data-image-description=\"\" data-image-caption=\"\" data-medium-file=\"https:\/\/i0.wp.com\/agrund.com\/wp-content\/uploads\/sites\/6\/2019\/08\/agrund-Burberry-Fall-Winter-2019-3.jpg?fit=300%2C205&amp;ssl=1\" data-large-file=\"https:\/\/i0.wp.com\/agrund.com\/wp-content\/uploads\/sites\/6\/2019\/08\/agrund-Burberry-Fall-Winter-2019-3.jpg?fit=600%2C410&amp;ssl=1\" decoding=\"async\" loading=\"lazy\" width=\"600\" height=\"410\" src=\"https:\/\/i0.wp.com\/www.agrund.com\/wp-content\/uploads\/sites\/6\/2019\/08\/agrund-Burberry-Fall-Winter-2019-3.jpg?resize=600%2C410&#038;ssl=1\" alt=\"\" class=\"wp-image-201241\" srcset=\"https:\/\/i0.wp.com\/agrund.com\/wp-content\/uploads\/sites\/6\/2019\/08\/agrund-Burberry-Fall-Winter-2019-3.jpg?w=600&amp;ssl=1 600w, https:\/\/i0.wp.com\/agrund.com\/wp-content\/uploads\/sites\/6\/2019\/08\/agrund-Burberry-Fall-Winter-2019-3.jpg?resize=300%2C205&amp;ssl=1 300w\" sizes=\"(max-width: 600px) 100vw, 600px\" data-recalc-dims=\"1\" \/><figcaption>Irina Shayk e Gigi Hadid estrelam campanha da Burberry <\/figcaption><\/figure><\/div>\n\n\n\n<div class=\"wp-block-image\"><figure class=\"aligncenter\"><img data-attachment-id=\"201242\" data-permalink=\"https:\/\/agrund.com\/index.php\/irina-shayk-e-gigi-hadid-estrelam-campanha-da-burberry\/agrund-burberry-fall-winter-2019-4\/\" data-orig-file=\"https:\/\/i0.wp.com\/agrund.com\/wp-content\/uploads\/sites\/6\/2019\/08\/agrund-Burberry-Fall-Winter-2019-4.jpg?fit=600%2C373&amp;ssl=1\" data-orig-size=\"600,373\" data-comments-opened=\"1\" data-image-meta=\"{&quot;aperture&quot;:&quot;0&quot;,&quot;credit&quot;:&quot;&quot;,&quot;camera&quot;:&quot;&quot;,&quot;caption&quot;:&quot;&quot;,&quot;created_timestamp&quot;:&quot;0&quot;,&quot;copyright&quot;:&quot;&quot;,&quot;focal_length&quot;:&quot;0&quot;,&quot;iso&quot;:&quot;0&quot;,&quot;shutter_speed&quot;:&quot;0&quot;,&quot;title&quot;:&quot;&quot;,&quot;orientation&quot;:&quot;1&quot;}\" data-image-title=\"agrund-Burberry-Fall-Winter-2019-4\" data-image-description=\"\" data-image-caption=\"\" data-medium-file=\"https:\/\/i0.wp.com\/agrund.com\/wp-content\/uploads\/sites\/6\/2019\/08\/agrund-Burberry-Fall-Winter-2019-4.jpg?fit=300%2C187&amp;ssl=1\" data-large-file=\"https:\/\/i0.wp.com\/agrund.com\/wp-content\/uploads\/sites\/6\/2019\/08\/agrund-Burberry-Fall-Winter-2019-4.jpg?fit=600%2C373&amp;ssl=1\" decoding=\"async\" loading=\"lazy\" width=\"600\" height=\"373\" src=\"https:\/\/i0.wp.com\/www.agrund.com\/wp-content\/uploads\/sites\/6\/2019\/08\/agrund-Burberry-Fall-Winter-2019-4.jpg?resize=600%2C373&#038;ssl=1\" alt=\"\" class=\"wp-image-201242\" srcset=\"https:\/\/i0.wp.com\/agrund.com\/wp-content\/uploads\/sites\/6\/2019\/08\/agrund-Burberry-Fall-Winter-2019-4.jpg?w=600&amp;ssl=1 600w, https:\/\/i0.wp.com\/agrund.com\/wp-content\/uploads\/sites\/6\/2019\/08\/agrund-Burberry-Fall-Winter-2019-4.jpg?resize=300%2C187&amp;ssl=1 300w\" sizes=\"(max-width: 600px) 100vw, 600px\" data-recalc-dims=\"1\" \/><figcaption>Irina Shayk e Gigi Hadid estrelam campanha da Burberry <\/figcaption><\/figure><\/div>\n\n\n\n<div class=\"wp-block-image\"><figure class=\"aligncenter\"><img data-attachment-id=\"201243\" data-permalink=\"https:\/\/agrund.com\/index.php\/irina-shayk-e-gigi-hadid-estrelam-campanha-da-burberry\/agrund-burberry-fall-winter-2019-5\/\" data-orig-file=\"https:\/\/i0.wp.com\/agrund.com\/wp-content\/uploads\/sites\/6\/2019\/08\/agrund-Burberry-Fall-Winter-2019-5.jpg?fit=600%2C372&amp;ssl=1\" data-orig-size=\"600,372\" data-comments-opened=\"1\" data-image-meta=\"{&quot;aperture&quot;:&quot;0&quot;,&quot;credit&quot;:&quot;&quot;,&quot;camera&quot;:&quot;&quot;,&quot;caption&quot;:&quot;&quot;,&quot;created_timestamp&quot;:&quot;0&quot;,&quot;copyright&quot;:&quot;&quot;,&quot;focal_length&quot;:&quot;0&quot;,&quot;iso&quot;:&quot;0&quot;,&quot;shutter_speed&quot;:&quot;0&quot;,&quot;title&quot;:&quot;&quot;,&quot;orientation&quot;:&quot;1&quot;}\" data-image-title=\"agrund-Burberry-Fall-Winter-2019-5\" data-image-description=\"\" data-image-caption=\"\" data-medium-file=\"https:\/\/i0.wp.com\/agrund.com\/wp-content\/uploads\/sites\/6\/2019\/08\/agrund-Burberry-Fall-Winter-2019-5.jpg?fit=300%2C186&amp;ssl=1\" data-large-file=\"https:\/\/i0.wp.com\/agrund.com\/wp-content\/uploads\/sites\/6\/2019\/08\/agrund-Burberry-Fall-Winter-2019-5.jpg?fit=600%2C372&amp;ssl=1\" decoding=\"async\" loading=\"lazy\" width=\"600\" height=\"372\" src=\"https:\/\/i0.wp.com\/www.agrund.com\/wp-content\/uploads\/sites\/6\/2019\/08\/agrund-Burberry-Fall-Winter-2019-5.jpg?resize=600%2C372&#038;ssl=1\" alt=\"\" class=\"wp-image-201243\" srcset=\"https:\/\/i0.wp.com\/agrund.com\/wp-content\/uploads\/sites\/6\/2019\/08\/agrund-Burberry-Fall-Winter-2019-5.jpg?w=600&amp;ssl=1 600w, https:\/\/i0.wp.com\/agrund.com\/wp-content\/uploads\/sites\/6\/2019\/08\/agrund-Burberry-Fall-Winter-2019-5.jpg?resize=300%2C186&amp;ssl=1 300w\" sizes=\"(max-width: 600px) 100vw, 600px\" data-recalc-dims=\"1\" \/><figcaption>Irina Shayk e Gigi Hadid estrelam campanha da Burberry <\/figcaption><\/figure><\/div>\n\n\n\n<div class=\"wp-block-image\"><figure class=\"aligncenter\"><img data-attachment-id=\"201244\" data-permalink=\"https:\/\/agrund.com\/index.php\/irina-shayk-e-gigi-hadid-estrelam-campanha-da-burberry\/agrund-burberry-fall-winter-2019-6\/\" data-orig-file=\"https:\/\/i0.wp.com\/agrund.com\/wp-content\/uploads\/sites\/6\/2019\/08\/agrund-Burberry-Fall-Winter-2019-6.jpg?fit=600%2C371&amp;ssl=1\" data-orig-size=\"600,371\" data-comments-opened=\"1\" data-image-meta=\"{&quot;aperture&quot;:&quot;0&quot;,&quot;credit&quot;:&quot;&quot;,&quot;camera&quot;:&quot;&quot;,&quot;caption&quot;:&quot;&quot;,&quot;created_timestamp&quot;:&quot;0&quot;,&quot;copyright&quot;:&quot;&quot;,&quot;focal_length&quot;:&quot;0&quot;,&quot;iso&quot;:&quot;0&quot;,&quot;shutter_speed&quot;:&quot;0&quot;,&quot;title&quot;:&quot;&quot;,&quot;orientation&quot;:&quot;1&quot;}\" data-image-title=\"agrund-Burberry-Fall-Winter-2019-6\" data-image-description=\"\" data-image-caption=\"\" data-medium-file=\"https:\/\/i0.wp.com\/agrund.com\/wp-content\/uploads\/sites\/6\/2019\/08\/agrund-Burberry-Fall-Winter-2019-6.jpg?fit=300%2C186&amp;ssl=1\" data-large-file=\"https:\/\/i0.wp.com\/agrund.com\/wp-content\/uploads\/sites\/6\/2019\/08\/agrund-Burberry-Fall-Winter-2019-6.jpg?fit=600%2C371&amp;ssl=1\" decoding=\"async\" loading=\"lazy\" width=\"600\" height=\"371\" src=\"https:\/\/i0.wp.com\/www.agrund.com\/wp-content\/uploads\/sites\/6\/2019\/08\/agrund-Burberry-Fall-Winter-2019-6.jpg?resize=600%2C371&#038;ssl=1\" alt=\"\" class=\"wp-image-201244\" srcset=\"https:\/\/i0.wp.com\/agrund.com\/wp-content\/uploads\/sites\/6\/2019\/08\/agrund-Burberry-Fall-Winter-2019-6.jpg?w=600&amp;ssl=1 600w, https:\/\/i0.wp.com\/agrund.com\/wp-content\/uploads\/sites\/6\/2019\/08\/agrund-Burberry-Fall-Winter-2019-6.jpg?resize=300%2C186&amp;ssl=1 300w\" sizes=\"(max-width: 600px) 100vw, 600px\" data-recalc-dims=\"1\" \/><figcaption>Irina Shayk e Gigi Hadid estrelam campanha da Burberry <\/figcaption><\/figure><\/div>\n\n\n\n<div class=\"wp-block-image\"><figure class=\"aligncenter\"><img data-attachment-id=\"201245\" data-permalink=\"https:\/\/agrund.com\/index.php\/irina-shayk-e-gigi-hadid-estrelam-campanha-da-burberry\/agrund-burberry-fall-winter-2019-7\/\" data-orig-file=\"https:\/\/i0.wp.com\/agrund.com\/wp-content\/uploads\/sites\/6\/2019\/08\/agrund-Burberry-Fall-Winter-2019-7.jpg?fit=600%2C338&amp;ssl=1\" data-orig-size=\"600,338\" data-comments-opened=\"1\" data-image-meta=\"{&quot;aperture&quot;:&quot;0&quot;,&quot;credit&quot;:&quot;&quot;,&quot;camera&quot;:&quot;&quot;,&quot;caption&quot;:&quot;&quot;,&quot;created_timestamp&quot;:&quot;0&quot;,&quot;copyright&quot;:&quot;&quot;,&quot;focal_length&quot;:&quot;0&quot;,&quot;iso&quot;:&quot;0&quot;,&quot;shutter_speed&quot;:&quot;0&quot;,&quot;title&quot;:&quot;&quot;,&quot;orientation&quot;:&quot;1&quot;}\" data-image-title=\"agrund-Burberry-Fall-Winter-2019-7\" data-image-description=\"\" data-image-caption=\"\" data-medium-file=\"https:\/\/i0.wp.com\/agrund.com\/wp-content\/uploads\/sites\/6\/2019\/08\/agrund-Burberry-Fall-Winter-2019-7.jpg?fit=300%2C169&amp;ssl=1\" data-large-file=\"https:\/\/i0.wp.com\/agrund.com\/wp-content\/uploads\/sites\/6\/2019\/08\/agrund-Burberry-Fall-Winter-2019-7.jpg?fit=600%2C338&amp;ssl=1\" decoding=\"async\" loading=\"lazy\" width=\"600\" height=\"338\" src=\"https:\/\/i0.wp.com\/www.agrund.com\/wp-content\/uploads\/sites\/6\/2019\/08\/agrund-Burberry-Fall-Winter-2019-7.jpg?resize=600%2C338&#038;ssl=1\" alt=\"\" class=\"wp-image-201245\" srcset=\"https:\/\/i0.wp.com\/agrund.com\/wp-content\/uploads\/sites\/6\/2019\/08\/agrund-Burberry-Fall-Winter-2019-7.jpg?w=600&amp;ssl=1 600w, https:\/\/i0.wp.com\/agrund.com\/wp-content\/uploads\/sites\/6\/2019\/08\/agrund-Burberry-Fall-Winter-2019-7.jpg?resize=300%2C169&amp;ssl=1 300w\" sizes=\"(max-width: 600px) 100vw, 600px\" data-recalc-dims=\"1\" \/><figcaption>Irina Shayk e Gigi Hadid estrelam campanha da Burberry <\/figcaption><\/figure><\/div>\n\n\n\n<div class=\"wp-block-image\"><figure class=\"aligncenter\"><img data-attachment-id=\"201246\" data-permalink=\"https:\/\/agrund.com\/index.php\/irina-shayk-e-gigi-hadid-estrelam-campanha-da-burberry\/agrund-burberry-fall-winter-2019-8\/\" data-orig-file=\"https:\/\/i0.wp.com\/agrund.com\/wp-content\/uploads\/sites\/6\/2019\/08\/agrund-Burberry-Fall-Winter-2019-8.jpg?fit=600%2C600&amp;ssl=1\" data-orig-size=\"600,600\" data-comments-opened=\"1\" data-image-meta=\"{&quot;aperture&quot;:&quot;0&quot;,&quot;credit&quot;:&quot;&quot;,&quot;camera&quot;:&quot;&quot;,&quot;caption&quot;:&quot;&quot;,&quot;created_timestamp&quot;:&quot;0&quot;,&quot;copyright&quot;:&quot;&quot;,&quot;focal_length&quot;:&quot;0&quot;,&quot;iso&quot;:&quot;0&quot;,&quot;shutter_speed&quot;:&quot;0&quot;,&quot;title&quot;:&quot;&quot;,&quot;orientation&quot;:&quot;1&quot;}\" data-image-title=\"agrund-Burberry-Fall-Winter-2019-8\" data-image-description=\"\" data-image-caption=\"\" data-medium-file=\"https:\/\/i0.wp.com\/agrund.com\/wp-content\/uploads\/sites\/6\/2019\/08\/agrund-Burberry-Fall-Winter-2019-8.jpg?fit=300%2C300&amp;ssl=1\" data-large-file=\"https:\/\/i0.wp.com\/agrund.com\/wp-content\/uploads\/sites\/6\/2019\/08\/agrund-Burberry-Fall-Winter-2019-8.jpg?fit=600%2C600&amp;ssl=1\" decoding=\"async\" loading=\"lazy\" width=\"600\" height=\"600\" src=\"https:\/\/i0.wp.com\/www.agrund.com\/wp-content\/uploads\/sites\/6\/2019\/08\/agrund-Burberry-Fall-Winter-2019-8.jpg?resize=600%2C600&#038;ssl=1\" alt=\"\" class=\"wp-image-201246\" srcset=\"https:\/\/i0.wp.com\/agrund.com\/wp-content\/uploads\/sites\/6\/2019\/08\/agrund-Burberry-Fall-Winter-2019-8.jpg?w=600&amp;ssl=1 600w, https:\/\/i0.wp.com\/agrund.com\/wp-content\/uploads\/sites\/6\/2019\/08\/agrund-Burberry-Fall-Winter-2019-8.jpg?resize=150%2C150&amp;ssl=1 150w, https:\/\/i0.wp.com\/agrund.com\/wp-content\/uploads\/sites\/6\/2019\/08\/agrund-Burberry-Fall-Winter-2019-8.jpg?resize=300%2C300&amp;ssl=1 300w\" sizes=\"(max-width: 600px) 100vw, 600px\" data-recalc-dims=\"1\" \/><figcaption>Irina Shayk e Gigi Hadid estrelam campanha da Burberry <\/figcaption><\/figure><\/div>\n\n\n\n<p>Fotos: Reprodu\u00e7\u00e3o\/ Burberry. <\/p>\n","protected":false},"excerpt":{"rendered":"<p>A Burberry decidiu dividir sua campanha de outono\/inverno 2019 em duas propostas distintas e convidou dois fot\u00f3grafos para dar vida a elas. Nick Knight capturou as imagens em um est\u00fadio, onde as modelos vestem looks com uma pegada streetwear e aparecem com c\u00e2meras e telas de seguran\u00e7a. \u201cIsso reflete os diferentes pontos de vista que [&hellip;]<\/p>\n","protected":false},"author":8,"featured_media":201247,"comment_status":"open","ping_status":"open","sticky":false,"template":"","format":"standard","meta":{"jetpack_post_was_ever_published":false,"_jetpack_newsletter_access":"","jetpack_publicize_message":"","jetpack_is_tweetstorm":false,"jetpack_publicize_feature_enabled":true,"jetpack_social_post_already_shared":true,"jetpack_social_options":{"image_generator_settings":{"template":"highway","enabled":false}}},"categories":[2],"tags":[395,375,38,390,347,689,640,67],"jetpack_publicize_connections":[],"jetpack_featured_media_url":"https:\/\/i0.wp.com\/agrund.com\/wp-content\/uploads\/sites\/6\/2019\/08\/s-101.jpg?fit=960%2C300&ssl=1","jetpack_sharing_enabled":true,"jetpack_shortlink":"https:\/\/wp.me\/p3Hz0n-QlK","jetpack_likes_enabled":true,"_links":{"self":[{"href":"https:\/\/agrund.com\/index.php\/wp-json\/wp\/v2\/posts\/201236"}],"collection":[{"href":"https:\/\/agrund.com\/index.php\/wp-json\/wp\/v2\/posts"}],"about":[{"href":"https:\/\/agrund.com\/index.php\/wp-json\/wp\/v2\/types\/post"}],"author":[{"embeddable":true,"href":"https:\/\/agrund.com\/index.php\/wp-json\/wp\/v2\/users\/8"}],"replies":[{"embeddable":true,"href":"https:\/\/agrund.com\/index.php\/wp-json\/wp\/v2\/comments?post=201236"}],"version-history":[{"count":1,"href":"https:\/\/agrund.com\/index.php\/wp-json\/wp\/v2\/posts\/201236\/revisions"}],"predecessor-version":[{"id":201248,"href":"https:\/\/agrund.com\/index.php\/wp-json\/wp\/v2\/posts\/201236\/revisions\/201248"}],"wp:featuredmedia":[{"embeddable":true,"href":"https:\/\/agrund.com\/index.php\/wp-json\/wp\/v2\/media\/201247"}],"wp:attachment":[{"href":"https:\/\/agrund.com\/index.php\/wp-json\/wp\/v2\/media?parent=201236"}],"wp:term":[{"taxonomy":"category","embeddable":true,"href":"https:\/\/agrund.com\/index.php\/wp-json\/wp\/v2\/categories?post=201236"},{"taxonomy":"post_tag","embeddable":true,"href":"https:\/\/agrund.com\/index.php\/wp-json\/wp\/v2\/tags?post=201236"}],"curies":[{"name":"wp","href":"https:\/\/api.w.org\/{rel}","templated":true}]}}