{"id":201180,"date":"2019-08-21T14:00:48","date_gmt":"2019-08-21T17:00:48","guid":{"rendered":"http:\/\/www.agrund.com\/?p=201180"},"modified":"2019-08-21T13:42:36","modified_gmt":"2019-08-21T16:42:36","slug":"look-do-dia-tie-dye","status":"publish","type":"post","link":"https:\/\/agrund.com\/index.php\/look-do-dia-tie-dye\/","title":{"rendered":"Look do Dia :: Tie-Dye"},"content":{"rendered":"\n<p>O tie-dye ou tie and dye \u00e9 uma t\u00e9cnica muito antiga de tingimento. Surgiu l\u00e1 pelos s\u00e9culos VI a VIII e teve seu auge na d\u00e9cada de 70 com a onda hippie. Agora nos anos 2020 ele volta com tudo. Amarrar e tingir \u00e9 o que significa a express\u00e3o mas existem outros processos para voc\u00ea chegar nesse efeito. Nesse moletom uniu-se o artesanal com o industrial. Quem curtiu?<\/p>\n\n\n\n<p>Moletom \u00c0LG<\/p>\n\n\n\n<p>Cal\u00e7a Alexandre Herchcovitch<\/p>\n\n\n\n<p>T\u00eanis Sacai<\/p>\n\n\n\n<div class=\"wp-block-image\"><figure class=\"aligncenter\"><img data-attachment-id=\"201181\" data-permalink=\"https:\/\/agrund.com\/index.php\/look-do-dia-tie-dye\/agrund-look-arlindo-grund-4\/\" data-orig-file=\"https:\/\/i0.wp.com\/agrund.com\/wp-content\/uploads\/sites\/6\/2019\/08\/agrund-look-arlindo-grund-4.jpg?fit=550%2C690&amp;ssl=1\" data-orig-size=\"550,690\" data-comments-opened=\"1\" data-image-meta=\"{&quot;aperture&quot;:&quot;0&quot;,&quot;credit&quot;:&quot;&quot;,&quot;camera&quot;:&quot;&quot;,&quot;caption&quot;:&quot;&quot;,&quot;created_timestamp&quot;:&quot;0&quot;,&quot;copyright&quot;:&quot;&quot;,&quot;focal_length&quot;:&quot;0&quot;,&quot;iso&quot;:&quot;0&quot;,&quot;shutter_speed&quot;:&quot;0&quot;,&quot;title&quot;:&quot;&quot;,&quot;orientation&quot;:&quot;1&quot;}\" data-image-title=\"agrund-look-arlindo-grund-4\" data-image-description=\"\" data-image-caption=\"\" data-medium-file=\"https:\/\/i0.wp.com\/agrund.com\/wp-content\/uploads\/sites\/6\/2019\/08\/agrund-look-arlindo-grund-4.jpg?fit=239%2C300&amp;ssl=1\" data-large-file=\"https:\/\/i0.wp.com\/agrund.com\/wp-content\/uploads\/sites\/6\/2019\/08\/agrund-look-arlindo-grund-4.jpg?fit=550%2C690&amp;ssl=1\" decoding=\"async\" loading=\"lazy\" width=\"550\" height=\"690\" src=\"https:\/\/i0.wp.com\/www.agrund.com\/wp-content\/uploads\/sites\/6\/2019\/08\/agrund-look-arlindo-grund-4.jpg?resize=550%2C690&#038;ssl=1\" alt=\"\" class=\"wp-image-201181\" srcset=\"https:\/\/i0.wp.com\/agrund.com\/wp-content\/uploads\/sites\/6\/2019\/08\/agrund-look-arlindo-grund-4.jpg?w=550&amp;ssl=1 550w, https:\/\/i0.wp.com\/agrund.com\/wp-content\/uploads\/sites\/6\/2019\/08\/agrund-look-arlindo-grund-4.jpg?resize=239%2C300&amp;ssl=1 239w\" sizes=\"(max-width: 550px) 100vw, 550px\" data-recalc-dims=\"1\" \/><figcaption>Look do Dia :: Tie-Dye<\/figcaption><\/figure><\/div>\n\n\n\n<p>Foto: Agrund.com<\/p>\n","protected":false},"excerpt":{"rendered":"<p>O tie-dye ou tie and dye \u00e9 uma t\u00e9cnica muito antiga de tingimento. Surgiu l\u00e1 pelos s\u00e9culos VI a VIII e teve seu auge na d\u00e9cada de 70 com a onda hippie. Agora nos anos 2020 ele volta com tudo. Amarrar e tingir \u00e9 o que significa a express\u00e3o mas existem outros processos para voc\u00ea [&hellip;]<\/p>\n","protected":false},"author":8,"featured_media":201182,"comment_status":"open","ping_status":"open","sticky":false,"template":"","format":"standard","meta":{"jetpack_post_was_ever_published":false,"_jetpack_newsletter_access":"","jetpack_publicize_message":"","jetpack_is_tweetstorm":false,"jetpack_publicize_feature_enabled":true,"jetpack_social_post_already_shared":true,"jetpack_social_options":{"image_generator_settings":{"template":"highway","enabled":false}}},"categories":[346,7,2],"tags":[395,375,423,347,72,380,382,67,148,424],"jetpack_publicize_connections":[],"jetpack_featured_media_url":"https:\/\/i0.wp.com\/agrund.com\/wp-content\/uploads\/sites\/6\/2019\/08\/s-95.jpg?fit=960%2C300&ssl=1","jetpack_sharing_enabled":true,"jetpack_shortlink":"https:\/\/wp.me\/p3Hz0n-QkQ","jetpack_likes_enabled":true,"_links":{"self":[{"href":"https:\/\/agrund.com\/index.php\/wp-json\/wp\/v2\/posts\/201180"}],"collection":[{"href":"https:\/\/agrund.com\/index.php\/wp-json\/wp\/v2\/posts"}],"about":[{"href":"https:\/\/agrund.com\/index.php\/wp-json\/wp\/v2\/types\/post"}],"author":[{"embeddable":true,"href":"https:\/\/agrund.com\/index.php\/wp-json\/wp\/v2\/users\/8"}],"replies":[{"embeddable":true,"href":"https:\/\/agrund.com\/index.php\/wp-json\/wp\/v2\/comments?post=201180"}],"version-history":[{"count":1,"href":"https:\/\/agrund.com\/index.php\/wp-json\/wp\/v2\/posts\/201180\/revisions"}],"predecessor-version":[{"id":201183,"href":"https:\/\/agrund.com\/index.php\/wp-json\/wp\/v2\/posts\/201180\/revisions\/201183"}],"wp:featuredmedia":[{"embeddable":true,"href":"https:\/\/agrund.com\/index.php\/wp-json\/wp\/v2\/media\/201182"}],"wp:attachment":[{"href":"https:\/\/agrund.com\/index.php\/wp-json\/wp\/v2\/media?parent=201180"}],"wp:term":[{"taxonomy":"category","embeddable":true,"href":"https:\/\/agrund.com\/index.php\/wp-json\/wp\/v2\/categories?post=201180"},{"taxonomy":"post_tag","embeddable":true,"href":"https:\/\/agrund.com\/index.php\/wp-json\/wp\/v2\/tags?post=201180"}],"curies":[{"name":"wp","href":"https:\/\/api.w.org\/{rel}","templated":true}]}}