{"id":201173,"date":"2019-08-21T13:00:36","date_gmt":"2019-08-21T16:00:36","guid":{"rendered":"http:\/\/www.agrund.com\/?p=201173"},"modified":"2019-08-21T11:19:23","modified_gmt":"2019-08-21T14:19:23","slug":"celine-lanca-colecao-de-perfumes","status":"publish","type":"post","link":"https:\/\/agrund.com\/index.php\/celine-lanca-colecao-de-perfumes\/","title":{"rendered":"Celine lan\u00e7a cole\u00e7\u00e3o de perfumes"},"content":{"rendered":"\n<p>Para a alegria de quem ama perfumes, a Celine acaba de anunciar o lan\u00e7amento de uma cole\u00e7\u00e3o de fragr\u00e2ncias.\u00a0Chamada Celine Haute Parfumerie, a linha contar\u00e1 com 11 perfumes unissex para o dia e a noite, inspirados na vida Parisiense. Chique ou n\u00e3o? <\/p>\n\n\n\n<p>At\u00e9 mesmo o design dos frascos de vidro evidencia a perfumaria tradicional francesa, com o trabalho artesanal dos sopradores de vidro.<\/p>\n\n\n\n<p>Apesar de n\u00e3o ter divulgado nenhuma informa\u00e7\u00e3o sobre os aromas, a grife compartilhou os nomes de cada um dos perfumes, s\u00e3o eles: Parade, Saint-Germain-Des-Pr\u00e9s, Dans Paris, Cologne Fran\u00e7aise, Bois Dormant, La Peau Nue, Rimbaud, Eau De Californie, Reptile, Black Tie e Nightclubbing.\u00a0<\/p>\n\n\n\n<p>Todos os perfumes ser\u00e3o vendidos com exclusividade no e-commerce e nas loas f\u00edsicas da Celine a partir do m\u00eas de outubro.\u00a0<\/p>\n\n\n\n<div class=\"wp-block-image\"><figure class=\"aligncenter\"><img data-attachment-id=\"201174\" data-permalink=\"https:\/\/agrund.com\/index.php\/celine-lanca-colecao-de-perfumes\/agrund-celine-fragrance\/\" data-orig-file=\"https:\/\/i0.wp.com\/agrund.com\/wp-content\/uploads\/sites\/6\/2019\/08\/agrund-celine-fragrance.jpg?fit=550%2C687&amp;ssl=1\" data-orig-size=\"550,687\" data-comments-opened=\"1\" data-image-meta=\"{&quot;aperture&quot;:&quot;0&quot;,&quot;credit&quot;:&quot;&quot;,&quot;camera&quot;:&quot;&quot;,&quot;caption&quot;:&quot;&quot;,&quot;created_timestamp&quot;:&quot;0&quot;,&quot;copyright&quot;:&quot;&quot;,&quot;focal_length&quot;:&quot;0&quot;,&quot;iso&quot;:&quot;0&quot;,&quot;shutter_speed&quot;:&quot;0&quot;,&quot;title&quot;:&quot;&quot;,&quot;orientation&quot;:&quot;1&quot;}\" data-image-title=\"agrund-celine-fragrance\" data-image-description=\"\" data-image-caption=\"\" data-medium-file=\"https:\/\/i0.wp.com\/agrund.com\/wp-content\/uploads\/sites\/6\/2019\/08\/agrund-celine-fragrance.jpg?fit=240%2C300&amp;ssl=1\" data-large-file=\"https:\/\/i0.wp.com\/agrund.com\/wp-content\/uploads\/sites\/6\/2019\/08\/agrund-celine-fragrance.jpg?fit=550%2C687&amp;ssl=1\" decoding=\"async\" loading=\"lazy\" width=\"550\" height=\"687\" src=\"https:\/\/i0.wp.com\/www.agrund.com\/wp-content\/uploads\/sites\/6\/2019\/08\/agrund-celine-fragrance.jpg?resize=550%2C687&#038;ssl=1\" alt=\"\" class=\"wp-image-201174\" srcset=\"https:\/\/i0.wp.com\/agrund.com\/wp-content\/uploads\/sites\/6\/2019\/08\/agrund-celine-fragrance.jpg?w=550&amp;ssl=1 550w, https:\/\/i0.wp.com\/agrund.com\/wp-content\/uploads\/sites\/6\/2019\/08\/agrund-celine-fragrance.jpg?resize=240%2C300&amp;ssl=1 240w\" sizes=\"(max-width: 550px) 100vw, 550px\" data-recalc-dims=\"1\" \/><figcaption>Celine lan\u00e7a cole\u00e7\u00e3o de perfumes <\/figcaption><\/figure><\/div>\n\n\n\n<div class=\"wp-block-image\"><figure class=\"aligncenter\"><img data-attachment-id=\"201175\" data-permalink=\"https:\/\/agrund.com\/index.php\/celine-lanca-colecao-de-perfumes\/agrund-celine-fragrance-2\/\" data-orig-file=\"https:\/\/i0.wp.com\/agrund.com\/wp-content\/uploads\/sites\/6\/2019\/08\/agrund-celine-fragrance-2.jpg?fit=550%2C687&amp;ssl=1\" data-orig-size=\"550,687\" data-comments-opened=\"1\" data-image-meta=\"{&quot;aperture&quot;:&quot;0&quot;,&quot;credit&quot;:&quot;&quot;,&quot;camera&quot;:&quot;&quot;,&quot;caption&quot;:&quot;&quot;,&quot;created_timestamp&quot;:&quot;0&quot;,&quot;copyright&quot;:&quot;&quot;,&quot;focal_length&quot;:&quot;0&quot;,&quot;iso&quot;:&quot;0&quot;,&quot;shutter_speed&quot;:&quot;0&quot;,&quot;title&quot;:&quot;&quot;,&quot;orientation&quot;:&quot;1&quot;}\" data-image-title=\"agrund-celine-fragrance-2\" data-image-description=\"\" data-image-caption=\"\" data-medium-file=\"https:\/\/i0.wp.com\/agrund.com\/wp-content\/uploads\/sites\/6\/2019\/08\/agrund-celine-fragrance-2.jpg?fit=240%2C300&amp;ssl=1\" data-large-file=\"https:\/\/i0.wp.com\/agrund.com\/wp-content\/uploads\/sites\/6\/2019\/08\/agrund-celine-fragrance-2.jpg?fit=550%2C687&amp;ssl=1\" decoding=\"async\" loading=\"lazy\" width=\"550\" height=\"687\" src=\"https:\/\/i0.wp.com\/www.agrund.com\/wp-content\/uploads\/sites\/6\/2019\/08\/agrund-celine-fragrance-2.jpg?resize=550%2C687&#038;ssl=1\" alt=\"\" class=\"wp-image-201175\" srcset=\"https:\/\/i0.wp.com\/agrund.com\/wp-content\/uploads\/sites\/6\/2019\/08\/agrund-celine-fragrance-2.jpg?w=550&amp;ssl=1 550w, https:\/\/i0.wp.com\/agrund.com\/wp-content\/uploads\/sites\/6\/2019\/08\/agrund-celine-fragrance-2.jpg?resize=240%2C300&amp;ssl=1 240w\" sizes=\"(max-width: 550px) 100vw, 550px\" data-recalc-dims=\"1\" \/><figcaption>Celine lan\u00e7a cole\u00e7\u00e3o de perfumes <\/figcaption><\/figure><\/div>\n\n\n\n<div class=\"wp-block-image\"><figure class=\"aligncenter\"><img data-attachment-id=\"201176\" data-permalink=\"https:\/\/agrund.com\/index.php\/celine-lanca-colecao-de-perfumes\/agrund-celine-fragrance-4\/\" data-orig-file=\"https:\/\/i0.wp.com\/agrund.com\/wp-content\/uploads\/sites\/6\/2019\/08\/agrund-celine-fragrance-4.jpg?fit=550%2C689&amp;ssl=1\" data-orig-size=\"550,689\" data-comments-opened=\"1\" data-image-meta=\"{&quot;aperture&quot;:&quot;0&quot;,&quot;credit&quot;:&quot;&quot;,&quot;camera&quot;:&quot;&quot;,&quot;caption&quot;:&quot;&quot;,&quot;created_timestamp&quot;:&quot;0&quot;,&quot;copyright&quot;:&quot;&quot;,&quot;focal_length&quot;:&quot;0&quot;,&quot;iso&quot;:&quot;0&quot;,&quot;shutter_speed&quot;:&quot;0&quot;,&quot;title&quot;:&quot;&quot;,&quot;orientation&quot;:&quot;1&quot;}\" data-image-title=\"agrund-celine-fragrance-4\" data-image-description=\"\" data-image-caption=\"\" data-medium-file=\"https:\/\/i0.wp.com\/agrund.com\/wp-content\/uploads\/sites\/6\/2019\/08\/agrund-celine-fragrance-4.jpg?fit=239%2C300&amp;ssl=1\" data-large-file=\"https:\/\/i0.wp.com\/agrund.com\/wp-content\/uploads\/sites\/6\/2019\/08\/agrund-celine-fragrance-4.jpg?fit=550%2C689&amp;ssl=1\" decoding=\"async\" loading=\"lazy\" width=\"550\" height=\"689\" src=\"https:\/\/i0.wp.com\/www.agrund.com\/wp-content\/uploads\/sites\/6\/2019\/08\/agrund-celine-fragrance-4.jpg?resize=550%2C689&#038;ssl=1\" alt=\"\" class=\"wp-image-201176\" srcset=\"https:\/\/i0.wp.com\/agrund.com\/wp-content\/uploads\/sites\/6\/2019\/08\/agrund-celine-fragrance-4.jpg?w=550&amp;ssl=1 550w, https:\/\/i0.wp.com\/agrund.com\/wp-content\/uploads\/sites\/6\/2019\/08\/agrund-celine-fragrance-4.jpg?resize=239%2C300&amp;ssl=1 239w\" sizes=\"(max-width: 550px) 100vw, 550px\" data-recalc-dims=\"1\" \/><figcaption>Celine lan\u00e7a cole\u00e7\u00e3o de perfumes <\/figcaption><\/figure><\/div>\n\n\n\n<div class=\"wp-block-image\"><figure class=\"aligncenter\"><img data-attachment-id=\"201177\" data-permalink=\"https:\/\/agrund.com\/index.php\/celine-lanca-colecao-de-perfumes\/agrund-celine-fragrance-3\/\" data-orig-file=\"https:\/\/i0.wp.com\/agrund.com\/wp-content\/uploads\/sites\/6\/2019\/08\/agrund-celine-fragrance-3.jpg?fit=550%2C688&amp;ssl=1\" data-orig-size=\"550,688\" data-comments-opened=\"1\" data-image-meta=\"{&quot;aperture&quot;:&quot;0&quot;,&quot;credit&quot;:&quot;&quot;,&quot;camera&quot;:&quot;&quot;,&quot;caption&quot;:&quot;&quot;,&quot;created_timestamp&quot;:&quot;0&quot;,&quot;copyright&quot;:&quot;&quot;,&quot;focal_length&quot;:&quot;0&quot;,&quot;iso&quot;:&quot;0&quot;,&quot;shutter_speed&quot;:&quot;0&quot;,&quot;title&quot;:&quot;&quot;,&quot;orientation&quot;:&quot;1&quot;}\" data-image-title=\"agrund-celine-fragrance-3\" data-image-description=\"\" data-image-caption=\"\" data-medium-file=\"https:\/\/i0.wp.com\/agrund.com\/wp-content\/uploads\/sites\/6\/2019\/08\/agrund-celine-fragrance-3.jpg?fit=240%2C300&amp;ssl=1\" data-large-file=\"https:\/\/i0.wp.com\/agrund.com\/wp-content\/uploads\/sites\/6\/2019\/08\/agrund-celine-fragrance-3.jpg?fit=550%2C688&amp;ssl=1\" decoding=\"async\" loading=\"lazy\" width=\"550\" height=\"688\" src=\"https:\/\/i0.wp.com\/www.agrund.com\/wp-content\/uploads\/sites\/6\/2019\/08\/agrund-celine-fragrance-3.jpg?resize=550%2C688&#038;ssl=1\" alt=\"\" class=\"wp-image-201177\" srcset=\"https:\/\/i0.wp.com\/agrund.com\/wp-content\/uploads\/sites\/6\/2019\/08\/agrund-celine-fragrance-3.jpg?w=550&amp;ssl=1 550w, https:\/\/i0.wp.com\/agrund.com\/wp-content\/uploads\/sites\/6\/2019\/08\/agrund-celine-fragrance-3.jpg?resize=240%2C300&amp;ssl=1 240w\" sizes=\"(max-width: 550px) 100vw, 550px\" data-recalc-dims=\"1\" \/><figcaption>Celine lan\u00e7a cole\u00e7\u00e3o de perfumes <\/figcaption><\/figure><\/div>\n\n\n\n<p>Fotos: Reprodu\u00e7\u00e3o\/ Celine. <\/p>\n","protected":false},"excerpt":{"rendered":"<p>Para a alegria de quem ama perfumes, a Celine acaba de anunciar o lan\u00e7amento de uma cole\u00e7\u00e3o de fragr\u00e2ncias.\u00a0Chamada Celine Haute Parfumerie, a linha contar\u00e1 com 11 perfumes unissex para o dia e a noite, inspirados na vida Parisiense. Chique ou n\u00e3o? At\u00e9 mesmo o design dos frascos de vidro evidencia a perfumaria tradicional francesa, [&hellip;]<\/p>\n","protected":false},"author":8,"featured_media":201178,"comment_status":"open","ping_status":"open","sticky":false,"template":"","format":"standard","meta":{"jetpack_post_was_ever_published":false,"_jetpack_newsletter_access":"","jetpack_publicize_message":"","jetpack_is_tweetstorm":false,"jetpack_publicize_feature_enabled":true,"jetpack_social_post_already_shared":true,"jetpack_social_options":{"image_generator_settings":{"template":"highway","enabled":false}}},"categories":[2],"tags":[395,375,390,107,347,359,713,67,332],"jetpack_publicize_connections":[],"jetpack_featured_media_url":"https:\/\/i0.wp.com\/agrund.com\/wp-content\/uploads\/sites\/6\/2019\/08\/s-94.jpg?fit=960%2C300&ssl=1","jetpack_sharing_enabled":true,"jetpack_shortlink":"https:\/\/wp.me\/p3Hz0n-QkJ","jetpack_likes_enabled":true,"_links":{"self":[{"href":"https:\/\/agrund.com\/index.php\/wp-json\/wp\/v2\/posts\/201173"}],"collection":[{"href":"https:\/\/agrund.com\/index.php\/wp-json\/wp\/v2\/posts"}],"about":[{"href":"https:\/\/agrund.com\/index.php\/wp-json\/wp\/v2\/types\/post"}],"author":[{"embeddable":true,"href":"https:\/\/agrund.com\/index.php\/wp-json\/wp\/v2\/users\/8"}],"replies":[{"embeddable":true,"href":"https:\/\/agrund.com\/index.php\/wp-json\/wp\/v2\/comments?post=201173"}],"version-history":[{"count":1,"href":"https:\/\/agrund.com\/index.php\/wp-json\/wp\/v2\/posts\/201173\/revisions"}],"predecessor-version":[{"id":201179,"href":"https:\/\/agrund.com\/index.php\/wp-json\/wp\/v2\/posts\/201173\/revisions\/201179"}],"wp:featuredmedia":[{"embeddable":true,"href":"https:\/\/agrund.com\/index.php\/wp-json\/wp\/v2\/media\/201178"}],"wp:attachment":[{"href":"https:\/\/agrund.com\/index.php\/wp-json\/wp\/v2\/media?parent=201173"}],"wp:term":[{"taxonomy":"category","embeddable":true,"href":"https:\/\/agrund.com\/index.php\/wp-json\/wp\/v2\/categories?post=201173"},{"taxonomy":"post_tag","embeddable":true,"href":"https:\/\/agrund.com\/index.php\/wp-json\/wp\/v2\/tags?post=201173"}],"curies":[{"name":"wp","href":"https:\/\/api.w.org\/{rel}","templated":true}]}}