{"id":20117,"date":"2011-12-05T09:35:23","date_gmt":"2011-12-05T11:35:23","guid":{"rendered":"http:\/\/www.agrund.com\/blogs\/notas\/?p=20117"},"modified":"2011-12-05T09:35:23","modified_gmt":"2011-12-05T11:35:23","slug":"o-novo-rosto-de-dolce-gabanna","status":"publish","type":"post","link":"https:\/\/agrund.com\/index.php\/o-novo-rosto-de-dolce-gabanna\/","title":{"rendered":"O novo rosto de Dolce &amp; Gabanna"},"content":{"rendered":"<p>Atualmente no mercado publicit\u00e1rio quando se fala em campanhas da dupla Dolce&amp;Gabbana, o rosto de Scarlett Johansson \u00e9 a primeira imagem que vem na cabe\u00e7a! Pelo menos at\u00e9 o momento. A loira vai ganhar uma parceira ano que vem nas campanhas. Sabe quem? Felicity Jones.<\/p>\n<p><img decoding=\"async\" loading=\"lazy\" class=\"aligncenter size-full wp-image-20118\" src=\"\/wp-content\/uploads\/2011\/11\/Felicity-Jones-3.jpg\" alt=\"\" width=\"300\" height=\"383\" \/><\/p>\n<p>Imagem: Reprodu\u00e7\u00e3o<\/p>\n","protected":false},"excerpt":{"rendered":"<p>Atualmente no mercado publicit\u00e1rio quando se fala em campanhas da dupla Dolce&amp;Gabbana, o rosto de Scarlett Johansson \u00e9 a primeira imagem que vem na cabe\u00e7a! Pelo menos at\u00e9 o momento. A loira vai ganhar uma parceira ano que vem nas campanhas. Sabe quem? Felicity Jones. Imagem: Reprodu\u00e7\u00e3o<\/p>\n","protected":false},"author":8,"featured_media":20118,"comment_status":"open","ping_status":"open","sticky":false,"template":"","format":"standard","meta":{"jetpack_post_was_ever_published":false,"_jetpack_newsletter_access":"","jetpack_publicize_message":"","jetpack_is_tweetstorm":false,"jetpack_publicize_feature_enabled":true,"jetpack_social_post_already_shared":false,"jetpack_social_options":{"image_generator_settings":{"template":"highway","enabled":false}}},"categories":[2],"tags":[],"jetpack_publicize_connections":[],"jetpack_featured_media_url":"","jetpack_sharing_enabled":true,"jetpack_shortlink":"https:\/\/wp.me\/p3Hz0n-5et","jetpack_likes_enabled":true,"_links":{"self":[{"href":"https:\/\/agrund.com\/index.php\/wp-json\/wp\/v2\/posts\/20117"}],"collection":[{"href":"https:\/\/agrund.com\/index.php\/wp-json\/wp\/v2\/posts"}],"about":[{"href":"https:\/\/agrund.com\/index.php\/wp-json\/wp\/v2\/types\/post"}],"author":[{"embeddable":true,"href":"https:\/\/agrund.com\/index.php\/wp-json\/wp\/v2\/users\/8"}],"replies":[{"embeddable":true,"href":"https:\/\/agrund.com\/index.php\/wp-json\/wp\/v2\/comments?post=20117"}],"version-history":[{"count":0,"href":"https:\/\/agrund.com\/index.php\/wp-json\/wp\/v2\/posts\/20117\/revisions"}],"wp:featuredmedia":[{"embeddable":true,"href":"https:\/\/agrund.com\/index.php\/wp-json\/"}],"wp:attachment":[{"href":"https:\/\/agrund.com\/index.php\/wp-json\/wp\/v2\/media?parent=20117"}],"wp:term":[{"taxonomy":"category","embeddable":true,"href":"https:\/\/agrund.com\/index.php\/wp-json\/wp\/v2\/categories?post=20117"},{"taxonomy":"post_tag","embeddable":true,"href":"https:\/\/agrund.com\/index.php\/wp-json\/wp\/v2\/tags?post=20117"}],"curies":[{"name":"wp","href":"https:\/\/api.w.org\/{rel}","templated":true}]}}